{"id":3299,"date":"2016-05-06T11:41:23","date_gmt":"2016-05-06T11:41:23","guid":{"rendered":"http:\/\/bibliotekamoscisko.pl\/?p=3299"},"modified":"2016-05-06T11:58:46","modified_gmt":"2016-05-06T11:58:46","slug":"3299-2","status":"publish","type":"post","link":"https:\/\/bibliotekamoscisko.pl\/?p=3299","title":{"rendered":"Dzie\u0144 Flagi Rzeczpospolitej Polskiej"},"content":{"rendered":"<p><em>Poloneza czas zacz\u0105\u0107. &#8211; Podkomorzy rusza\u00a0<a href=\"http:\/\/bibliotekamoscisko.pl\/wp-content\/uploads\/2016\/05\/tort.jpg\" rel=\"attachment wp-att-3312\"><img fetchpriority=\"high\" decoding=\"async\" class=\"alignright wp-image-3312 size-medium\" src=\"http:\/\/bibliotekamoscisko.pl\/wp-content\/uploads\/2016\/05\/tort-300x199.jpg\" alt=\"tort\" width=\"300\" height=\"199\" srcset=\"https:\/\/bibliotekamoscisko.pl\/wp-content\/uploads\/2016\/05\/tort-300x199.jpg 300w, https:\/\/bibliotekamoscisko.pl\/wp-content\/uploads\/2016\/05\/tort-2x1.jpg 2w, https:\/\/bibliotekamoscisko.pl\/wp-content\/uploads\/2016\/05\/tort.jpg 362w\" sizes=\"(max-width: 300px) 100vw, 300px\" \/><\/a><\/em><\/p>\n<p><em>I z lekka zarzuciwszy wyloty kontusza,\u00a0<\/em><\/p>\n<p><em>I w\u0105sa podkr\u0119caj\u0105c, poda\u0142 r\u0119k\u0119 Zosi,<\/em><\/p>\n<p><em>I sk\u0142oniwszy si\u0119 grzecznie, w pierwsz\u0105 par\u0119 prosi.\u00a0<\/em><\/p>\n<p><em>Za Podkomorzym szereg w pary si\u0119 gromadzi;<\/em><\/p>\n<p><em>Dano has\u0142o, zacz\u0119to taniec &#8211; on prowadzi.<\/em><\/p>\n<p><em>(&#8230;) Brzmi\u0105 zewsz\u0105d okrzyki:\u00a0<\/em><\/p>\n<p><em>&#8222;Ach, to mo\u017ce ostatni! patrzcie, patrzcie, m\u0142odzi,\u00a0<\/em><\/p>\n<p><em>Mo\u017ce ostatni, co tak poloneza wodzi!&#8221;<\/em><\/p>\n<p><em>\u00a0 \u00a0 \u00a0 \u00a0 \u00a0 \u00a0 \u00a0 \u00a0 \u00a0 \u00a0 \u00a0 \u00a0 \u00a0 \u00a0 \u00a0 \u00a0 \u00a0 \u00a0 \u00a0 \u00a0 \u00a0 \u00a0 \u00a0 \u00a0 \u00a0 \u00a0 \u00a0 \u00a0 \u00a0 \u00a0 \u00a0 \u00a0 \u00a0 \u00a0 \u00a0\u00a0<\/em><em>\/ Adam Mickiewicz Pan Tadeusz &#8211; Ksi\u0119ga XII \/<\/em><\/p>\n<p>Wyposa\u017ceni we flagi, kwiaty, wianki, szaliki, kokardki, wst\u0105\u017cki, i kapelusze w barwach narodowych spotykali\u015bmy si\u0119 o godzinie 12:00 przed Wiejskim O\u015brodkiem Kultury w Ostroszowicach gdzie uroczy\u015bcie rozpocz\u0119li\u015bmy obchody Dnia Flagi Rzeczypospolitej Polskiej.<\/p>\n<p>Wszyscy zostali \u00a0przywitani przez So\u0142tysa Ostroszowic &#8211; Pana Krzysztofa Krupiarza oraz Pani\u0105 Agnieszk\u0119 G\u0119bsk\u0105 \u2013 przedstawicielk\u0119 Saloniku Kobiet Ambitnych. Zabrzmia\u0142 hymn, kt\u00f3rym rozpocz\u0119to obchody Dnia Flagi. Sceneria nietypowa &#8211; poczet sztandarowy Ochotniczej Stra\u017cy Po\u017carnej w Ostroszowicach i dziesi\u0105tki motocyklist\u00f3w i motocyklistek z zaprzyja\u017anionego Stowarzyszenia Motocyklowego Stru\u015b Bikers z Wa\u0142brzycha i Stowarzyszenia SGM Strzelin oraz motocykli\u015bci z okolicznych miejscowo\u015bci. Po przem\u00f3wieniach Ch\u00f3r Ludowy MACIEJE z Ostroszowic pod przewodnictwem Wojciecha Klausa za\u015bpiewa\u0142 utwory o tematyce patriotycznej. Na zako\u0144czenie cz\u0119\u015bci oficjalnej \u00a0zaproszono uczestnik\u00f3w do poloneza, kt\u00f3rego brawurowo poprowadzi\u0142 w\u00f3jt Gminy Dzier\u017coni\u00f3w Marek Chmielewski w towarzystwie Ireny Hanus z ch\u00f3ru Macieje, So\u0142tys Ostroszowic Krzysztof Krupiarz w towarzystwie Natalii Hiler z Saloniku oraz mieszka\u0144c\u00f3w My\u015bliszowa &#8211; Agnieszk\u0119 i Zbyszka S\u0142ugockich. W polonezie nie zabrak\u0142o Pani wice w\u00f3jt Jolanty Zarzeki i Pani skarbnik Agnieszki Hull, kt\u00f3re do ta\u0144ca porwali Motocykli\u015bci ze Stowarzyszenia Stru\u015b Bikers. Dostojny taniec brawurowo wykonany przez uczestnik\u00f3w \u00a0zachwyci\u0142 kunsztem i rozmachem \ud83d\ude42<\/p>\n<p>Po oficjalnych uroczysto\u015bciach, uczestnicy zostali zaproszeni na Narodowy Tort, kt\u00f3ry pi\u0119knie si\u0119 prezentowa\u0142 i znakomicie smakowa\u0142. Dzi\u0119kujemy Pani Bo\u017cenie i Arkadiuszowi Zaj\u0105c za wspania\u0142y wygl\u0105d i niezapomniany smak bia\u0142o-czerwonego tortu.<\/p>\n<p>Zmagania sportowe to dalszy ci\u0105g obchod\u00f3w Dnia Flagi. Mecze w unihokeja zosta\u0142y rozegrane mi\u0119dzy dru\u017cynami: So\u0142ectwo Ostroszowice oraz Spart\u0105, a go\u015b\u0107mi ze Stowarzyszenia Stru\u015b Bikers .<\/p>\n<p>T\u0119 niezwyk\u0142\u0105 w swoim kszta\u0142cie integracj\u0119 zdominowa\u0142a dobra zabawa, \u017cyczliwe u\u015bmiechy, zadyszka posportowa, tudzie\u017c wspania\u0142a atmosfera, jak i odrobina ruchu na \u015bwie\u017cym powietrzu, przemieszczaj\u0105cych si\u0119 widz\u00f3w i obserwator\u00f3w. Wszystko to towarzyszy\u0142o naszym graczom podczas mecz\u00f3w, Dopingowani zawodnicy dawali z siebie wszystko.\u00a0Cheerleaderki wype\u0142nia\u0142y czas miedzy meczami, a kibice z werw\u0105 dopingowali zawodnik\u00f3w okrzykami: Do boju! Zwyci\u0119stwo czeka nas! Nasi g\u00f3r\u0105!<\/p>\n<p>Po rozegranych meczach i wr\u0119czeniu nagr\u00f3d oraz pucharu, jedno\u015bladowy korow\u00f3d koni mechanicznych \u00a0w eskorcie stra\u017cak\u00f3w z OSP Ostroszowice i Pana Zbyszka S\u0142ugockiego, tr\u0105bi\u0105c i zach\u0119caj\u0105c mieszka\u0144c\u00f3w do wywieszenia flag na swoich domach, posesjach, blokach przejecha\u0142 tras\u0105: Ostroszowice, J\u00f3zef\u00f3wek, Jod\u0142ownik, Kietlice, Owiesno i My\u015blisz\u00f3w. W trakcie przejazdu mieszka\u0144com wr\u0119czane by\u0142y flagi narodowe.<\/p>\n<p>Po uroczystej paradzie wszyscy spotkali\u015bmy \u00a0si\u0119 na pikniku na Wyspie Koni w klimacie KOCHAM CI\u0118 POLSKO. Tu zabaw\u0119 uatrakcyjni\u0142 i poprowadzi\u0142 Rodzinny Zesp\u00f3\u0142 \u201eNovaki\u201d z Ostroszowic. Konkursom i zabawie nie by\u0142o ko\u0144ca. Wieczorem, zm\u0119czeni, ale i zadowoleni go\u015bcie z Wa\u0142brzycha i Strzelina ,przy ognisku dzielili si\u0119 wra\u017ceniami i d\u0142ugo nie mogli zapomnie\u0107 o emocjach, jakie wzbudzi\u0142y w nich obchody przygotowane przez lokaln\u0105 spo\u0142eczno\u015b\u0107. Atmosfer\u0119 wieczornego ogniska przed\u0142u\u017cy\u0142 przepi\u0119kny s\u0142oneczny trzeciomajowy brzask.<\/p>\n<p>W tym roku zaproszenie przyj\u0119\u0142o r\u00f3wnie\u017c Stowarzyszenie Motocyklowe Stru\u015b Bikers oraz Stowarzyszeniem SGM Strzelin. Wydarzenie nie mia\u0142oby takiego rozmachu, gdyby nie pomoc Urz\u0119du Gminy Dzier\u017coni\u00f3w, przedstawicieli Rady So\u0142eckiej z Ostroszowic, stra\u017cak\u00f3w OSP Ostroszowice, Pani Dyrektor Zespo\u0142u Szkolno &#8211; Przedszkolnego z Ostroszowic, Biblioteki w Ostroszowicach, ch\u00f3ru ludowego MACIEJE, w\u0142a\u015bcicieli Wyspy Koni Ostroszowice &#8211; Pa\u0144stwa Piotra i Ma\u0142gorzaty Zabuskich, Pani Ewy \u017buchowskiej &#8211; Tobo\u0142y Prezesa Stowarzyszenia Przyjaci\u00f3\u0142 G\u00f3r Sowich w Ostroszowicach, proboszcza parafii \u015bw. Jadwigi w Ostroszowicach ks. Micha\u0142a Jaremko, so\u0142tys\u00f3w My\u015bliszowa, Owiesna i Jod\u0142ownika wraz z Radami So\u0142eckimi tych wsi \u00a0i wielu, wielu sponsor\u00f3w kt\u00f3rym BARDZO dzi\u0119kujemy za wsparcie.<\/p>\n<p>II Gminne obchody og\u00f3lnopolskiego Dnia Flagi Rzeczypospolitej Polskiej pod nazw\u0105 \u201eW samo po\u0142udnie\u201d ma na celu pobudzenie aktywno\u015bci w\u015br\u00f3d mieszka\u0144c\u00f3w spo\u0142eczno\u015bci lokalnej, podtrzymywanie i upowszechnianie tradycji narodowych oraz zach\u0119cenie do uzewn\u0119trzniania patriotycznych uczu\u0107 i zachowa\u0144. Ponadto to wspania\u0142y spos\u00f3b na pokazanie spo\u0142eczno\u015bci lokalnej jak wa\u017cne jest podejmowanie wsp\u00f3lnych dzia\u0142a\u0144. To wspania\u0142e \u015bwi\u0119to da\u0142o ogromna satysfakcj\u0119. Pokaza\u0142o otwarto\u015b\u0107 na uczestniczenie i celebrowanie \u015bwi\u0105t o charakterze narodowym.<\/p>\n<p>Gminne obchody Dnia Flagi to pi\u0119kna i warto\u015bciowa tradycja i my\u015bl\u0119, \u017ce spe\u0142nia oczekiwania coraz wi\u0119kszej ilo\u015bci mieszka\u0144c\u00f3w.<\/p>\n<div id='gallery-1' class='gallery galleryid-3299 gallery-columns-3 gallery-size-thumbnail'><figure class='gallery-item'>\n\t\t\t<div class='gallery-icon landscape'>\n\t\t\t\t<a href='https:\/\/bibliotekamoscisko.pl\/?attachment_id=3308'><img decoding=\"async\" width=\"134\" height=\"101\" src=\"https:\/\/bibliotekamoscisko.pl\/wp-content\/uploads\/2016\/05\/ollll.jpeg\" class=\"attachment-thumbnail size-thumbnail\" alt=\"\" srcset=\"https:\/\/bibliotekamoscisko.pl\/wp-content\/uploads\/2016\/05\/ollll.jpeg 134w, https:\/\/bibliotekamoscisko.pl\/wp-content\/uploads\/2016\/05\/ollll-1x1.jpeg 1w\" sizes=\"(max-width: 134px) 100vw, 134px\" \/><\/a>\n\t\t\t<\/div><\/figure><figure class='gallery-item'>\n\t\t\t<div class='gallery-icon landscape'>\n\t\t\t\t<a href='https:\/\/bibliotekamoscisko.pl\/?attachment_id=3300'><img decoding=\"async\" width=\"150\" height=\"150\" src=\"https:\/\/bibliotekamoscisko.pl\/wp-content\/uploads\/2016\/05\/DSC_1485-150x150.jpeg\" class=\"attachment-thumbnail size-thumbnail\" alt=\"\" srcset=\"https:\/\/bibliotekamoscisko.pl\/wp-content\/uploads\/2016\/05\/DSC_1485-150x150.jpeg 150w, https:\/\/bibliotekamoscisko.pl\/wp-content\/uploads\/2016\/05\/DSC_1485-2x1.jpeg 2w\" sizes=\"(max-width: 150px) 100vw, 150px\" \/><\/a>\n\t\t\t<\/div><\/figure><figure class='gallery-item'>\n\t\t\t<div class='gallery-icon landscape'>\n\t\t\t\t<a href='https:\/\/bibliotekamoscisko.pl\/?attachment_id=3301'><img loading=\"lazy\" decoding=\"async\" width=\"150\" height=\"150\" src=\"https:\/\/bibliotekamoscisko.pl\/wp-content\/uploads\/2016\/05\/DSC_1486-150x150.jpeg\" class=\"attachment-thumbnail size-thumbnail\" alt=\"\" srcset=\"https:\/\/bibliotekamoscisko.pl\/wp-content\/uploads\/2016\/05\/DSC_1486-150x150.jpeg 150w, https:\/\/bibliotekamoscisko.pl\/wp-content\/uploads\/2016\/05\/DSC_1486-2x1.jpeg 2w\" sizes=\"(max-width: 150px) 100vw, 150px\" \/><\/a>\n\t\t\t<\/div><\/figure><figure class='gallery-item'>\n\t\t\t<div class='gallery-icon landscape'>\n\t\t\t\t<a href='https:\/\/bibliotekamoscisko.pl\/?attachment_id=3302'><img loading=\"lazy\" decoding=\"async\" width=\"150\" height=\"150\" src=\"https:\/\/bibliotekamoscisko.pl\/wp-content\/uploads\/2016\/05\/DSC_1504-150x150.jpeg\" class=\"attachment-thumbnail size-thumbnail\" alt=\"\" srcset=\"https:\/\/bibliotekamoscisko.pl\/wp-content\/uploads\/2016\/05\/DSC_1504-150x150.jpeg 150w, https:\/\/bibliotekamoscisko.pl\/wp-content\/uploads\/2016\/05\/DSC_1504-2x1.jpeg 2w\" sizes=\"(max-width: 150px) 100vw, 150px\" \/><\/a>\n\t\t\t<\/div><\/figure><figure class='gallery-item'>\n\t\t\t<div class='gallery-icon landscape'>\n\t\t\t\t<a href='https:\/\/bibliotekamoscisko.pl\/?attachment_id=3304'><img loading=\"lazy\" decoding=\"async\" width=\"150\" height=\"150\" src=\"https:\/\/bibliotekamoscisko.pl\/wp-content\/uploads\/2016\/05\/DSC_1549-150x150.jpeg\" class=\"attachment-thumbnail size-thumbnail\" alt=\"\" srcset=\"https:\/\/bibliotekamoscisko.pl\/wp-content\/uploads\/2016\/05\/DSC_1549-150x150.jpeg 150w, https:\/\/bibliotekamoscisko.pl\/wp-content\/uploads\/2016\/05\/DSC_1549-2x1.jpeg 2w\" sizes=\"(max-width: 150px) 100vw, 150px\" \/><\/a>\n\t\t\t<\/div><\/figure><figure class='gallery-item'>\n\t\t\t<div class='gallery-icon landscape'>\n\t\t\t\t<a href='https:\/\/bibliotekamoscisko.pl\/?attachment_id=3305'><img loading=\"lazy\" decoding=\"async\" width=\"150\" height=\"150\" src=\"https:\/\/bibliotekamoscisko.pl\/wp-content\/uploads\/2016\/05\/DSC_1569-150x150.jpeg\" class=\"attachment-thumbnail size-thumbnail\" alt=\"\" srcset=\"https:\/\/bibliotekamoscisko.pl\/wp-content\/uploads\/2016\/05\/DSC_1569-150x150.jpeg 150w, https:\/\/bibliotekamoscisko.pl\/wp-content\/uploads\/2016\/05\/DSC_1569-2x1.jpeg 2w\" sizes=\"(max-width: 150px) 100vw, 150px\" \/><\/a>\n\t\t\t<\/div><\/figure><figure class='gallery-item'>\n\t\t\t<div class='gallery-icon landscape'>\n\t\t\t\t<a href='https:\/\/bibliotekamoscisko.pl\/?attachment_id=3306'><img loading=\"lazy\" decoding=\"async\" width=\"150\" height=\"150\" src=\"https:\/\/bibliotekamoscisko.pl\/wp-content\/uploads\/2016\/05\/DSC_1586-150x150.jpeg\" class=\"attachment-thumbnail size-thumbnail\" alt=\"\" srcset=\"https:\/\/bibliotekamoscisko.pl\/wp-content\/uploads\/2016\/05\/DSC_1586-150x150.jpeg 150w, https:\/\/bibliotekamoscisko.pl\/wp-content\/uploads\/2016\/05\/DSC_1586-2x1.jpeg 2w\" sizes=\"(max-width: 150px) 100vw, 150px\" \/><\/a>\n\t\t\t<\/div><\/figure><figure class='gallery-item'>\n\t\t\t<div class='gallery-icon landscape'>\n\t\t\t\t<a href='https:\/\/bibliotekamoscisko.pl\/?attachment_id=3307'><img loading=\"lazy\" decoding=\"async\" width=\"134\" height=\"101\" src=\"https:\/\/bibliotekamoscisko.pl\/wp-content\/uploads\/2016\/05\/oll.jpeg\" class=\"attachment-thumbnail size-thumbnail\" alt=\"\" srcset=\"https:\/\/bibliotekamoscisko.pl\/wp-content\/uploads\/2016\/05\/oll.jpeg 134w, https:\/\/bibliotekamoscisko.pl\/wp-content\/uploads\/2016\/05\/oll-1x1.jpeg 1w\" sizes=\"(max-width: 134px) 100vw, 134px\" \/><\/a>\n\t\t\t<\/div><\/figure>\n\t\t<\/div>\n\n<p>Salonik Kobiet Ambitnych<\/p>\n<p>&nbsp;<\/p>\n<p>Zdj\u0119cia: Magdalena Kosid\u0142o<\/p>\n<p>Maria Kirkiewicz<\/p>\n<p>&nbsp;<\/p>\n","protected":false},"excerpt":{"rendered":"<p>Poloneza czas zacz\u0105\u0107. &#8211; Podkomorzy rusza\u00a0 I z lekka zarzuciwszy wyloty kontusza,\u00a0 I w\u0105sa podkr\u0119caj\u0105c, poda\u0142 r\u0119k\u0119 Zosi, I sk\u0142oniwszy si\u0119 grzecznie, w pierwsz\u0105 par\u0119 prosi.\u00a0 Za Podkomorzym szereg w [&hellip;]<\/p>\n","protected":false},"author":1,"featured_media":0,"comment_status":"closed","ping_status":"open","sticky":false,"template":"","format":"standard","meta":{"ngg_post_thumbnail":0,"footnotes":""},"categories":[1],"tags":[],"class_list":["post-3299","post","type-post","status-publish","format-standard","hentry","category-uncategorized"],"_links":{"self":[{"href":"https:\/\/bibliotekamoscisko.pl\/index.php?rest_route=\/wp\/v2\/posts\/3299","targetHints":{"allow":["GET"]}}],"collection":[{"href":"https:\/\/bibliotekamoscisko.pl\/index.php?rest_route=\/wp\/v2\/posts"}],"about":[{"href":"https:\/\/bibliotekamoscisko.pl\/index.php?rest_route=\/wp\/v2\/types\/post"}],"author":[{"embeddable":true,"href":"https:\/\/bibliotekamoscisko.pl\/index.php?rest_route=\/wp\/v2\/users\/1"}],"replies":[{"embeddable":true,"href":"https:\/\/bibliotekamoscisko.pl\/index.php?rest_route=%2Fwp%2Fv2%2Fcomments&post=3299"}],"version-history":[{"count":4,"href":"https:\/\/bibliotekamoscisko.pl\/index.php?rest_route=\/wp\/v2\/posts\/3299\/revisions"}],"predecessor-version":[{"id":3313,"href":"https:\/\/bibliotekamoscisko.pl\/index.php?rest_route=\/wp\/v2\/posts\/3299\/revisions\/3313"}],"wp:attachment":[{"href":"https:\/\/bibliotekamoscisko.pl\/index.php?rest_route=%2Fwp%2Fv2%2Fmedia&parent=3299"}],"wp:term":[{"taxonomy":"category","embeddable":true,"href":"https:\/\/bibliotekamoscisko.pl\/index.php?rest_route=%2Fwp%2Fv2%2Fcategories&post=3299"},{"taxonomy":"post_tag","embeddable":true,"href":"https:\/\/bibliotekamoscisko.pl\/index.php?rest_route=%2Fwp%2Fv2%2Ftags&post=3299"}],"curies":[{"name":"wp","href":"https:\/\/api.w.org\/{rel}","templated":true}]}}