{"id":3346,"date":"2016-05-11T07:23:30","date_gmt":"2016-05-11T07:23:30","guid":{"rendered":"http:\/\/bibliotekamoscisko.pl\/?p=3346"},"modified":"2016-05-11T07:23:30","modified_gmt":"2016-05-11T07:23:30","slug":"149-lat-temu-urodzil-sie-nasz-patron","status":"publish","type":"post","link":"https:\/\/bibliotekamoscisko.pl\/?p=3346","title":{"rendered":"149 lat temu urodzi\u0142 si\u0119 nasz Patron"},"content":{"rendered":"<p>6 maja uczniowie ze Szko\u0142y Podstawowej im. K. Makuszy\u0144skiego w Pi\u0142awie Dolnej odwiedzili bibliotek\u0119 i wzi\u0119li udzia\u0142 w<a href=\"http:\/\/bibliotekamoscisko.pl\/wp-content\/uploads\/2016\/05\/IMG_3270.jpeg\" rel=\"attachment wp-att-3351\"><img decoding=\"async\" class=\"alignright size-thumbnail wp-image-3351\" src=\"http:\/\/bibliotekamoscisko.pl\/wp-content\/uploads\/2016\/05\/IMG_3270-150x150.jpeg\" alt=\"IMG_3270\" width=\"150\" height=\"150\" srcset=\"https:\/\/bibliotekamoscisko.pl\/wp-content\/uploads\/2016\/05\/IMG_3270-150x150.jpeg 150w, https:\/\/bibliotekamoscisko.pl\/wp-content\/uploads\/2016\/05\/IMG_3270-1x1.jpeg 1w\" sizes=\"(max-width: 150px) 100vw, 150px\" \/><\/a> literackim spotkaniu z okazji 149 rocznicy urodzin noblisty Stanis\u0142awa Rejmenta (ur.7.05.1867), kt\u00f3rego znamy pod literackim pseudonimem \u2013 W\u0142adys\u0142aw, Stanis\u0142aw Reymont.\u00a0Ciekawa osobowo\u015b\u0107, mistrz pi\u00f3ra i znakomity obserwator \u017cycia codziennego wsi i miasta. To tw\u00f3rca, kt\u00f3ry jest godny uwagi nam \u017cyj\u0105cym wsp\u00f3\u0142cze\u015bnie.\u00a0Literack\u0105 Nagrod\u0119 Nobla, laureat otrzyma\u0142 13 listopada 1924 r.<\/p>\n<p><em>\u201eWok\u00f3\u0142 za\u015b, jak jeno dojrze\u0107, sta\u0142y sinym wiankiem lasy i rozlewa\u0142y si\u0119 pola nieprzejrzane, le\u017ca\u0142y wsie dalekie, wsie kieby te szare liszki przywarte do ziemi, a w sady pochowane; drogi kr\u0119to powyci\u0105gane, kamionki, rz\u0119dy drzew przechylonych, piaszczyste wydmy, z rzadka poros\u0142e ja\u0142owcami i w\u0105ska prz\u0119dza rzeczki, ciek\u0105cej po\u0142yskliwie i wlewaj\u0105cej si\u0119 do stawu, mi\u0119dzy cha\u0142upami.\u201d<\/em><\/p>\n<p>Fragment z powie\u015bci \u201eCh\u0142opi\u201d t.3 \u201eWiosna\u201d<\/p>\n<p>Go\u015bcili\u015bmy na naszym spotkaniu pani\u0105 Iwon\u0119 Chor\u0105\u017cyczewsk\u0105 \u2013 polonistk\u0119, kt\u00f3ra pi\u0119knie interpretowa\u0142a opisy przyrody, uchwycone przez Reymonta.\u00a0Uczniowie postanowili zadedykowa\u0107 dyplomy uznania dla pisarza. A o to wybrane przez dzieci i wyr\u00f3\u017cnione teksty:<\/p>\n<p><em>Podzi\u0119kowanie<\/em><\/p>\n<p><em>Dla W\u0142adys\u0142awa Reymonta za docenienie roli ch\u0142opa, oraz ci\u0119\u017ck\u0105 prac\u0119.<\/em><\/p>\n<p><em>Dzi\u0119kujemy za mistrzostwo pi\u00f3ra.<\/em><\/p>\n<p>Aleksandra Kozobucka, uczennica klasy V w Pi\u0142awie Dolnej<\/p>\n<p>&nbsp;<\/p>\n<p><em>Dyplom dla W\u0142adys\u0142awa Reymonta za wspania\u0142e opisy w swych cudownych ksi\u0105\u017ckach. Dzi\u0119kujemy za pomys\u0142y i s\u0142owa.<\/em><\/p>\n<p>Edyta Pindera, uczennica klasy V w Pi\u0142awie Dolnej<\/p>\n<div id='gallery-1' class='gallery galleryid-3346 gallery-columns-3 gallery-size-thumbnail'><figure class='gallery-item'>\n\t\t\t<div class='gallery-icon portrait'>\n\t\t\t\t<a href='https:\/\/bibliotekamoscisko.pl\/?attachment_id=3350'><img decoding=\"async\" width=\"150\" height=\"150\" src=\"https:\/\/bibliotekamoscisko.pl\/wp-content\/uploads\/2016\/05\/IMG_3277-150x150.jpeg\" class=\"attachment-thumbnail size-thumbnail\" alt=\"\" srcset=\"https:\/\/bibliotekamoscisko.pl\/wp-content\/uploads\/2016\/05\/IMG_3277-150x150.jpeg 150w, https:\/\/bibliotekamoscisko.pl\/wp-content\/uploads\/2016\/05\/IMG_3277-1x1.jpeg 1w\" sizes=\"(max-width: 150px) 100vw, 150px\" \/><\/a>\n\t\t\t<\/div><\/figure><figure class='gallery-item'>\n\t\t\t<div class='gallery-icon landscape'>\n\t\t\t\t<a href='https:\/\/bibliotekamoscisko.pl\/?attachment_id=3349'><img decoding=\"async\" width=\"150\" height=\"150\" src=\"https:\/\/bibliotekamoscisko.pl\/wp-content\/uploads\/2016\/05\/IMG_3282-150x150.jpeg\" class=\"attachment-thumbnail size-thumbnail\" alt=\"\" srcset=\"https:\/\/bibliotekamoscisko.pl\/wp-content\/uploads\/2016\/05\/IMG_3282-150x150.jpeg 150w, https:\/\/bibliotekamoscisko.pl\/wp-content\/uploads\/2016\/05\/IMG_3282-1x1.jpeg 1w\" sizes=\"(max-width: 150px) 100vw, 150px\" \/><\/a>\n\t\t\t<\/div><\/figure><figure class='gallery-item'>\n\t\t\t<div class='gallery-icon landscape'>\n\t\t\t\t<a href='https:\/\/bibliotekamoscisko.pl\/?attachment_id=3348'><img loading=\"lazy\" decoding=\"async\" width=\"150\" height=\"150\" src=\"https:\/\/bibliotekamoscisko.pl\/wp-content\/uploads\/2016\/05\/IMG_3276-150x150.jpeg\" class=\"attachment-thumbnail size-thumbnail\" alt=\"\" srcset=\"https:\/\/bibliotekamoscisko.pl\/wp-content\/uploads\/2016\/05\/IMG_3276-150x150.jpeg 150w, https:\/\/bibliotekamoscisko.pl\/wp-content\/uploads\/2016\/05\/IMG_3276-1x1.jpeg 1w\" sizes=\"(max-width: 150px) 100vw, 150px\" \/><\/a>\n\t\t\t<\/div><\/figure><figure class='gallery-item'>\n\t\t\t<div class='gallery-icon landscape'>\n\t\t\t\t<a href='https:\/\/bibliotekamoscisko.pl\/?attachment_id=3347'><img loading=\"lazy\" decoding=\"async\" width=\"150\" height=\"150\" src=\"https:\/\/bibliotekamoscisko.pl\/wp-content\/uploads\/2016\/05\/IMG_3274-150x150.jpeg\" class=\"attachment-thumbnail size-thumbnail\" alt=\"\" srcset=\"https:\/\/bibliotekamoscisko.pl\/wp-content\/uploads\/2016\/05\/IMG_3274-150x150.jpeg 150w, https:\/\/bibliotekamoscisko.pl\/wp-content\/uploads\/2016\/05\/IMG_3274-1x1.jpeg 1w\" sizes=\"(max-width: 150px) 100vw, 150px\" \/><\/a>\n\t\t\t<\/div><\/figure>\n\t\t<\/div>\n\n<p>&nbsp;<\/p>\n<p>Dzi\u0119kuj\u0119 za mi\u0142e spotkanie.<\/p>\n<p>Wanda Kun<\/p>\n","protected":false},"excerpt":{"rendered":"<p>6 maja uczniowie ze Szko\u0142y Podstawowej im. K. Makuszy\u0144skiego w Pi\u0142awie Dolnej odwiedzili bibliotek\u0119 i wzi\u0119li udzia\u0142 w literackim spotkaniu z okazji 149 rocznicy urodzin noblisty Stanis\u0142awa Rejmenta (ur.7.05.1867), kt\u00f3rego [&hellip;]<\/p>\n","protected":false},"author":1,"featured_media":0,"comment_status":"closed","ping_status":"open","sticky":false,"template":"","format":"standard","meta":{"ngg_post_thumbnail":0,"footnotes":""},"categories":[1],"tags":[],"class_list":["post-3346","post","type-post","status-publish","format-standard","hentry","category-uncategorized"],"_links":{"self":[{"href":"https:\/\/bibliotekamoscisko.pl\/index.php?rest_route=\/wp\/v2\/posts\/3346","targetHints":{"allow":["GET"]}}],"collection":[{"href":"https:\/\/bibliotekamoscisko.pl\/index.php?rest_route=\/wp\/v2\/posts"}],"about":[{"href":"https:\/\/bibliotekamoscisko.pl\/index.php?rest_route=\/wp\/v2\/types\/post"}],"author":[{"embeddable":true,"href":"https:\/\/bibliotekamoscisko.pl\/index.php?rest_route=\/wp\/v2\/users\/1"}],"replies":[{"embeddable":true,"href":"https:\/\/bibliotekamoscisko.pl\/index.php?rest_route=%2Fwp%2Fv2%2Fcomments&post=3346"}],"version-history":[{"count":1,"href":"https:\/\/bibliotekamoscisko.pl\/index.php?rest_route=\/wp\/v2\/posts\/3346\/revisions"}],"predecessor-version":[{"id":3352,"href":"https:\/\/bibliotekamoscisko.pl\/index.php?rest_route=\/wp\/v2\/posts\/3346\/revisions\/3352"}],"wp:attachment":[{"href":"https:\/\/bibliotekamoscisko.pl\/index.php?rest_route=%2Fwp%2Fv2%2Fmedia&parent=3346"}],"wp:term":[{"taxonomy":"category","embeddable":true,"href":"https:\/\/bibliotekamoscisko.pl\/index.php?rest_route=%2Fwp%2Fv2%2Fcategories&post=3346"},{"taxonomy":"post_tag","embeddable":true,"href":"https:\/\/bibliotekamoscisko.pl\/index.php?rest_route=%2Fwp%2Fv2%2Ftags&post=3346"}],"curies":[{"name":"wp","href":"https:\/\/api.w.org\/{rel}","templated":true}]}}