{"id":3408,"date":"2016-05-18T07:14:09","date_gmt":"2016-05-18T07:14:09","guid":{"rendered":"http:\/\/bibliotekamoscisko.pl\/?p=3408"},"modified":"2016-05-18T07:14:09","modified_gmt":"2016-05-18T07:14:09","slug":"w-naszym-powiecie-najpiekniej-na-swiecie","status":"publish","type":"post","link":"https:\/\/bibliotekamoscisko.pl\/?p=3408","title":{"rendered":"W naszym Powiecie \u2013 najpi\u0119kniej na \u015bwiecie"},"content":{"rendered":"<p>Pod tak\u0105 nazw\u0105\u00a0 Stowarzyszenie Przyjaci\u00f3\u0142 Pojany, realizowa\u0142o zadanie publiczne, dotowane\u00a0 z bud\u017cetu Powiatu Dzier\u017coniowskiego. U podn\u00f3\u017ca Tatr, w promieniach s\u0142onecznych, przy skoczni narciarskiej Koziniec w Czarnej G\u00f3rze G\u00f3rale Czadeccy zaprezentowali nie tylko sw\u00f3j folklor, swoje stroje, obyczaje i tradycje. Degustacja potraw regionalnych: mici z mu\u017cdejem, chleba ze szmalcem i og\u00f3rkiem kiszonym, strudla z makiem, mama\u0142ygi ze skwarkami, sa\u0142atki poja\u0144skiej, ciast \u201eKr\u00f3lewskiego\u201d i \u201eCwibaka\u201d, bab dro\u017cd\u017cowych z rodzynkami oraz przer\u00f3\u017cnych nalewek przyci\u0105ga\u0142a uczestnik\u00f3w Festynu Rodzinnego \u201eU zbiegu kultur \u2013 LINDADA 2016\u201d. Z wielkim zainteresowaniem s\u0142uchali o atrakcjach turystycznych i kulturalnych Powiatu Dzier\u017coniowskiego, a przygotowane w ramach zadania ulotki, promuj\u0105ce wspania\u0142e zabytki i wydarzenia lokalne, rozesz\u0142y si\u0119 jak \u015bwie\u017ce bu\u0142eczki w\u015br\u00f3d spo\u0142eczno\u015bci Gminy Bukowiny Tatrza\u0144skiej i przyby\u0142ych go\u015bci, z obietnic\u0105 odwiedzenia naszego regionu. Z wielk\u0105 go\u015bcinno\u015bci\u0105 uczestnicy wyprawy zostali przyj\u0119ci przez\u00a0 Dyrektora Bukowia\u0144skiego Domu Kultury Bart\u0142omieja Koszarka oraz gospodarza\u00a0 festynu, so\u0142tysa wsi Czarna G\u00f3ra Andrzeja Bundza. Poznanie w\u0142asnej kultury oraz zbie\u017cno\u015b\u0107 gwary i niekt\u00f3rych element\u00f3w stroj\u00f3w g\u00f3rali lokalnych z g\u00f3ralami czadeckimi zapewne zaowocuje d\u0142ugotrwa\u0142\u0105 wsp\u00f3\u0142prac\u0105.<\/p>\n<div id='gallery-1' class='gallery galleryid-3408 gallery-columns-3 gallery-size-thumbnail'><figure class='gallery-item'>\n\t\t\t<div class='gallery-icon landscape'>\n\t\t\t\t<a href='https:\/\/bibliotekamoscisko.pl\/?attachment_id=3409'><img decoding=\"async\" width=\"150\" height=\"150\" src=\"https:\/\/bibliotekamoscisko.pl\/wp-content\/uploads\/2016\/05\/IMG_6800-150x150.jpeg\" class=\"attachment-thumbnail size-thumbnail\" alt=\"\" srcset=\"https:\/\/bibliotekamoscisko.pl\/wp-content\/uploads\/2016\/05\/IMG_6800-150x150.jpeg 150w, https:\/\/bibliotekamoscisko.pl\/wp-content\/uploads\/2016\/05\/IMG_6800-1x1.jpeg 1w\" sizes=\"(max-width: 150px) 100vw, 150px\" \/><\/a>\n\t\t\t<\/div><\/figure><figure class='gallery-item'>\n\t\t\t<div class='gallery-icon portrait'>\n\t\t\t\t<a href='https:\/\/bibliotekamoscisko.pl\/?attachment_id=3410'><img decoding=\"async\" width=\"150\" height=\"150\" src=\"https:\/\/bibliotekamoscisko.pl\/wp-content\/uploads\/2016\/05\/IMG_6804-150x150.jpeg\" class=\"attachment-thumbnail size-thumbnail\" alt=\"\" srcset=\"https:\/\/bibliotekamoscisko.pl\/wp-content\/uploads\/2016\/05\/IMG_6804-150x150.jpeg 150w, https:\/\/bibliotekamoscisko.pl\/wp-content\/uploads\/2016\/05\/IMG_6804-1x1.jpeg 1w\" sizes=\"(max-width: 150px) 100vw, 150px\" \/><\/a>\n\t\t\t<\/div><\/figure><figure class='gallery-item'>\n\t\t\t<div class='gallery-icon landscape'>\n\t\t\t\t<a href='https:\/\/bibliotekamoscisko.pl\/?attachment_id=3411'><img decoding=\"async\" width=\"150\" height=\"150\" src=\"https:\/\/bibliotekamoscisko.pl\/wp-content\/uploads\/2016\/05\/IMG_6819-150x150.jpeg\" class=\"attachment-thumbnail size-thumbnail\" alt=\"\" srcset=\"https:\/\/bibliotekamoscisko.pl\/wp-content\/uploads\/2016\/05\/IMG_6819-150x150.jpeg 150w, https:\/\/bibliotekamoscisko.pl\/wp-content\/uploads\/2016\/05\/IMG_6819-1x1.jpeg 1w\" sizes=\"(max-width: 150px) 100vw, 150px\" \/><\/a>\n\t\t\t<\/div><\/figure><figure class='gallery-item'>\n\t\t\t<div class='gallery-icon landscape'>\n\t\t\t\t<a href='https:\/\/bibliotekamoscisko.pl\/?attachment_id=3412'><img loading=\"lazy\" decoding=\"async\" width=\"150\" height=\"150\" src=\"https:\/\/bibliotekamoscisko.pl\/wp-content\/uploads\/2016\/05\/IMG_6857-150x150.jpeg\" class=\"attachment-thumbnail size-thumbnail\" alt=\"\" srcset=\"https:\/\/bibliotekamoscisko.pl\/wp-content\/uploads\/2016\/05\/IMG_6857-150x150.jpeg 150w, https:\/\/bibliotekamoscisko.pl\/wp-content\/uploads\/2016\/05\/IMG_6857-1x1.jpeg 1w\" sizes=\"(max-width: 150px) 100vw, 150px\" \/><\/a>\n\t\t\t<\/div><\/figure><figure class='gallery-item'>\n\t\t\t<div class='gallery-icon landscape'>\n\t\t\t\t<a href='https:\/\/bibliotekamoscisko.pl\/?attachment_id=3413'><img loading=\"lazy\" decoding=\"async\" width=\"150\" height=\"150\" src=\"https:\/\/bibliotekamoscisko.pl\/wp-content\/uploads\/2016\/05\/IMG_6905-150x150.jpeg\" class=\"attachment-thumbnail size-thumbnail\" alt=\"\" srcset=\"https:\/\/bibliotekamoscisko.pl\/wp-content\/uploads\/2016\/05\/IMG_6905-150x150.jpeg 150w, https:\/\/bibliotekamoscisko.pl\/wp-content\/uploads\/2016\/05\/IMG_6905-1x1.jpeg 1w\" sizes=\"(max-width: 150px) 100vw, 150px\" \/><\/a>\n\t\t\t<\/div><\/figure><figure class='gallery-item'>\n\t\t\t<div class='gallery-icon landscape'>\n\t\t\t\t<a href='https:\/\/bibliotekamoscisko.pl\/?attachment_id=3414'><img loading=\"lazy\" decoding=\"async\" width=\"150\" height=\"150\" src=\"https:\/\/bibliotekamoscisko.pl\/wp-content\/uploads\/2016\/05\/IMG_6760-150x150.jpeg\" class=\"attachment-thumbnail size-thumbnail\" alt=\"\" srcset=\"https:\/\/bibliotekamoscisko.pl\/wp-content\/uploads\/2016\/05\/IMG_6760-150x150.jpeg 150w, https:\/\/bibliotekamoscisko.pl\/wp-content\/uploads\/2016\/05\/IMG_6760-1x1.jpeg 1w\" sizes=\"(max-width: 150px) 100vw, 150px\" \/><\/a>\n\t\t\t<\/div><\/figure>\n\t\t<\/div>\n\n<p>Cz\u0142onkowie Stowarzyszenia Przyjaci\u00f3\u0142 Pojany serdecznie dzi\u0119kuj\u0105 za wsparcie finansowe, dzi\u0119ki kt\u00f3remu\u00a0 mieli mo\u017cliwo\u015b\u0107 zwiedzenia zak\u0105tk\u00f3w\u00a0 kultury polskiej: Bukowina Tatrza\u0144ska, Lud\u017amierz, Zakopane, nawi\u0105zania nowych kontakt\u00f3w i wsp\u00f3\u0142pracy, a przede wszystkim promowania Powiatu Dzier\u017coniowskiego, przepi\u0119knego regionu u podn\u00f3\u017ca Sudet\u00f3w, swojej ma\u0142ej ojczyzny.<\/p>\n<p>B\u017b<\/p>\n<p>&nbsp;<\/p>\n<p>&nbsp;<\/p>\n<p>&nbsp;<\/p>\n","protected":false},"excerpt":{"rendered":"<p>Pod tak\u0105 nazw\u0105\u00a0 Stowarzyszenie Przyjaci\u00f3\u0142 Pojany, realizowa\u0142o zadanie publiczne, dotowane\u00a0 z bud\u017cetu Powiatu Dzier\u017coniowskiego. U podn\u00f3\u017ca Tatr, w promieniach s\u0142onecznych, przy skoczni narciarskiej Koziniec w Czarnej G\u00f3rze G\u00f3rale Czadeccy zaprezentowali [&hellip;]<\/p>\n","protected":false},"author":1,"featured_media":0,"comment_status":"closed","ping_status":"open","sticky":false,"template":"","format":"standard","meta":{"ngg_post_thumbnail":0,"footnotes":""},"categories":[1],"tags":[],"class_list":["post-3408","post","type-post","status-publish","format-standard","hentry","category-uncategorized"],"_links":{"self":[{"href":"https:\/\/bibliotekamoscisko.pl\/index.php?rest_route=\/wp\/v2\/posts\/3408","targetHints":{"allow":["GET"]}}],"collection":[{"href":"https:\/\/bibliotekamoscisko.pl\/index.php?rest_route=\/wp\/v2\/posts"}],"about":[{"href":"https:\/\/bibliotekamoscisko.pl\/index.php?rest_route=\/wp\/v2\/types\/post"}],"author":[{"embeddable":true,"href":"https:\/\/bibliotekamoscisko.pl\/index.php?rest_route=\/wp\/v2\/users\/1"}],"replies":[{"embeddable":true,"href":"https:\/\/bibliotekamoscisko.pl\/index.php?rest_route=%2Fwp%2Fv2%2Fcomments&post=3408"}],"version-history":[{"count":1,"href":"https:\/\/bibliotekamoscisko.pl\/index.php?rest_route=\/wp\/v2\/posts\/3408\/revisions"}],"predecessor-version":[{"id":3415,"href":"https:\/\/bibliotekamoscisko.pl\/index.php?rest_route=\/wp\/v2\/posts\/3408\/revisions\/3415"}],"wp:attachment":[{"href":"https:\/\/bibliotekamoscisko.pl\/index.php?rest_route=%2Fwp%2Fv2%2Fmedia&parent=3408"}],"wp:term":[{"taxonomy":"category","embeddable":true,"href":"https:\/\/bibliotekamoscisko.pl\/index.php?rest_route=%2Fwp%2Fv2%2Fcategories&post=3408"},{"taxonomy":"post_tag","embeddable":true,"href":"https:\/\/bibliotekamoscisko.pl\/index.php?rest_route=%2Fwp%2Fv2%2Ftags&post=3408"}],"curies":[{"name":"wp","href":"https:\/\/api.w.org\/{rel}","templated":true}]}}