{"id":3427,"date":"2016-05-21T12:52:26","date_gmt":"2016-05-21T12:52:26","guid":{"rendered":"http:\/\/bibliotekamoscisko.pl\/?p=3427"},"modified":"2016-05-21T12:52:26","modified_gmt":"2016-05-21T12:52:26","slug":"wyniki-konkursu-mamy-czas","status":"publish","type":"post","link":"https:\/\/bibliotekamoscisko.pl\/?p=3427","title":{"rendered":"WYNIKI KONKURSU &#8222;MAMY CZAS&#8221;"},"content":{"rendered":"<p style=\"text-align: center;\"><span style=\"text-decoration: underline;\"><strong>Kategoria &#8211; szko\u0142a podstawowa :<a href=\"http:\/\/bibliotekamoscisko.pl\/wp-content\/uploads\/2016\/04\/plakat1.jpg\" rel=\"attachment wp-att-3078\"><img fetchpriority=\"high\" decoding=\"async\" class=\"alignright wp-image-3078 size-medium\" src=\"http:\/\/bibliotekamoscisko.pl\/wp-content\/uploads\/2016\/04\/plakat1-300x211.jpg\" alt=\"plakat1\" width=\"300\" height=\"211\" srcset=\"https:\/\/bibliotekamoscisko.pl\/wp-content\/uploads\/2016\/04\/plakat1-300x211.jpg 300w, https:\/\/bibliotekamoscisko.pl\/wp-content\/uploads\/2016\/04\/plakat1-768x541.jpg 768w, https:\/\/bibliotekamoscisko.pl\/wp-content\/uploads\/2016\/04\/plakat1-1x1.jpg 1w, https:\/\/bibliotekamoscisko.pl\/wp-content\/uploads\/2016\/04\/plakat1.jpg 898w\" sizes=\"(max-width: 300px) 100vw, 300px\" \/><\/a><\/strong><\/span><\/p>\n<p style=\"text-align: center;\">1.Miejsce\u00a0 <strong>DARIA NALEWSKA<\/strong><\/p>\n<p style=\"text-align: center;\">2.Miejsce\u00a0<strong>ZUZANNA \u017bYGAD\u0141O<\/strong><\/p>\n<p style=\"text-align: center;\">3.Miejsce\u00a0<strong>MARCEL MAS\u0141OWSKI<\/strong><\/p>\n<p style=\"text-align: center;\">Wyr\u00f3\u017cnienia:<\/p>\n<p style=\"text-align: center;\">\u00a0<strong>MICHA\u0141 TUREK<\/strong><\/p>\n<p style=\"text-align: center;\"><strong>\u00a0JAKUB CIO\u0141KO<\/strong><\/p>\n<p style=\"text-align: center;\"><strong>\u00a0ADRIAN GOSI\u0143SKI<\/strong><\/p>\n<p style=\"text-align: center;\"><strong>GRZEGORZ CZARNECKI<\/strong><\/p>\n<p style=\"text-align: center;\">\n<p style=\"text-align: center;\">\u00a0<span style=\"text-decoration: underline;\">Kategoria \u2013gimnazjum:<\/span><\/p>\n<p style=\"text-align: center;\">1.Miejsce\u00a0<strong>DONATA GAJEWSKA<\/strong><\/p>\n<p style=\"text-align: center;\">2. Miejsce\u00a0<strong>GABRIELA ROSOLIK<\/strong><\/p>\n<p style=\"text-align: left;\">Serdecznie gratulujemy wszystkim laureatom i \u017cyczymy wspaniale sp\u0119dzonego czasu wsp\u00f3lnie ze swoj\u0105 Mam\u0105 w renomowanych salonach kosmetycznych!<\/p>\n<h1 style=\"text-align: left;\"><span style=\"color: #800080;\">\u00a0 \u00a0 \u00a0 \u00a0 \u00a0 \u00a0 \u00a0 \u00a0 \u00a0 \u00a0 \u00a0 \u00a0 \u00a0 \u00a0 \u00a0<a style=\"color: #800080;\" href=\"http:\/\/bibliotekamoscisko.pl\/wp-content\/uploads\/2016\/05\/nagrodzone-limeryki.pdf\" target=\"_blank\" rel=\"\">Oto nagrodzone limeryki<\/a><\/span><\/h1>\n<p><a href=\"http:\/\/bibliotekamoscisko.pl\/wp-content\/uploads\/2016\/04\/loga.jpg\" rel=\"attachment wp-att-3089\"><img decoding=\"async\" class=\"aligncenter wp-image-3089 size-full\" src=\"http:\/\/bibliotekamoscisko.pl\/wp-content\/uploads\/2016\/04\/loga.jpg\" alt=\"loga\" width=\"890\" height=\"600\" srcset=\"https:\/\/bibliotekamoscisko.pl\/wp-content\/uploads\/2016\/04\/loga.jpg 890w, https:\/\/bibliotekamoscisko.pl\/wp-content\/uploads\/2016\/04\/loga-300x202.jpg 300w, https:\/\/bibliotekamoscisko.pl\/wp-content\/uploads\/2016\/04\/loga-768x518.jpg 768w, https:\/\/bibliotekamoscisko.pl\/wp-content\/uploads\/2016\/04\/loga-1x1.jpg 1w\" sizes=\"(max-width: 890px) 100vw, 890px\" \/><\/a><\/p>\n","protected":false},"excerpt":{"rendered":"<p>Kategoria &#8211; szko\u0142a podstawowa : 1.Miejsce\u00a0 DARIA NALEWSKA 2.Miejsce\u00a0ZUZANNA \u017bYGAD\u0141O 3.Miejsce\u00a0MARCEL MAS\u0141OWSKI Wyr\u00f3\u017cnienia: \u00a0MICHA\u0141 TUREK \u00a0JAKUB CIO\u0141KO \u00a0ADRIAN GOSI\u0143SKI GRZEGORZ CZARNECKI \u00a0Kategoria \u2013gimnazjum: 1.Miejsce\u00a0DONATA GAJEWSKA 2. Miejsce\u00a0GABRIELA ROSOLIK Serdecznie gratulujemy [&hellip;]<\/p>\n","protected":false},"author":1,"featured_media":0,"comment_status":"closed","ping_status":"open","sticky":false,"template":"","format":"standard","meta":{"ngg_post_thumbnail":0,"footnotes":""},"categories":[1],"tags":[],"class_list":["post-3427","post","type-post","status-publish","format-standard","hentry","category-uncategorized"],"_links":{"self":[{"href":"https:\/\/bibliotekamoscisko.pl\/index.php?rest_route=\/wp\/v2\/posts\/3427","targetHints":{"allow":["GET"]}}],"collection":[{"href":"https:\/\/bibliotekamoscisko.pl\/index.php?rest_route=\/wp\/v2\/posts"}],"about":[{"href":"https:\/\/bibliotekamoscisko.pl\/index.php?rest_route=\/wp\/v2\/types\/post"}],"author":[{"embeddable":true,"href":"https:\/\/bibliotekamoscisko.pl\/index.php?rest_route=\/wp\/v2\/users\/1"}],"replies":[{"embeddable":true,"href":"https:\/\/bibliotekamoscisko.pl\/index.php?rest_route=%2Fwp%2Fv2%2Fcomments&post=3427"}],"version-history":[{"count":1,"href":"https:\/\/bibliotekamoscisko.pl\/index.php?rest_route=\/wp\/v2\/posts\/3427\/revisions"}],"predecessor-version":[{"id":3429,"href":"https:\/\/bibliotekamoscisko.pl\/index.php?rest_route=\/wp\/v2\/posts\/3427\/revisions\/3429"}],"wp:attachment":[{"href":"https:\/\/bibliotekamoscisko.pl\/index.php?rest_route=%2Fwp%2Fv2%2Fmedia&parent=3427"}],"wp:term":[{"taxonomy":"category","embeddable":true,"href":"https:\/\/bibliotekamoscisko.pl\/index.php?rest_route=%2Fwp%2Fv2%2Fcategories&post=3427"},{"taxonomy":"post_tag","embeddable":true,"href":"https:\/\/bibliotekamoscisko.pl\/index.php?rest_route=%2Fwp%2Fv2%2Ftags&post=3427"}],"curies":[{"name":"wp","href":"https:\/\/api.w.org\/{rel}","templated":true}]}}