{"id":3430,"date":"2016-05-24T07:21:41","date_gmt":"2016-05-24T07:21:41","guid":{"rendered":"http:\/\/bibliotekamoscisko.pl\/?p=3430"},"modified":"2016-05-24T10:34:44","modified_gmt":"2016-05-24T10:34:44","slug":"zapraszamy-na-swietowanie-dnia-dziecka","status":"publish","type":"post","link":"https:\/\/bibliotekamoscisko.pl\/?p=3430","title":{"rendered":"ZAPRASZAMY NA \u015aWI\u0118TOWANIE DNIA DZIECKA!!!"},"content":{"rendered":"<p>Ju\u017c 28 maja &#8211; w sobot\u0119 &#8211; od godz. 12.00 czeka na Was moc atrakcji!!! Policyjny radiow\u00f3z, wy\u015bcig\u00f3wki, stra\u017c po\u017carna!\u00a0A po wyczerpuj\u0105cych emocjach zapraszamy na spotkanie z ksi\u0105\u017ck\u0105 Joanny Kmie\u0107 &#8222;Papuk, czyli opowie\u015b\u0107 o potwornym apetycie na ksi\u0105\u017cki.<\/p>\n<p><a href=\"http:\/\/bibliotekamoscisko.pl\/wp-content\/uploads\/2016\/05\/dd-nowe.jpg\" rel=\"attachment wp-att-3443\"><img fetchpriority=\"high\" decoding=\"async\" class=\"aligncenter size-full wp-image-3443\" src=\"http:\/\/bibliotekamoscisko.pl\/wp-content\/uploads\/2016\/05\/dd-nowe.jpg\" alt=\"dd nowe\" width=\"870\" height=\"618\" srcset=\"https:\/\/bibliotekamoscisko.pl\/wp-content\/uploads\/2016\/05\/dd-nowe.jpg 870w, https:\/\/bibliotekamoscisko.pl\/wp-content\/uploads\/2016\/05\/dd-nowe-300x213.jpg 300w, https:\/\/bibliotekamoscisko.pl\/wp-content\/uploads\/2016\/05\/dd-nowe-768x546.jpg 768w, https:\/\/bibliotekamoscisko.pl\/wp-content\/uploads\/2016\/05\/dd-nowe-1x1.jpg 1w\" sizes=\"(max-width: 870px) 100vw, 870px\" \/><\/a><\/p>\n<p>&nbsp;<\/p>\n<p><a href=\"http:\/\/bibliotekamoscisko.pl\/wp-content\/uploads\/2016\/05\/Papuk-plakat.jpg\" rel=\"attachment wp-att-3432\"><img decoding=\"async\" class=\"aligncenter wp-image-3432 size-full\" src=\"http:\/\/bibliotekamoscisko.pl\/wp-content\/uploads\/2016\/05\/Papuk-plakat.jpg\" alt=\"Papuk plakat\" width=\"864\" height=\"606\" srcset=\"https:\/\/bibliotekamoscisko.pl\/wp-content\/uploads\/2016\/05\/Papuk-plakat.jpg 864w, https:\/\/bibliotekamoscisko.pl\/wp-content\/uploads\/2016\/05\/Papuk-plakat-300x210.jpg 300w, https:\/\/bibliotekamoscisko.pl\/wp-content\/uploads\/2016\/05\/Papuk-plakat-768x539.jpg 768w, https:\/\/bibliotekamoscisko.pl\/wp-content\/uploads\/2016\/05\/Papuk-plakat-1x1.jpg 1w\" sizes=\"(max-width: 864px) 100vw, 864px\" \/><\/a><\/p>\n<p><a href=\"http:\/\/bibliotekamoscisko.pl\/wp-content\/uploads\/2016\/05\/logo-zb.jpg\" rel=\"attachment wp-att-3441\"><img decoding=\"async\" class=\"aligncenter size-full wp-image-3441\" src=\"http:\/\/bibliotekamoscisko.pl\/wp-content\/uploads\/2016\/05\/logo-zb.jpg\" alt=\"logo zb\" width=\"1007\" height=\"224\" srcset=\"https:\/\/bibliotekamoscisko.pl\/wp-content\/uploads\/2016\/05\/logo-zb.jpg 1007w, https:\/\/bibliotekamoscisko.pl\/wp-content\/uploads\/2016\/05\/logo-zb-300x67.jpg 300w, https:\/\/bibliotekamoscisko.pl\/wp-content\/uploads\/2016\/05\/logo-zb-768x171.jpg 768w, https:\/\/bibliotekamoscisko.pl\/wp-content\/uploads\/2016\/05\/logo-zb-4x1.jpg 4w\" sizes=\"(max-width: 1007px) 100vw, 1007px\" \/><\/a><\/p>\n<p>&nbsp;<\/p>\n","protected":false},"excerpt":{"rendered":"<p>Ju\u017c 28 maja &#8211; w sobot\u0119 &#8211; od godz. 12.00 czeka na Was moc atrakcji!!! Policyjny radiow\u00f3z, wy\u015bcig\u00f3wki, stra\u017c po\u017carna!\u00a0A po wyczerpuj\u0105cych emocjach zapraszamy na spotkanie z ksi\u0105\u017ck\u0105 Joanny Kmie\u0107 [&hellip;]<\/p>\n","protected":false},"author":1,"featured_media":0,"comment_status":"closed","ping_status":"open","sticky":false,"template":"","format":"standard","meta":{"ngg_post_thumbnail":0,"footnotes":""},"categories":[1],"tags":[],"class_list":["post-3430","post","type-post","status-publish","format-standard","hentry","category-uncategorized"],"_links":{"self":[{"href":"https:\/\/bibliotekamoscisko.pl\/index.php?rest_route=\/wp\/v2\/posts\/3430","targetHints":{"allow":["GET"]}}],"collection":[{"href":"https:\/\/bibliotekamoscisko.pl\/index.php?rest_route=\/wp\/v2\/posts"}],"about":[{"href":"https:\/\/bibliotekamoscisko.pl\/index.php?rest_route=\/wp\/v2\/types\/post"}],"author":[{"embeddable":true,"href":"https:\/\/bibliotekamoscisko.pl\/index.php?rest_route=\/wp\/v2\/users\/1"}],"replies":[{"embeddable":true,"href":"https:\/\/bibliotekamoscisko.pl\/index.php?rest_route=%2Fwp%2Fv2%2Fcomments&post=3430"}],"version-history":[{"count":6,"href":"https:\/\/bibliotekamoscisko.pl\/index.php?rest_route=\/wp\/v2\/posts\/3430\/revisions"}],"predecessor-version":[{"id":3444,"href":"https:\/\/bibliotekamoscisko.pl\/index.php?rest_route=\/wp\/v2\/posts\/3430\/revisions\/3444"}],"wp:attachment":[{"href":"https:\/\/bibliotekamoscisko.pl\/index.php?rest_route=%2Fwp%2Fv2%2Fmedia&parent=3430"}],"wp:term":[{"taxonomy":"category","embeddable":true,"href":"https:\/\/bibliotekamoscisko.pl\/index.php?rest_route=%2Fwp%2Fv2%2Fcategories&post=3430"},{"taxonomy":"post_tag","embeddable":true,"href":"https:\/\/bibliotekamoscisko.pl\/index.php?rest_route=%2Fwp%2Fv2%2Ftags&post=3430"}],"curies":[{"name":"wp","href":"https:\/\/api.w.org\/{rel}","templated":true}]}}