{"id":3445,"date":"2016-05-25T06:42:28","date_gmt":"2016-05-25T06:42:28","guid":{"rendered":"http:\/\/bibliotekamoscisko.pl\/?p=3445"},"modified":"2016-05-25T06:44:15","modified_gmt":"2016-05-25T06:44:15","slug":"3445-2","status":"publish","type":"post","link":"https:\/\/bibliotekamoscisko.pl\/?p=3445","title":{"rendered":"Witaj Nelu!"},"content":{"rendered":"<p><em>Dzi\u015b czyta\u0142am twoj\u0105 przygod\u0119 o s\u0142oniach.\u00a0<\/em><em>Fajnie by\u0142o jak sz\u0142a\u015b z Zey\u0105 do wioski s\u0142oni &#8230;\u00a0<\/em><em>A gdy wcze\u015bniej by\u0142a\u015b w d\u017cungli nie ba\u0142a\u015b si\u0119?<\/em><\/p>\n<p>\/Paulina, lat 8\/<\/p>\n<div id='gallery-1' class='gallery galleryid-3445 gallery-columns-3 gallery-size-thumbnail'><figure class='gallery-item'>\n\t\t\t<div class='gallery-icon portrait'>\n\t\t\t\t<a href='https:\/\/bibliotekamoscisko.pl\/?attachment_id=3446'><img decoding=\"async\" width=\"150\" height=\"150\" src=\"https:\/\/bibliotekamoscisko.pl\/wp-content\/uploads\/2016\/05\/list-150x150.jpg\" class=\"attachment-thumbnail size-thumbnail\" alt=\"\" aria-describedby=\"gallery-1-3446\" srcset=\"https:\/\/bibliotekamoscisko.pl\/wp-content\/uploads\/2016\/05\/list-150x150.jpg 150w, https:\/\/bibliotekamoscisko.pl\/wp-content\/uploads\/2016\/05\/list-1x1.jpg 1w\" sizes=\"(max-width: 150px) 100vw, 150px\" \/><\/a>\n\t\t\t<\/div>\n\t\t\t\t<figcaption class='wp-caption-text gallery-caption' id='gallery-1-3446'>\n\t\t\t\tListy do Neli\n\t\t\t\t<\/figcaption><\/figure><figure class='gallery-item'>\n\t\t\t<div class='gallery-icon portrait'>\n\t\t\t\t<a href='https:\/\/bibliotekamoscisko.pl\/?attachment_id=3447'><img decoding=\"async\" width=\"150\" height=\"150\" src=\"https:\/\/bibliotekamoscisko.pl\/wp-content\/uploads\/2016\/05\/list2-150x150.jpg\" class=\"attachment-thumbnail size-thumbnail\" alt=\"\" aria-describedby=\"gallery-1-3447\" srcset=\"https:\/\/bibliotekamoscisko.pl\/wp-content\/uploads\/2016\/05\/list2-150x150.jpg 150w, https:\/\/bibliotekamoscisko.pl\/wp-content\/uploads\/2016\/05\/list2-1x1.jpg 1w\" sizes=\"(max-width: 150px) 100vw, 150px\" \/><\/a>\n\t\t\t<\/div>\n\t\t\t\t<figcaption class='wp-caption-text gallery-caption' id='gallery-1-3447'>\n\t\t\t\tListy do Neli\n\t\t\t\t<\/figcaption><\/figure><figure class='gallery-item'>\n\t\t\t<div class='gallery-icon landscape'>\n\t\t\t\t<a href='https:\/\/bibliotekamoscisko.pl\/?attachment_id=3448'><img decoding=\"async\" width=\"150\" height=\"150\" src=\"https:\/\/bibliotekamoscisko.pl\/wp-content\/uploads\/2016\/05\/listy3-150x150.jpg\" class=\"attachment-thumbnail size-thumbnail\" alt=\"\" aria-describedby=\"gallery-1-3448\" srcset=\"https:\/\/bibliotekamoscisko.pl\/wp-content\/uploads\/2016\/05\/listy3-150x150.jpg 150w, https:\/\/bibliotekamoscisko.pl\/wp-content\/uploads\/2016\/05\/listy3-2x1.jpg 2w\" sizes=\"(max-width: 150px) 100vw, 150px\" \/><\/a>\n\t\t\t<\/div>\n\t\t\t\t<figcaption class='wp-caption-text gallery-caption' id='gallery-1-3448'>\n\t\t\t\tListy do Neli\n\t\t\t\t<\/figcaption><\/figure>\n\t\t<\/div>\n\n<p>Dzieci w Ostroszowicach lubi\u0105 ksi\u0105\u017cki o Neli ma\u0142ej reporterce. Na spotkaniach\u00a0w bibliotece opowiadaj\u0105 o przygodach i podr\u00f3\u017cach ulubionej dziewczynki, kt\u00f3ra\u00a0pisze o swoich niesamowitych przygodach w r\u00f3\u017cnych kra\u0144cach \u015bwiata.\u00a0Na ksi\u0105\u017cki o Neli dzieci czekaj\u0105 cierpliwie w kolejce , by m\u00f3c potem rozmawia\u0107\u00a0o dalekich krajach, egzotycznych zwierz\u0119tach i marzy\u0107 o podobnych podr\u00f3\u017cach.\u00a0Ostatnio napisa\u0142y do Neli listy, kt\u00f3re zostan\u0105 wys\u0142ane do podziwianej autorki.<\/p>\n<p><em>\u00a0Cze\u015b\u0107!<\/em><\/p>\n<p><em>Twoje przygody s\u0105 niesamowite i powiem Ci szczerze, \u017ce chcia\u0142abym podr\u00f3\u017cowa\u0107 razem z Tob\u0105,\u00a0czekam na kolejne Twoje przygody&#8230;\u00a0<\/em>&#8211; napisa\u0142a\u00a0Ola.<\/p>\n<p>&nbsp;<\/p>\n<p>&nbsp;<\/p>\n<p>mk<\/p>\n","protected":false},"excerpt":{"rendered":"<p>Dzi\u015b czyta\u0142am twoj\u0105 przygod\u0119 o s\u0142oniach.\u00a0Fajnie by\u0142o jak sz\u0142a\u015b z Zey\u0105 do wioski s\u0142oni &#8230;\u00a0A gdy wcze\u015bniej by\u0142a\u015b w d\u017cungli nie ba\u0142a\u015b si\u0119? \/Paulina, lat 8\/ Dzieci w Ostroszowicach lubi\u0105 [&hellip;]<\/p>\n","protected":false},"author":1,"featured_media":0,"comment_status":"closed","ping_status":"open","sticky":false,"template":"","format":"standard","meta":{"ngg_post_thumbnail":0,"footnotes":""},"categories":[1],"tags":[],"class_list":["post-3445","post","type-post","status-publish","format-standard","hentry","category-uncategorized"],"_links":{"self":[{"href":"https:\/\/bibliotekamoscisko.pl\/index.php?rest_route=\/wp\/v2\/posts\/3445","targetHints":{"allow":["GET"]}}],"collection":[{"href":"https:\/\/bibliotekamoscisko.pl\/index.php?rest_route=\/wp\/v2\/posts"}],"about":[{"href":"https:\/\/bibliotekamoscisko.pl\/index.php?rest_route=\/wp\/v2\/types\/post"}],"author":[{"embeddable":true,"href":"https:\/\/bibliotekamoscisko.pl\/index.php?rest_route=\/wp\/v2\/users\/1"}],"replies":[{"embeddable":true,"href":"https:\/\/bibliotekamoscisko.pl\/index.php?rest_route=%2Fwp%2Fv2%2Fcomments&post=3445"}],"version-history":[{"count":3,"href":"https:\/\/bibliotekamoscisko.pl\/index.php?rest_route=\/wp\/v2\/posts\/3445\/revisions"}],"predecessor-version":[{"id":3451,"href":"https:\/\/bibliotekamoscisko.pl\/index.php?rest_route=\/wp\/v2\/posts\/3445\/revisions\/3451"}],"wp:attachment":[{"href":"https:\/\/bibliotekamoscisko.pl\/index.php?rest_route=%2Fwp%2Fv2%2Fmedia&parent=3445"}],"wp:term":[{"taxonomy":"category","embeddable":true,"href":"https:\/\/bibliotekamoscisko.pl\/index.php?rest_route=%2Fwp%2Fv2%2Fcategories&post=3445"},{"taxonomy":"post_tag","embeddable":true,"href":"https:\/\/bibliotekamoscisko.pl\/index.php?rest_route=%2Fwp%2Fv2%2Ftags&post=3445"}],"curies":[{"name":"wp","href":"https:\/\/api.w.org\/{rel}","templated":true}]}}