{"id":3458,"date":"2016-05-25T07:10:44","date_gmt":"2016-05-25T07:10:44","guid":{"rendered":"http:\/\/bibliotekamoscisko.pl\/?p=3458"},"modified":"2016-05-25T07:10:44","modified_gmt":"2016-05-25T07:10:44","slug":"kwiatki-na-dzien-matki","status":"publish","type":"post","link":"https:\/\/bibliotekamoscisko.pl\/?p=3458","title":{"rendered":"Kwiatki na Dzie\u0144 Matki"},"content":{"rendered":"<p>Dzieci sp\u0119dzaj\u0105ce wolny czas w bibliotece w Uciechowie, wykona\u0142y pi\u0119kn\u0105 i kolorow\u0105 instalacj\u0119 kwiatow\u0105 z okazji Dnia <a href=\"http:\/\/bibliotekamoscisko.pl\/wp-content\/uploads\/2016\/05\/dm4.jpeg\" rel=\"attachment wp-att-3462\"><img decoding=\"async\" class=\"alignright size-thumbnail wp-image-3462\" src=\"http:\/\/bibliotekamoscisko.pl\/wp-content\/uploads\/2016\/05\/dm4-150x150.jpeg\" alt=\"dm4\" width=\"150\" height=\"150\" srcset=\"https:\/\/bibliotekamoscisko.pl\/wp-content\/uploads\/2016\/05\/dm4-150x150.jpeg 150w, https:\/\/bibliotekamoscisko.pl\/wp-content\/uploads\/2016\/05\/dm4-1x1.jpeg 1w\" sizes=\"(max-width: 150px) 100vw, 150px\" \/><\/a>Matki.\u00a0Dekoracja powsta\u0142a z r\u00f3\u017cnego rodzaju element\u00f3w, oraz z materia\u0142\u00f3w recyklingowych. Przy du\u017cym zaanga\u017cowaniu najm\u0142odszych i troszk\u0119 starszych &#8222;artyst\u00f3w&#8221;, efekt ko\u0144cowy okaza\u0142 si\u0119 znakomity.<\/p>\n<p>Z okazji nadchodz\u0105cego \u015bwi\u0119ta, \u017cyczymy Naszym Mamom wszystkiego najlepszego.<\/p>\n<div id='gallery-1' class='gallery galleryid-3458 gallery-columns-3 gallery-size-thumbnail'><figure class='gallery-item'>\n\t\t\t<div class='gallery-icon landscape'>\n\t\t\t\t<a href='https:\/\/bibliotekamoscisko.pl\/?attachment_id=3459'><img decoding=\"async\" width=\"150\" height=\"150\" src=\"https:\/\/bibliotekamoscisko.pl\/wp-content\/uploads\/2016\/05\/dm1-150x150.jpeg\" class=\"attachment-thumbnail size-thumbnail\" alt=\"\" srcset=\"https:\/\/bibliotekamoscisko.pl\/wp-content\/uploads\/2016\/05\/dm1-150x150.jpeg 150w, https:\/\/bibliotekamoscisko.pl\/wp-content\/uploads\/2016\/05\/dm1-1x1.jpeg 1w\" sizes=\"(max-width: 150px) 100vw, 150px\" \/><\/a>\n\t\t\t<\/div><\/figure><figure class='gallery-item'>\n\t\t\t<div class='gallery-icon landscape'>\n\t\t\t\t<a href='https:\/\/bibliotekamoscisko.pl\/?attachment_id=3460'><img decoding=\"async\" width=\"150\" height=\"150\" src=\"https:\/\/bibliotekamoscisko.pl\/wp-content\/uploads\/2016\/05\/dm2-150x150.jpeg\" class=\"attachment-thumbnail size-thumbnail\" alt=\"\" srcset=\"https:\/\/bibliotekamoscisko.pl\/wp-content\/uploads\/2016\/05\/dm2-150x150.jpeg 150w, https:\/\/bibliotekamoscisko.pl\/wp-content\/uploads\/2016\/05\/dm2-1x1.jpeg 1w\" sizes=\"(max-width: 150px) 100vw, 150px\" \/><\/a>\n\t\t\t<\/div><\/figure><figure class='gallery-item'>\n\t\t\t<div class='gallery-icon landscape'>\n\t\t\t\t<a href='https:\/\/bibliotekamoscisko.pl\/?attachment_id=3461'><img loading=\"lazy\" decoding=\"async\" width=\"150\" height=\"150\" src=\"https:\/\/bibliotekamoscisko.pl\/wp-content\/uploads\/2016\/05\/dm3-150x150.jpeg\" class=\"attachment-thumbnail size-thumbnail\" alt=\"\" srcset=\"https:\/\/bibliotekamoscisko.pl\/wp-content\/uploads\/2016\/05\/dm3-150x150.jpeg 150w, https:\/\/bibliotekamoscisko.pl\/wp-content\/uploads\/2016\/05\/dm3-1x1.jpeg 1w\" sizes=\"(max-width: 150px) 100vw, 150px\" \/><\/a>\n\t\t\t<\/div><\/figure>\n\t\t<\/div>\n\n<p>S.G.-B.<\/p>\n","protected":false},"excerpt":{"rendered":"<p>Dzieci sp\u0119dzaj\u0105ce wolny czas w bibliotece w Uciechowie, wykona\u0142y pi\u0119kn\u0105 i kolorow\u0105 instalacj\u0119 kwiatow\u0105 z okazji Dnia Matki.\u00a0Dekoracja powsta\u0142a z r\u00f3\u017cnego rodzaju element\u00f3w, oraz z materia\u0142\u00f3w recyklingowych. Przy du\u017cym zaanga\u017cowaniu [&hellip;]<\/p>\n","protected":false},"author":1,"featured_media":0,"comment_status":"closed","ping_status":"open","sticky":false,"template":"","format":"standard","meta":{"ngg_post_thumbnail":0,"footnotes":""},"categories":[1],"tags":[],"class_list":["post-3458","post","type-post","status-publish","format-standard","hentry","category-uncategorized"],"_links":{"self":[{"href":"https:\/\/bibliotekamoscisko.pl\/index.php?rest_route=\/wp\/v2\/posts\/3458","targetHints":{"allow":["GET"]}}],"collection":[{"href":"https:\/\/bibliotekamoscisko.pl\/index.php?rest_route=\/wp\/v2\/posts"}],"about":[{"href":"https:\/\/bibliotekamoscisko.pl\/index.php?rest_route=\/wp\/v2\/types\/post"}],"author":[{"embeddable":true,"href":"https:\/\/bibliotekamoscisko.pl\/index.php?rest_route=\/wp\/v2\/users\/1"}],"replies":[{"embeddable":true,"href":"https:\/\/bibliotekamoscisko.pl\/index.php?rest_route=%2Fwp%2Fv2%2Fcomments&post=3458"}],"version-history":[{"count":1,"href":"https:\/\/bibliotekamoscisko.pl\/index.php?rest_route=\/wp\/v2\/posts\/3458\/revisions"}],"predecessor-version":[{"id":3463,"href":"https:\/\/bibliotekamoscisko.pl\/index.php?rest_route=\/wp\/v2\/posts\/3458\/revisions\/3463"}],"wp:attachment":[{"href":"https:\/\/bibliotekamoscisko.pl\/index.php?rest_route=%2Fwp%2Fv2%2Fmedia&parent=3458"}],"wp:term":[{"taxonomy":"category","embeddable":true,"href":"https:\/\/bibliotekamoscisko.pl\/index.php?rest_route=%2Fwp%2Fv2%2Fcategories&post=3458"},{"taxonomy":"post_tag","embeddable":true,"href":"https:\/\/bibliotekamoscisko.pl\/index.php?rest_route=%2Fwp%2Fv2%2Ftags&post=3458"}],"curies":[{"name":"wp","href":"https:\/\/api.w.org\/{rel}","templated":true}]}}