{"id":3493,"date":"2016-06-04T11:58:46","date_gmt":"2016-06-04T11:58:46","guid":{"rendered":"http:\/\/bibliotekamoscisko.pl\/?p=3493"},"modified":"2016-06-04T11:58:46","modified_gmt":"2016-06-04T11:58:46","slug":"owocowe-spotkanie-w-pilawie-dolnejj","status":"publish","type":"post","link":"https:\/\/bibliotekamoscisko.pl\/?p=3493","title":{"rendered":"Owocowe spotkanie w Pi\u0142awie Dolnejj"},"content":{"rendered":"<p>3 czerwca Bibliotek\u0119 w Pi\u0142awie Dolnej, odwiedzi\u0142y dzieci z pi\u0142awskiego przedszkola, z paniami\u00a0wychowawczyniami Renat\u0105 Kajkowsk\u0105 i Joann\u0105 <a href=\"http:\/\/bibliotekamoscisko.pl\/wp-content\/uploads\/2016\/06\/IMG_0160.jpeg\" rel=\"attachment wp-att-3499\"><img decoding=\"async\" class=\"alignright size-thumbnail wp-image-3499\" src=\"http:\/\/bibliotekamoscisko.pl\/wp-content\/uploads\/2016\/06\/IMG_0160-150x150.jpeg\" alt=\"IMG_0160\" width=\"150\" height=\"150\" srcset=\"https:\/\/bibliotekamoscisko.pl\/wp-content\/uploads\/2016\/06\/IMG_0160-150x150.jpeg 150w, https:\/\/bibliotekamoscisko.pl\/wp-content\/uploads\/2016\/06\/IMG_0160-1x1.jpeg 1w\" sizes=\"(max-width: 150px) 100vw, 150px\" \/><\/a>Mrzyg\u0142\u00f3d. Tematem naszego spotkania\u00a0by\u0142o nasze wsp\u00f3lne czytanie, a w roli g\u0142\u00f3wnej wyst\u0105pi\u0142y smakowite owoce. Wys\u0142uchali\u015bmy\u00a0zabawnych wierszy J. Tuwima, \u00a0J. Brzechwy, M. Konopnickiej, C. P. Tarkowskiego. \u00a0 \u00a0 \u00a0 \u00a0 \u00a0 \u00a0 \u00a0 \u00a0 \u00a0 \u00a0 \u00a0 \u00a0 \u00a0 \u00a0 \u00a0 \u00a0 \u00a0 \u00a0 \u00a0 \u00a0 \u00a0 \u00a0 \u00a0 \u00a0 \u00a0 Rozmawiali\u015bmy o owocach, kt\u00f3re s\u0105 \u017ar\u00f3d\u0142em witamin. Cytrusy pomagaj\u0105 nam wzmocni\u0107\u00a0uk\u0142ad odporno\u015bciowy, jab\u0142ko chroni przed infekcjami, winogrona to kopalnia witamin\u00a0<strong>B, C, P. A<\/strong>rbuz zalecany jest dla os\u00f3b choruj\u0105cych na zatoki.\u00a0Zach\u0119camy do Rodzinnego Czytania, popieraj\u0105c gor\u0105co ju\u017c 15 edycj\u0119 akcji &#8211; Ca\u0142a Polska Czyta\u00a0Dzieciom. Czytaj\u0105c, rozmawiaj\u0105c z dzie\u0107mi, wsp\u00f3lnie przebywaj\u0105c ze sob\u0105 a nie obok \u00a0siebie, zawsze mo\u017cna czego\u015b ciekawego si\u0119 dowiedzie\u0107.<\/p>\n<div id='gallery-1' class='gallery galleryid-3493 gallery-columns-3 gallery-size-thumbnail'><figure class='gallery-item'>\n\t\t\t<div class='gallery-icon landscape'>\n\t\t\t\t<a href='https:\/\/bibliotekamoscisko.pl\/?attachment_id=3494'><img decoding=\"async\" width=\"150\" height=\"150\" src=\"https:\/\/bibliotekamoscisko.pl\/wp-content\/uploads\/2016\/06\/IMG_0166-150x150.jpeg\" class=\"attachment-thumbnail size-thumbnail\" alt=\"\" srcset=\"https:\/\/bibliotekamoscisko.pl\/wp-content\/uploads\/2016\/06\/IMG_0166-150x150.jpeg 150w, https:\/\/bibliotekamoscisko.pl\/wp-content\/uploads\/2016\/06\/IMG_0166-1x1.jpeg 1w\" sizes=\"(max-width: 150px) 100vw, 150px\" \/><\/a>\n\t\t\t<\/div><\/figure><figure class='gallery-item'>\n\t\t\t<div class='gallery-icon landscape'>\n\t\t\t\t<a href='https:\/\/bibliotekamoscisko.pl\/?attachment_id=3495'><img decoding=\"async\" width=\"150\" height=\"150\" src=\"https:\/\/bibliotekamoscisko.pl\/wp-content\/uploads\/2016\/06\/IMG_0174-150x150.jpeg\" class=\"attachment-thumbnail size-thumbnail\" alt=\"\" srcset=\"https:\/\/bibliotekamoscisko.pl\/wp-content\/uploads\/2016\/06\/IMG_0174-150x150.jpeg 150w, https:\/\/bibliotekamoscisko.pl\/wp-content\/uploads\/2016\/06\/IMG_0174-1x1.jpeg 1w\" sizes=\"(max-width: 150px) 100vw, 150px\" \/><\/a>\n\t\t\t<\/div><\/figure><figure class='gallery-item'>\n\t\t\t<div class='gallery-icon landscape'>\n\t\t\t\t<a href='https:\/\/bibliotekamoscisko.pl\/?attachment_id=3496'><img loading=\"lazy\" decoding=\"async\" width=\"150\" height=\"150\" src=\"https:\/\/bibliotekamoscisko.pl\/wp-content\/uploads\/2016\/06\/IMG_0181-150x150.jpeg\" class=\"attachment-thumbnail size-thumbnail\" alt=\"\" srcset=\"https:\/\/bibliotekamoscisko.pl\/wp-content\/uploads\/2016\/06\/IMG_0181-150x150.jpeg 150w, https:\/\/bibliotekamoscisko.pl\/wp-content\/uploads\/2016\/06\/IMG_0181-1x1.jpeg 1w\" sizes=\"(max-width: 150px) 100vw, 150px\" \/><\/a>\n\t\t\t<\/div><\/figure><figure class='gallery-item'>\n\t\t\t<div class='gallery-icon landscape'>\n\t\t\t\t<a href='https:\/\/bibliotekamoscisko.pl\/?attachment_id=3497'><img loading=\"lazy\" decoding=\"async\" width=\"150\" height=\"150\" src=\"https:\/\/bibliotekamoscisko.pl\/wp-content\/uploads\/2016\/06\/IMG_0190-150x150.jpeg\" class=\"attachment-thumbnail size-thumbnail\" alt=\"\" srcset=\"https:\/\/bibliotekamoscisko.pl\/wp-content\/uploads\/2016\/06\/IMG_0190-150x150.jpeg 150w, https:\/\/bibliotekamoscisko.pl\/wp-content\/uploads\/2016\/06\/IMG_0190-1x1.jpeg 1w\" sizes=\"(max-width: 150px) 100vw, 150px\" \/><\/a>\n\t\t\t<\/div><\/figure><figure class='gallery-item'>\n\t\t\t<div class='gallery-icon landscape'>\n\t\t\t\t<a href='https:\/\/bibliotekamoscisko.pl\/?attachment_id=3498'><img loading=\"lazy\" decoding=\"async\" width=\"150\" height=\"150\" src=\"https:\/\/bibliotekamoscisko.pl\/wp-content\/uploads\/2016\/06\/IMG_0195-150x150.jpeg\" class=\"attachment-thumbnail size-thumbnail\" alt=\"\" srcset=\"https:\/\/bibliotekamoscisko.pl\/wp-content\/uploads\/2016\/06\/IMG_0195-150x150.jpeg 150w, https:\/\/bibliotekamoscisko.pl\/wp-content\/uploads\/2016\/06\/IMG_0195-1x1.jpeg 1w\" sizes=\"(max-width: 150px) 100vw, 150px\" \/><\/a>\n\t\t\t<\/div><\/figure>\n\t\t<\/div>\n\n<p>Razem z dzie\u0107mi przygotowali\u015bmy misy pe\u0142nych soczystych owoc\u00f3w, kt\u00f3re szybko znika\u0142y z talerzyk\u00f3w.\u00a0Spotkanie uda\u0142o si\u0119 kapitalnie i owocowo. Dzieci umawiaj\u0105 si\u0119 na kolejne spotkanie w bibliotece.<\/p>\n<p>Wszystkim Dzieciom \u017cyczymy ka\u017cdego dnia moc u\u015bmiechu i rado\u015bci, pi\u0119knych kolorowych prze\u017cy\u0107 z ksi\u0105\u017ck\u0105.<\/p>\n<p>&nbsp;<\/p>\n<p>Wanda Kun<\/p>\n<p>&nbsp;<\/p>\n<p>&nbsp;<\/p>\n","protected":false},"excerpt":{"rendered":"<p>3 czerwca Bibliotek\u0119 w Pi\u0142awie Dolnej, odwiedzi\u0142y dzieci z pi\u0142awskiego przedszkola, z paniami\u00a0wychowawczyniami Renat\u0105 Kajkowsk\u0105 i Joann\u0105 Mrzyg\u0142\u00f3d. Tematem naszego spotkania\u00a0by\u0142o nasze wsp\u00f3lne czytanie, a w roli g\u0142\u00f3wnej wyst\u0105pi\u0142y smakowite [&hellip;]<\/p>\n","protected":false},"author":1,"featured_media":0,"comment_status":"closed","ping_status":"open","sticky":false,"template":"","format":"standard","meta":{"ngg_post_thumbnail":0,"footnotes":""},"categories":[1],"tags":[],"class_list":["post-3493","post","type-post","status-publish","format-standard","hentry","category-uncategorized"],"_links":{"self":[{"href":"https:\/\/bibliotekamoscisko.pl\/index.php?rest_route=\/wp\/v2\/posts\/3493","targetHints":{"allow":["GET"]}}],"collection":[{"href":"https:\/\/bibliotekamoscisko.pl\/index.php?rest_route=\/wp\/v2\/posts"}],"about":[{"href":"https:\/\/bibliotekamoscisko.pl\/index.php?rest_route=\/wp\/v2\/types\/post"}],"author":[{"embeddable":true,"href":"https:\/\/bibliotekamoscisko.pl\/index.php?rest_route=\/wp\/v2\/users\/1"}],"replies":[{"embeddable":true,"href":"https:\/\/bibliotekamoscisko.pl\/index.php?rest_route=%2Fwp%2Fv2%2Fcomments&post=3493"}],"version-history":[{"count":1,"href":"https:\/\/bibliotekamoscisko.pl\/index.php?rest_route=\/wp\/v2\/posts\/3493\/revisions"}],"predecessor-version":[{"id":3500,"href":"https:\/\/bibliotekamoscisko.pl\/index.php?rest_route=\/wp\/v2\/posts\/3493\/revisions\/3500"}],"wp:attachment":[{"href":"https:\/\/bibliotekamoscisko.pl\/index.php?rest_route=%2Fwp%2Fv2%2Fmedia&parent=3493"}],"wp:term":[{"taxonomy":"category","embeddable":true,"href":"https:\/\/bibliotekamoscisko.pl\/index.php?rest_route=%2Fwp%2Fv2%2Fcategories&post=3493"},{"taxonomy":"post_tag","embeddable":true,"href":"https:\/\/bibliotekamoscisko.pl\/index.php?rest_route=%2Fwp%2Fv2%2Ftags&post=3493"}],"curies":[{"name":"wp","href":"https:\/\/api.w.org\/{rel}","templated":true}]}}