{"id":3572,"date":"2016-06-11T08:31:55","date_gmt":"2016-06-11T08:31:55","guid":{"rendered":"http:\/\/bibliotekamoscisko.pl\/?p=3572"},"modified":"2016-06-11T08:31:55","modified_gmt":"2016-06-11T08:31:55","slug":"serdecznie-zapraszamy-na-spotkanie-autorskie","status":"publish","type":"post","link":"https:\/\/bibliotekamoscisko.pl\/?p=3572","title":{"rendered":"Serdecznie zapraszamy  na spotkanie autorskie"},"content":{"rendered":"<p style=\"margin: 7.5pt 0cm 7.5pt 0cm;\"><span class=\"apple-converted-space\"><b><span style=\"font-family: 'Arial','sans-serif'; color: black;\">\u00a0 \u00a0 \u00a0 \u00a0 \u00a0 \u00a0 \u00a0 \u00a0 \u00a0 \u00a0 \u00a0 \u00a0 \u00a0 \u00a0 \u00a0 \u00a0 \u00a0 \u00a0 \u00a0 \u00a0 \u00a0 \u00a0 \u00a0 \u00a0 \u00a0 \u00a0 \u00a0 \u00a0 \u00a0 \u00a0 \u00a0 \u00a0 \u00a0 \u00a0<\/span><\/b><\/span><b><span style=\"font-family: 'Arial','sans-serif'; color: black;\">&#8222;Tewzadze &#8211; gruzi\u0144ski obro\u0144ca Warszawy\u201d<\/span><\/b><\/p>\n<p style=\"margin: 7.5pt 0cm 7.5pt 0cm;\"><b><span style=\"font-family: 'Arial','sans-serif'; color: black;\">Autor: Jaros\u0142aw Kresa, cz\u0142onek Grupy Rekonstrukcji Historycznej 58 pu\u0142ku piechoty (4 pu\u0142ku strzelc\u00f3w wielkopolskich), radny Dzier\u017coniowa, kierownik SDK w Dzier\u017coniowie a przede wszystkim wielki mi\u0142o\u015bnik historii.<\/span><\/b><\/p>\n<p style=\"margin: 7.5pt 0cm 7.5pt 0cm;\"><span style=\"font-family: 'Arial','sans-serif'; color: black;\">Walerian Tewzadze by\u0142 \u017co\u0142nierzem Wojska Polskiego i Armii Krajowej. Po zako\u0144czeniu II wojny \u015bwiatowej i znalezieniu si\u0119 Polski w strefie bezpo\u015brednich wp\u0142yw\u00f3w ZSRR, wielu bohater\u00f3w minionego czasu musia\u0142o si\u0119 ukrywa\u0107 lub emigrowa\u0107. Pu\u0142kownik Tewzadze nie opu\u015bci\u0142 kraju i postanowi\u0142 zamieszka\u0107 w Dzier\u017coniowie jako Walery Krzy\u017canowski, zachowuj\u0105c pe\u0142n\u0105 tajemnic\u0119 na temat swojej przesz\u0142o\u015bci. Patron Dzier\u017coniowa, kt\u00f3rym jest \u015bw. Jerzy by\u0142 szczeg\u00f3lnie bliski ukrywaj\u0105cemu si\u0119 \u017co\u0142nierzowi. Rycerz jest r\u00f3wnie\u017c patronem Gruzji, kraju rodzinnego bohatera ksi\u0105\u017cki.<\/span><\/p>\n<p style=\"margin: 7.5pt 0cm 7.5pt 0cm;\"><a href=\"http:\/\/bibliotekamoscisko.pl\/wp-content\/uploads\/2016\/06\/Kresa-Tewzadze-plakat.jpg\" rel=\"attachment wp-att-3573\"><img fetchpriority=\"high\" decoding=\"async\" class=\"aligncenter size-full wp-image-3573\" src=\"http:\/\/bibliotekamoscisko.pl\/wp-content\/uploads\/2016\/06\/Kresa-Tewzadze-plakat.jpg\" alt=\"Kresa Tewzadze plakat\" width=\"960\" height=\"712\" srcset=\"https:\/\/bibliotekamoscisko.pl\/wp-content\/uploads\/2016\/06\/Kresa-Tewzadze-plakat.jpg 960w, https:\/\/bibliotekamoscisko.pl\/wp-content\/uploads\/2016\/06\/Kresa-Tewzadze-plakat-300x223.jpg 300w, https:\/\/bibliotekamoscisko.pl\/wp-content\/uploads\/2016\/06\/Kresa-Tewzadze-plakat-768x570.jpg 768w, https:\/\/bibliotekamoscisko.pl\/wp-content\/uploads\/2016\/06\/Kresa-Tewzadze-plakat-1x1.jpg 1w\" sizes=\"(max-width: 960px) 100vw, 960px\" \/><\/a><\/p>\n","protected":false},"excerpt":{"rendered":"<p>\u00a0 \u00a0 \u00a0 \u00a0 \u00a0 \u00a0 \u00a0 \u00a0 \u00a0 \u00a0 \u00a0 \u00a0 \u00a0 \u00a0 \u00a0 \u00a0 \u00a0 \u00a0 \u00a0 \u00a0 \u00a0 \u00a0 \u00a0 \u00a0 \u00a0 \u00a0 \u00a0 \u00a0 \u00a0 \u00a0 [&hellip;]<\/p>\n","protected":false},"author":1,"featured_media":0,"comment_status":"closed","ping_status":"open","sticky":false,"template":"","format":"standard","meta":{"ngg_post_thumbnail":0,"footnotes":""},"categories":[1],"tags":[],"class_list":["post-3572","post","type-post","status-publish","format-standard","hentry","category-uncategorized"],"_links":{"self":[{"href":"https:\/\/bibliotekamoscisko.pl\/index.php?rest_route=\/wp\/v2\/posts\/3572","targetHints":{"allow":["GET"]}}],"collection":[{"href":"https:\/\/bibliotekamoscisko.pl\/index.php?rest_route=\/wp\/v2\/posts"}],"about":[{"href":"https:\/\/bibliotekamoscisko.pl\/index.php?rest_route=\/wp\/v2\/types\/post"}],"author":[{"embeddable":true,"href":"https:\/\/bibliotekamoscisko.pl\/index.php?rest_route=\/wp\/v2\/users\/1"}],"replies":[{"embeddable":true,"href":"https:\/\/bibliotekamoscisko.pl\/index.php?rest_route=%2Fwp%2Fv2%2Fcomments&post=3572"}],"version-history":[{"count":1,"href":"https:\/\/bibliotekamoscisko.pl\/index.php?rest_route=\/wp\/v2\/posts\/3572\/revisions"}],"predecessor-version":[{"id":3574,"href":"https:\/\/bibliotekamoscisko.pl\/index.php?rest_route=\/wp\/v2\/posts\/3572\/revisions\/3574"}],"wp:attachment":[{"href":"https:\/\/bibliotekamoscisko.pl\/index.php?rest_route=%2Fwp%2Fv2%2Fmedia&parent=3572"}],"wp:term":[{"taxonomy":"category","embeddable":true,"href":"https:\/\/bibliotekamoscisko.pl\/index.php?rest_route=%2Fwp%2Fv2%2Fcategories&post=3572"},{"taxonomy":"post_tag","embeddable":true,"href":"https:\/\/bibliotekamoscisko.pl\/index.php?rest_route=%2Fwp%2Fv2%2Ftags&post=3572"}],"curies":[{"name":"wp","href":"https:\/\/api.w.org\/{rel}","templated":true}]}}