{"id":3575,"date":"2016-06-21T07:21:22","date_gmt":"2016-06-21T07:21:22","guid":{"rendered":"http:\/\/bibliotekamoscisko.pl\/?p=3575"},"modified":"2016-06-21T08:13:50","modified_gmt":"2016-06-21T08:13:50","slug":"gruzja-w-dzierzoniowie","status":"publish","type":"post","link":"https:\/\/bibliotekamoscisko.pl\/?p=3575","title":{"rendered":"Skromny, \u0142agodny, dobry cz\u0142owiek, ale jak krzemie\u0144 twardy"},"content":{"rendered":"<p>Nawet ma\u0142e miejscowo\u015bci maja mo\u017cliwo\u015b\u0107 zetkn\u0105\u0107 si\u0119 z du\u017c\u0105 histori\u0105. Wystarczy mie\u0107 otwarte oczy i nie przechodzi\u0107 oboj\u0119tnie obok z pozoru b\u0142ahych element\u00f3w naszej rzeczywisto\u015bci. Na spotkaniu autorskim przekonywa\u0142 o tym Jaros\u0142aw Kresa, autor ksi\u0105\u017cki &#8221; Tewzadze gruzi\u0144ski obro\u0144ca Warszawy&#8221;. 17 czerwca w Bibliotece Publicznej Gminy Dzier\u017coni\u00f3w w Mo\u015bcisku dzi\u0119ki ciekawej narracji pojawi\u0142a si\u0119 mi\u0119dzy uczestnikami spotkania posta\u0107 wprost z Gruzji. Walerian Tewzadze, by\u0142y \u017co\u0142nierz Wojska Polskiego i AK po zako\u0144czeniu II wojny \u015bwiatowej zamieszka\u0142 w Dzier\u017coniowie jako Walery Krzy\u017canowski, zachowuj\u0105c w tajemnicy informacje o swojej przesz\u0142o\u015bci. Prawd\u0119 zna\u0142a jedynie garstka najbli\u017cszych. Inni mogli j\u0105 pozna\u0107 dopiero po \u015bmierci \u00a0Gruzina, uhonorowanego \u00a0najwy\u017cszym polskim wojskowym odznaczeniem &#8211; Orderem Virtuti Militari.<br \/>\n&#8222;Skromny, \u0142agodny, dobry cz\u0142owiek, ale jak krzemie\u0144 twardy&#8221; &#8211; tak p\u0142k Tadeusz Tomaszewski, szef Sztabu Dow\u00f3dztwa Obrony Warszawy opisywa\u0142 w\u00a01939 roku pp\u0142k. Waleriana Tewzadze, kt\u00f3ry postanowi\u0142 uzna\u0107 Polsk\u0119 za swoj\u0105 drug\u0105 ojczyzn\u0119. W swoim testamencie napisa\u0142:\u00a0&#8222;Jako Gruzin chcia\u0142bym by\u0107 pochowany w\u00a0Gruzji, ale jestem szcz\u0119\u015bliwy, \u017ce b\u0119d\u0119 pochowany w\u00a0ziemi szlachetnego i\u00a0dzielnego Narodu Polskiego&#8221;.\u00a0W marcu 2009 roku odby\u0142a si\u0119 w Dzier\u017coniowie uroczysto\u015b\u0107 ods\u0142oni\u0119cia obelisku po\u015bwi\u0119conego pami\u0119ci pu\u0142kownika Waleriana Tewzadze, a na \u015bcianie domu, gdzie \u017cy\u0142 przez czterdzie\u015bci lat, ods\u0142oni\u0119to tablic\u0119 pami\u0105tkow\u0105.<br \/>\nObecny na spotkaniu autorskim W\u00f3jt Gminy Dzier\u017coni\u00f3w Marek Chmielewski podkre\u015bli\u0142, \u017ce Walerian Tewzadze, oficer kontraktowy Wojska Polskiego, to bohater dw\u00f3ch narod\u00f3w a Dzier\u017coni\u00f3w na pewno kryje jeszcze wiele niezwyk\u0142ych historii.<\/p>\n<div id='gallery-1' class='gallery galleryid-3575 gallery-columns-3 gallery-size-thumbnail'><figure class='gallery-item'>\n\t\t\t<div class='gallery-icon landscape'>\n\t\t\t\t<a href='https:\/\/bibliotekamoscisko.pl\/?attachment_id=3576'><img decoding=\"async\" width=\"150\" height=\"150\" src=\"https:\/\/bibliotekamoscisko.pl\/wp-content\/uploads\/2016\/06\/DSCF6204-150x150.jpeg\" class=\"attachment-thumbnail size-thumbnail\" alt=\"\" srcset=\"https:\/\/bibliotekamoscisko.pl\/wp-content\/uploads\/2016\/06\/DSCF6204-150x150.jpeg 150w, https:\/\/bibliotekamoscisko.pl\/wp-content\/uploads\/2016\/06\/DSCF6204-1x1.jpeg 1w\" sizes=\"(max-width: 150px) 100vw, 150px\" \/><\/a>\n\t\t\t<\/div><\/figure><figure class='gallery-item'>\n\t\t\t<div class='gallery-icon landscape'>\n\t\t\t\t<a href='https:\/\/bibliotekamoscisko.pl\/?attachment_id=3580'><img decoding=\"async\" width=\"150\" height=\"150\" src=\"https:\/\/bibliotekamoscisko.pl\/wp-content\/uploads\/2016\/06\/DSCF6214-150x150.jpeg\" class=\"attachment-thumbnail size-thumbnail\" alt=\"\" srcset=\"https:\/\/bibliotekamoscisko.pl\/wp-content\/uploads\/2016\/06\/DSCF6214-150x150.jpeg 150w, https:\/\/bibliotekamoscisko.pl\/wp-content\/uploads\/2016\/06\/DSCF6214-1x1.jpeg 1w\" sizes=\"(max-width: 150px) 100vw, 150px\" \/><\/a>\n\t\t\t<\/div><\/figure><figure class='gallery-item'>\n\t\t\t<div class='gallery-icon portrait'>\n\t\t\t\t<a href='https:\/\/bibliotekamoscisko.pl\/?attachment_id=3581'><img decoding=\"async\" width=\"150\" height=\"150\" src=\"https:\/\/bibliotekamoscisko.pl\/wp-content\/uploads\/2016\/06\/DSCF6219-150x150.jpeg\" class=\"attachment-thumbnail size-thumbnail\" alt=\"\" srcset=\"https:\/\/bibliotekamoscisko.pl\/wp-content\/uploads\/2016\/06\/DSCF6219-150x150.jpeg 150w, https:\/\/bibliotekamoscisko.pl\/wp-content\/uploads\/2016\/06\/DSCF6219-1x1.jpeg 1w, https:\/\/bibliotekamoscisko.pl\/wp-content\/uploads\/2016\/06\/DSCF6219-397x400.jpeg 397w\" sizes=\"(max-width: 150px) 100vw, 150px\" \/><\/a>\n\t\t\t<\/div><\/figure><figure class='gallery-item'>\n\t\t\t<div class='gallery-icon landscape'>\n\t\t\t\t<a href='https:\/\/bibliotekamoscisko.pl\/?attachment_id=3579'><img loading=\"lazy\" decoding=\"async\" width=\"150\" height=\"150\" src=\"https:\/\/bibliotekamoscisko.pl\/wp-content\/uploads\/2016\/06\/DSCF6211-150x150.jpeg\" class=\"attachment-thumbnail size-thumbnail\" alt=\"\" srcset=\"https:\/\/bibliotekamoscisko.pl\/wp-content\/uploads\/2016\/06\/DSCF6211-150x150.jpeg 150w, https:\/\/bibliotekamoscisko.pl\/wp-content\/uploads\/2016\/06\/DSCF6211-1x1.jpeg 1w\" sizes=\"(max-width: 150px) 100vw, 150px\" \/><\/a>\n\t\t\t<\/div><\/figure><figure class='gallery-item'>\n\t\t\t<div class='gallery-icon landscape'>\n\t\t\t\t<a href='https:\/\/bibliotekamoscisko.pl\/?attachment_id=3578'><img loading=\"lazy\" decoding=\"async\" width=\"150\" height=\"150\" src=\"https:\/\/bibliotekamoscisko.pl\/wp-content\/uploads\/2016\/06\/DSCF6208-150x150.jpeg\" class=\"attachment-thumbnail size-thumbnail\" alt=\"\" srcset=\"https:\/\/bibliotekamoscisko.pl\/wp-content\/uploads\/2016\/06\/DSCF6208-150x150.jpeg 150w, https:\/\/bibliotekamoscisko.pl\/wp-content\/uploads\/2016\/06\/DSCF6208-2x1.jpeg 2w\" sizes=\"(max-width: 150px) 100vw, 150px\" \/><\/a>\n\t\t\t<\/div><\/figure><figure class='gallery-item'>\n\t\t\t<div class='gallery-icon landscape'>\n\t\t\t\t<a href='https:\/\/bibliotekamoscisko.pl\/?attachment_id=3577'><img loading=\"lazy\" decoding=\"async\" width=\"150\" height=\"150\" src=\"https:\/\/bibliotekamoscisko.pl\/wp-content\/uploads\/2016\/06\/DSCF6207-150x150.jpeg\" class=\"attachment-thumbnail size-thumbnail\" alt=\"\" srcset=\"https:\/\/bibliotekamoscisko.pl\/wp-content\/uploads\/2016\/06\/DSCF6207-150x150.jpeg 150w, https:\/\/bibliotekamoscisko.pl\/wp-content\/uploads\/2016\/06\/DSCF6207-2x1.jpeg 2w\" sizes=\"(max-width: 150px) 100vw, 150px\" \/><\/a>\n\t\t\t<\/div><\/figure>\n\t\t<\/div>\n\n<p>D.W.<\/p>\n","protected":false},"excerpt":{"rendered":"<p>Nawet ma\u0142e miejscowo\u015bci maja mo\u017cliwo\u015b\u0107 zetkn\u0105\u0107 si\u0119 z du\u017c\u0105 histori\u0105. Wystarczy mie\u0107 otwarte oczy i nie przechodzi\u0107 oboj\u0119tnie obok z pozoru b\u0142ahych element\u00f3w naszej rzeczywisto\u015bci. Na spotkaniu autorskim przekonywa\u0142 o [&hellip;]<\/p>\n","protected":false},"author":1,"featured_media":0,"comment_status":"closed","ping_status":"open","sticky":false,"template":"","format":"standard","meta":{"ngg_post_thumbnail":0,"footnotes":""},"categories":[1],"tags":[],"class_list":["post-3575","post","type-post","status-publish","format-standard","hentry","category-uncategorized"],"_links":{"self":[{"href":"https:\/\/bibliotekamoscisko.pl\/index.php?rest_route=\/wp\/v2\/posts\/3575","targetHints":{"allow":["GET"]}}],"collection":[{"href":"https:\/\/bibliotekamoscisko.pl\/index.php?rest_route=\/wp\/v2\/posts"}],"about":[{"href":"https:\/\/bibliotekamoscisko.pl\/index.php?rest_route=\/wp\/v2\/types\/post"}],"author":[{"embeddable":true,"href":"https:\/\/bibliotekamoscisko.pl\/index.php?rest_route=\/wp\/v2\/users\/1"}],"replies":[{"embeddable":true,"href":"https:\/\/bibliotekamoscisko.pl\/index.php?rest_route=%2Fwp%2Fv2%2Fcomments&post=3575"}],"version-history":[{"count":4,"href":"https:\/\/bibliotekamoscisko.pl\/index.php?rest_route=\/wp\/v2\/posts\/3575\/revisions"}],"predecessor-version":[{"id":3585,"href":"https:\/\/bibliotekamoscisko.pl\/index.php?rest_route=\/wp\/v2\/posts\/3575\/revisions\/3585"}],"wp:attachment":[{"href":"https:\/\/bibliotekamoscisko.pl\/index.php?rest_route=%2Fwp%2Fv2%2Fmedia&parent=3575"}],"wp:term":[{"taxonomy":"category","embeddable":true,"href":"https:\/\/bibliotekamoscisko.pl\/index.php?rest_route=%2Fwp%2Fv2%2Fcategories&post=3575"},{"taxonomy":"post_tag","embeddable":true,"href":"https:\/\/bibliotekamoscisko.pl\/index.php?rest_route=%2Fwp%2Fv2%2Ftags&post=3575"}],"curies":[{"name":"wp","href":"https:\/\/api.w.org\/{rel}","templated":true}]}}