{"id":3586,"date":"2016-06-21T08:55:08","date_gmt":"2016-06-21T08:55:08","guid":{"rendered":"http:\/\/bibliotekamoscisko.pl\/?p=3586"},"modified":"2016-06-21T11:02:11","modified_gmt":"2016-06-21T11:02:11","slug":"wa-lata-wspanialej-przygody-z-salonikiem-kobiet-ambitnych-w-ostroszowicach","status":"publish","type":"post","link":"https:\/\/bibliotekamoscisko.pl\/?p=3586","title":{"rendered":"Dwa lata wspania\u0142ej przygody z Salonikiem Kobiet Ambitnych w Ostroszowicach"},"content":{"rendered":"<p>Salonik Kobiet Ambitnych dzia\u0142aj\u0105cy przy Bibliotece w Ostroszowicach ma ju\u017c 2 lata. Z tego powodu wraz z przyjaci\u00f3\u0142mi, kt\u00f3rzy od pocz\u0105tku wspieraj\u0105 nasze dzia\u0142ania, przy wspania\u0142ym torcie, oczywi\u015bcie w kszta\u0142cie kapelusza, wspominali\u015bmy nasze pocz\u0105tki, najzabawniejsze historyjki i najwa\u017cniejsze chwile oraz niezapomniane prze\u017cycia.\u00a0Maj 2014&#8230; niby nic, a tak to si\u0119 zacz\u0119\u0142o, zwyczajne, a jednak niezwyczajne, w wykonaniu Orkiestry D\u0119tej Komendy Wojew\u00f3dzkiej Policji we Wroc\u0142awiu z okazji Dnia Rodzin. Debiutancki wyst\u0119p Pa\u0144, czyli: &#8222;Rodzina w poezji, piosence i sztuce&#8221;. Mimo deszczu wspania\u0142a impreza i pierwsze koty za p\u0142oty. P\u00f3\u017aniej nast\u0105pi\u0142a seria ciekawych warsztat\u00f3w &#8211; decoupage, tapicerskie, pieczenia i tak do wrze\u015bnia&#8230; a we wrze\u015bniu?\u00a0We wrze\u015bniu odby\u0142o si\u0119 pierwsze z udzia\u0142em Saloniku &#8222;Narodowe Czytanie&#8221; &#8211; fragmenty Trylogii Henryka Sienkiewicza odczytane oczywi\u015bcie w strojach z tamtych czas\u00f3w.<\/p>\n<p>Andrzejki to czas spotkania lokalnych lider\u00f3w, tam te\u017c poznali\u015bmy Gminn\u0105 Wied\u017am\u0119 Lukrecj\u0119 z nieod\u0142\u0105cznym kotem. Jeszcze wtedy z byle jak\u0105 miot\u0142\u0105.<\/p>\n<p>Stycze\u0144 2015, jak ka\u017cdy stycze\u0144, nale\u017ca\u0142 do WO\u015aP. Z rado\u015bci\u0105 wspomog\u0142y\u015bmy to wydarzenie, bo nasz przekazany na licytacj\u0119 tort zakupiony zosta\u0142 za rekordow\u0105 sum\u0119. Nast\u0119pnie ruszy\u0142 projekt &#8222;Ostrrroszowicki piernik&#8221; z lakow\u0105 piecz\u0105tk\u0105 z logo Saloniku. Wiele ciekawych pomys\u0142\u00f3w przysz\u0142o nam do g\u0142owy podczas pieczenia.<\/p>\n<p>Tak dotarli\u015bmy do naszej najambitniejszej imprezy &#8211; Gminnych Obchod\u00f3w Dnia Flagi. Podczas tej imprezy skrystalizowa\u0142 si\u0119 jeden z naszych cel\u00f3w: celebracja symboli narodowych. Mimo \u017ce niewiele wiedzia\u0142y\u015bmy o organizacji tego typu przedsi\u0119wzi\u0119\u0107, oby\u0142o si\u0119 bez wi\u0119kszych wpadek.<\/p>\n<p>Na do\u017cynkach wiejskich 2015 kolejne &#8222;Narodowe Czytanie&#8221; i &#8222;Lalka&#8221; Boles\u0142awa Prusa. Oczywi\u015bcie w strojach z tamtej epoki. Jesieni\u0105 po raz drugi wsp\u00f3lne robienie kotylion\u00f3w na Dzie\u0144 Niepodleg\u0142o\u015bci. Wiosn\u0105 2016 wydarzy\u0142o si\u0119 co\u015b niespodziewanego &#8211; dosta\u0142y\u015bmy si\u0119 do p\u00f3\u0142fina\u0142u og\u00f3lnopolskiego konkursu &#8222;Kobiety na start&#8221;. To doda\u0142o nam skrzyde\u0142&#8230;<\/p>\n<p>Zrobi\u0142y\u015bmy wi\u0119c wiecz\u00f3r muzyczno-poetycki, przygotowa\u0142y\u015bmy premier\u0119 ksi\u0105\u017cki lokalnego poety. Nast\u0119pnie nast\u0105pi\u0142o zupe\u0142ne szale\u0144stwo i&#8230; drugie Gminne Obchody Dnia Flagi. Tym razem mia\u0142y\u015bmy wi\u0119cej do\u015bwiadczenia i wcale nie mniej pomys\u0142\u00f3w. Jak\u017ce cieszy\u0142 widok wywieszonych bia\u0142o-czerwonych flag, kt\u00f3re rozda\u0142y\u015bmy w poprzednim roku&#8230; a polonez zata\u0144czony na placu przed sal\u0105 wiejsk\u0105 w Ostroszowicach przejdzie do historii.<\/p>\n<p>Kilka dni p\u00f3\u017aniej, ku zaskoczeniu wszystkich, dosta\u0142y\u015bmy zaproszenie do Pa\u0142acu Prezydenckiego. Spotkanie z Pani\u0105 Prezydentow\u0105, obiad w ogrodach Pa\u0142acu Prezydenckiego i kr\u00f3tkie zwiedzanie Warszawy to niezwyk\u0142a, niezapomniana przygoda.<\/p>\n<p>Na pocz\u0105tku czerwca 2016 osza\u0142amiaj\u0105ca &#8222;Noc bibliotek&#8221; i kolorowy korow\u00f3d przez wie\u015b w poszukiwaniu Magicznego Drzewa. Tak w\u0142a\u015bnie min\u0119\u0142y dwa lata&#8230;<\/p>\n<div id='gallery-1' class='gallery galleryid-3586 gallery-columns-3 gallery-size-thumbnail'><figure class='gallery-item'>\n\t\t\t<div class='gallery-icon landscape'>\n\t\t\t\t<a href='https:\/\/bibliotekamoscisko.pl\/?attachment_id=3587'><img decoding=\"async\" width=\"150\" height=\"150\" src=\"https:\/\/bibliotekamoscisko.pl\/wp-content\/uploads\/2016\/06\/1-2-150x150.jpg\" class=\"attachment-thumbnail size-thumbnail\" alt=\"\" srcset=\"https:\/\/bibliotekamoscisko.pl\/wp-content\/uploads\/2016\/06\/1-2-150x150.jpg 150w, https:\/\/bibliotekamoscisko.pl\/wp-content\/uploads\/2016\/06\/1-2-2x1.jpg 2w\" sizes=\"(max-width: 150px) 100vw, 150px\" \/><\/a>\n\t\t\t<\/div><\/figure><figure class='gallery-item'>\n\t\t\t<div class='gallery-icon landscape'>\n\t\t\t\t<a href='https:\/\/bibliotekamoscisko.pl\/?attachment_id=3588'><img decoding=\"async\" width=\"150\" height=\"150\" src=\"https:\/\/bibliotekamoscisko.pl\/wp-content\/uploads\/2016\/06\/2-150x150.jpg\" class=\"attachment-thumbnail size-thumbnail\" alt=\"\" srcset=\"https:\/\/bibliotekamoscisko.pl\/wp-content\/uploads\/2016\/06\/2-150x150.jpg 150w, https:\/\/bibliotekamoscisko.pl\/wp-content\/uploads\/2016\/06\/2-2x1.jpg 2w\" sizes=\"(max-width: 150px) 100vw, 150px\" \/><\/a>\n\t\t\t<\/div><\/figure><figure class='gallery-item'>\n\t\t\t<div class='gallery-icon landscape'>\n\t\t\t\t<a href='https:\/\/bibliotekamoscisko.pl\/?attachment_id=3589'><img decoding=\"async\" width=\"150\" height=\"150\" src=\"https:\/\/bibliotekamoscisko.pl\/wp-content\/uploads\/2016\/06\/3-1-150x150.jpg\" class=\"attachment-thumbnail size-thumbnail\" alt=\"\" srcset=\"https:\/\/bibliotekamoscisko.pl\/wp-content\/uploads\/2016\/06\/3-1-150x150.jpg 150w, https:\/\/bibliotekamoscisko.pl\/wp-content\/uploads\/2016\/06\/3-1-2x1.jpg 2w\" sizes=\"(max-width: 150px) 100vw, 150px\" \/><\/a>\n\t\t\t<\/div><\/figure><figure class='gallery-item'>\n\t\t\t<div class='gallery-icon landscape'>\n\t\t\t\t<a href='https:\/\/bibliotekamoscisko.pl\/?attachment_id=3590'><img loading=\"lazy\" decoding=\"async\" width=\"150\" height=\"150\" src=\"https:\/\/bibliotekamoscisko.pl\/wp-content\/uploads\/2016\/06\/4-1-150x150.jpg\" class=\"attachment-thumbnail size-thumbnail\" alt=\"\" srcset=\"https:\/\/bibliotekamoscisko.pl\/wp-content\/uploads\/2016\/06\/4-1-150x150.jpg 150w, https:\/\/bibliotekamoscisko.pl\/wp-content\/uploads\/2016\/06\/4-1-2x1.jpg 2w\" sizes=\"(max-width: 150px) 100vw, 150px\" \/><\/a>\n\t\t\t<\/div><\/figure><figure class='gallery-item'>\n\t\t\t<div class='gallery-icon landscape'>\n\t\t\t\t<a href='https:\/\/bibliotekamoscisko.pl\/?attachment_id=3591'><img loading=\"lazy\" decoding=\"async\" width=\"150\" height=\"150\" src=\"https:\/\/bibliotekamoscisko.pl\/wp-content\/uploads\/2016\/06\/5-1-150x150.jpg\" class=\"attachment-thumbnail size-thumbnail\" alt=\"\" srcset=\"https:\/\/bibliotekamoscisko.pl\/wp-content\/uploads\/2016\/06\/5-1-150x150.jpg 150w, https:\/\/bibliotekamoscisko.pl\/wp-content\/uploads\/2016\/06\/5-1-2x1.jpg 2w\" sizes=\"(max-width: 150px) 100vw, 150px\" \/><\/a>\n\t\t\t<\/div><\/figure>\n\t\t<\/div>\n\n<p>To co si\u0119 wydarzy\u0142o w tym czasie by\u0142o mo\u017cliwe tylko dzi\u0119ki temu, \u017ce mamy bardzo silne plecy &#8211; naszych bliskich. To Oni s\u0105 dope\u0142nieniem Saloniku. Wiele nie uda\u0142oby si\u0119 zrobi\u0107, gdyby nie pomoc os\u00f3b prywatnych, przedsi\u0119biorc\u00f3w i instytucji. Bardzo dzi\u0119kujemy za ka\u017cde wsparcie, za zrozumienie i za pomoc. Oczywi\u015bcie prosimy o dalsze wspieranie naszych szalonych pomys\u0142\u00f3w&#8230; Razem mo\u017cemy wszystko!<\/p>\n<p><i>Salonik Kobiet Ambitnych<\/i><\/p>\n","protected":false},"excerpt":{"rendered":"<p>Salonik Kobiet Ambitnych dzia\u0142aj\u0105cy przy Bibliotece w Ostroszowicach ma ju\u017c 2 lata. Z tego powodu wraz z przyjaci\u00f3\u0142mi, kt\u00f3rzy od pocz\u0105tku wspieraj\u0105 nasze dzia\u0142ania, przy wspania\u0142ym torcie, oczywi\u015bcie w kszta\u0142cie [&hellip;]<\/p>\n","protected":false},"author":1,"featured_media":0,"comment_status":"closed","ping_status":"open","sticky":false,"template":"","format":"standard","meta":{"ngg_post_thumbnail":0,"footnotes":""},"categories":[1],"tags":[],"class_list":["post-3586","post","type-post","status-publish","format-standard","hentry","category-uncategorized"],"_links":{"self":[{"href":"https:\/\/bibliotekamoscisko.pl\/index.php?rest_route=\/wp\/v2\/posts\/3586","targetHints":{"allow":["GET"]}}],"collection":[{"href":"https:\/\/bibliotekamoscisko.pl\/index.php?rest_route=\/wp\/v2\/posts"}],"about":[{"href":"https:\/\/bibliotekamoscisko.pl\/index.php?rest_route=\/wp\/v2\/types\/post"}],"author":[{"embeddable":true,"href":"https:\/\/bibliotekamoscisko.pl\/index.php?rest_route=\/wp\/v2\/users\/1"}],"replies":[{"embeddable":true,"href":"https:\/\/bibliotekamoscisko.pl\/index.php?rest_route=%2Fwp%2Fv2%2Fcomments&post=3586"}],"version-history":[{"count":2,"href":"https:\/\/bibliotekamoscisko.pl\/index.php?rest_route=\/wp\/v2\/posts\/3586\/revisions"}],"predecessor-version":[{"id":3593,"href":"https:\/\/bibliotekamoscisko.pl\/index.php?rest_route=\/wp\/v2\/posts\/3586\/revisions\/3593"}],"wp:attachment":[{"href":"https:\/\/bibliotekamoscisko.pl\/index.php?rest_route=%2Fwp%2Fv2%2Fmedia&parent=3586"}],"wp:term":[{"taxonomy":"category","embeddable":true,"href":"https:\/\/bibliotekamoscisko.pl\/index.php?rest_route=%2Fwp%2Fv2%2Fcategories&post=3586"},{"taxonomy":"post_tag","embeddable":true,"href":"https:\/\/bibliotekamoscisko.pl\/index.php?rest_route=%2Fwp%2Fv2%2Ftags&post=3586"}],"curies":[{"name":"wp","href":"https:\/\/api.w.org\/{rel}","templated":true}]}}