{"id":3594,"date":"2016-06-21T12:26:36","date_gmt":"2016-06-21T12:26:36","guid":{"rendered":"http:\/\/bibliotekamoscisko.pl\/?p=3594"},"modified":"2016-06-21T12:27:39","modified_gmt":"2016-06-21T12:27:39","slug":"tatus-tato-tatunio-ojciec-ojczulek","status":"publish","type":"post","link":"https:\/\/bibliotekamoscisko.pl\/?p=3594","title":{"rendered":"Tatu\u015b, Tato, Tatunio, Ojciec, Ojczulek"},"content":{"rendered":"<p>Obchody Dnia Ojca w Polsce zosta\u0142y zapocz\u0105tkowane na pocz\u0105tku XX w. w Stanach Zjednoczonych. Polska do\u0142\u0105czy\u0142a do wsp\u00f3lnego \u015bwi\u0119towania w <a href=\"http:\/\/bibliotekamoscisko.pl\/wp-content\/uploads\/2016\/06\/dzien-taty-kotyliok-kolor-200.jpg\" rel=\"attachment wp-att-3597\"><img decoding=\"async\" class=\"alignright size-thumbnail wp-image-3597\" src=\"http:\/\/bibliotekamoscisko.pl\/wp-content\/uploads\/2016\/06\/dzien-taty-kotyliok-kolor-200-150x150.jpg\" alt=\"dzien-taty-kotyliok-kolor-200\" width=\"150\" height=\"150\" srcset=\"https:\/\/bibliotekamoscisko.pl\/wp-content\/uploads\/2016\/06\/dzien-taty-kotyliok-kolor-200-150x150.jpg 150w, https:\/\/bibliotekamoscisko.pl\/wp-content\/uploads\/2016\/06\/dzien-taty-kotyliok-kolor-200-1x1.jpg 1w\" sizes=\"(max-width: 150px) 100vw, 150px\" \/><\/a>1965 roku. \u00a0Pami\u0119tajmy o \u017cyczeniach!<\/p>\n<p style=\"text-align: center;\"><strong>Biblioteka w Mo\u015bcisku zaprasza\u00a0<\/strong><\/p>\n<p>22 czerwca &#8211; godz. 17.00, warsztaty plastyczne &#8211; <span style=\"color: #993366;\">Zr\u00f3b niespodziank\u0119 dla Taty<\/span><\/p>\n<p>25 czerwca &#8211; godz. 15.00, <span style=\"color: #993366;\">spotkanie Dyskusyjnego Klubu Ksi\u0105\u017ckowego<\/span><\/p>\n<p><a href=\"http:\/\/bibliotekamoscisko.pl\/wp-content\/uploads\/2016\/06\/PLAKAT.jpg\" rel=\"attachment wp-att-3595\"><img fetchpriority=\"high\" decoding=\"async\" class=\"aligncenter wp-image-3595 size-large\" src=\"http:\/\/bibliotekamoscisko.pl\/wp-content\/uploads\/2016\/06\/PLAKAT-1024x749.jpg\" alt=\"PLAKAT\" width=\"654\" height=\"478\" srcset=\"https:\/\/bibliotekamoscisko.pl\/wp-content\/uploads\/2016\/06\/PLAKAT-1024x749.jpg 1024w, https:\/\/bibliotekamoscisko.pl\/wp-content\/uploads\/2016\/06\/PLAKAT-300x220.jpg 300w, https:\/\/bibliotekamoscisko.pl\/wp-content\/uploads\/2016\/06\/PLAKAT-768x562.jpg 768w, https:\/\/bibliotekamoscisko.pl\/wp-content\/uploads\/2016\/06\/PLAKAT-1x1.jpg 1w, https:\/\/bibliotekamoscisko.pl\/wp-content\/uploads\/2016\/06\/PLAKAT.jpg 1596w\" sizes=\"(max-width: 654px) 100vw, 654px\" \/><\/a><\/p>\n<p>&nbsp;<\/p>\n","protected":false},"excerpt":{"rendered":"<p>Obchody Dnia Ojca w Polsce zosta\u0142y zapocz\u0105tkowane na pocz\u0105tku XX w. w Stanach Zjednoczonych. Polska do\u0142\u0105czy\u0142a do wsp\u00f3lnego \u015bwi\u0119towania w 1965 roku. \u00a0Pami\u0119tajmy o \u017cyczeniach! Biblioteka w Mo\u015bcisku zaprasza\u00a0 22 [&hellip;]<\/p>\n","protected":false},"author":1,"featured_media":0,"comment_status":"closed","ping_status":"open","sticky":false,"template":"","format":"standard","meta":{"ngg_post_thumbnail":0,"footnotes":""},"categories":[1],"tags":[],"class_list":["post-3594","post","type-post","status-publish","format-standard","hentry","category-uncategorized"],"_links":{"self":[{"href":"https:\/\/bibliotekamoscisko.pl\/index.php?rest_route=\/wp\/v2\/posts\/3594","targetHints":{"allow":["GET"]}}],"collection":[{"href":"https:\/\/bibliotekamoscisko.pl\/index.php?rest_route=\/wp\/v2\/posts"}],"about":[{"href":"https:\/\/bibliotekamoscisko.pl\/index.php?rest_route=\/wp\/v2\/types\/post"}],"author":[{"embeddable":true,"href":"https:\/\/bibliotekamoscisko.pl\/index.php?rest_route=\/wp\/v2\/users\/1"}],"replies":[{"embeddable":true,"href":"https:\/\/bibliotekamoscisko.pl\/index.php?rest_route=%2Fwp%2Fv2%2Fcomments&post=3594"}],"version-history":[{"count":2,"href":"https:\/\/bibliotekamoscisko.pl\/index.php?rest_route=\/wp\/v2\/posts\/3594\/revisions"}],"predecessor-version":[{"id":3598,"href":"https:\/\/bibliotekamoscisko.pl\/index.php?rest_route=\/wp\/v2\/posts\/3594\/revisions\/3598"}],"wp:attachment":[{"href":"https:\/\/bibliotekamoscisko.pl\/index.php?rest_route=%2Fwp%2Fv2%2Fmedia&parent=3594"}],"wp:term":[{"taxonomy":"category","embeddable":true,"href":"https:\/\/bibliotekamoscisko.pl\/index.php?rest_route=%2Fwp%2Fv2%2Fcategories&post=3594"},{"taxonomy":"post_tag","embeddable":true,"href":"https:\/\/bibliotekamoscisko.pl\/index.php?rest_route=%2Fwp%2Fv2%2Ftags&post=3594"}],"curies":[{"name":"wp","href":"https:\/\/api.w.org\/{rel}","templated":true}]}}