{"id":3609,"date":"2016-06-25T08:37:26","date_gmt":"2016-06-25T08:37:26","guid":{"rendered":"http:\/\/bibliotekamoscisko.pl\/?p=3609"},"modified":"2016-06-25T08:37:26","modified_gmt":"2016-06-25T08:37:26","slug":"final-konkursu-czytelniczego-w-pilawie-dolnej","status":"publish","type":"post","link":"https:\/\/bibliotekamoscisko.pl\/?p=3609","title":{"rendered":"Fina\u0142 Konkursu Czytelniczego w Pi\u0142awie Dolnej"},"content":{"rendered":"<p>21 czerwca 2016 r . w Bibliotece Publiczno-Szkolnej w Pi\u0142awie Dolnej, odby\u0142 si\u0119 fina\u0142 Konkursu Czytelniczego dla dzieci i m\u0142odzie\u017cy. Celem konkursu jest popularyzacja czytelnictwa\u00a0w\u015br\u00f3d m\u0142odych czytelnik\u00f3w oraz zainteresowanie u\u017cytkownik\u00f3w biblioteki dobr\u0105 lektur\u0105.<\/p>\n<p>Podstawowym kryterium oceny i przyznania tytu\u0142u \u00a0<strong>Najlepszego czytelnika<\/strong>\u00a0jest najwi\u0119ksza \u00a0liczba wypo\u017cyczonych i przeczytanych ksi\u0105\u017cek.<\/p>\n<p>Nagrody otrzymali:<\/p>\n<p style=\"text-align: center;\"><strong>klasa I<\/strong><\/p>\n<p style=\"text-align: center;\">Klaudia Korman, Agata Przybyszewska.<\/p>\n<p style=\"text-align: center;\"><strong>klasa II<\/strong><\/p>\n<p style=\"text-align: center;\">Anna Bartosz , Adrian Korman, Eryk Drzewiecki, Mateusz Polkowski, Nadia Mina\u0142to<\/p>\n<p style=\"text-align: center;\"><strong>klasa III<\/strong><\/p>\n<p style=\"text-align: center;\">Oliwia Zyber, Micha\u0142 Sochalski.<\/p>\n<p style=\"text-align: center;\"><strong>klasa IV<\/strong><\/p>\n<p style=\"text-align: center;\">Szymon Polkowski.<\/p>\n<p style=\"text-align: center;\"><strong>klasa V<\/strong><\/p>\n<p style=\"text-align: center;\">Hubert Ku\u017cmi\u0144ski<\/p>\n<p style=\"text-align: center;\"><strong>klasa VI<\/strong><\/p>\n<p style=\"text-align: center;\">Oliwia Fijak, Karol Winnicki, Grzegorz Kilarski<\/p>\n<p style=\"text-align: center;\"><a href=\"http:\/\/bibliotekamoscisko.pl\/wp-content\/uploads\/2016\/06\/konkurs-czytelniczy2.jpg\" rel=\"attachment wp-att-3611\"><img fetchpriority=\"high\" decoding=\"async\" class=\"aligncenter size-full wp-image-3611\" src=\"http:\/\/bibliotekamoscisko.pl\/wp-content\/uploads\/2016\/06\/konkurs-czytelniczy2.jpg\" alt=\"konkurs czytelniczy2\" width=\"800\" height=\"499\" srcset=\"https:\/\/bibliotekamoscisko.pl\/wp-content\/uploads\/2016\/06\/konkurs-czytelniczy2.jpg 800w, https:\/\/bibliotekamoscisko.pl\/wp-content\/uploads\/2016\/06\/konkurs-czytelniczy2-300x187.jpg 300w, https:\/\/bibliotekamoscisko.pl\/wp-content\/uploads\/2016\/06\/konkurs-czytelniczy2-768x479.jpg 768w, https:\/\/bibliotekamoscisko.pl\/wp-content\/uploads\/2016\/06\/konkurs-czytelniczy2-2x1.jpg 2w\" sizes=\"(max-width: 800px) 100vw, 800px\" \/><\/a><\/p>\n<p style=\"text-align: left;\">Najbardziej rozczytana klasa, to klasa II, gdzie na jednego ucznia przypad\u0142o 31 wypo\u017cyczonych ksi\u0105\u017cek.<\/p>\n<p>\u00a0 \u00a0 \u00a0 \u00a0 \u00a0 \u00a0 \u00a0 \u00a0 \u00a0 \u00a0 \u00a0 \u00a0 \u00a0 \u00a0 \u00a0 \u00a0 \u00a0 \u00a0 \u00a0 \u00a0 \u00a0 \u00a0 \u00a0 \u00a0 \u00a0 \u00a0 \u00a0 \u00a0 \u00a0 \u00a0 \u00a0 \u00a0 \u00a0 \u00a0 \u00a0 \u00a0 \u00a0 \u00a0 \u00a0 \u00a0 \u00a0 \u00a0Gratulujemy!<\/p>\n<p>Wanda Kun<\/p>\n<p>&nbsp;<\/p>\n<p>&nbsp;<\/p>\n","protected":false},"excerpt":{"rendered":"<p>21 czerwca 2016 r . w Bibliotece Publiczno-Szkolnej w Pi\u0142awie Dolnej, odby\u0142 si\u0119 fina\u0142 Konkursu Czytelniczego dla dzieci i m\u0142odzie\u017cy. Celem konkursu jest popularyzacja czytelnictwa\u00a0w\u015br\u00f3d m\u0142odych czytelnik\u00f3w oraz zainteresowanie u\u017cytkownik\u00f3w [&hellip;]<\/p>\n","protected":false},"author":1,"featured_media":0,"comment_status":"closed","ping_status":"open","sticky":false,"template":"","format":"standard","meta":{"ngg_post_thumbnail":0,"footnotes":""},"categories":[1],"tags":[],"class_list":["post-3609","post","type-post","status-publish","format-standard","hentry","category-uncategorized"],"_links":{"self":[{"href":"https:\/\/bibliotekamoscisko.pl\/index.php?rest_route=\/wp\/v2\/posts\/3609","targetHints":{"allow":["GET"]}}],"collection":[{"href":"https:\/\/bibliotekamoscisko.pl\/index.php?rest_route=\/wp\/v2\/posts"}],"about":[{"href":"https:\/\/bibliotekamoscisko.pl\/index.php?rest_route=\/wp\/v2\/types\/post"}],"author":[{"embeddable":true,"href":"https:\/\/bibliotekamoscisko.pl\/index.php?rest_route=\/wp\/v2\/users\/1"}],"replies":[{"embeddable":true,"href":"https:\/\/bibliotekamoscisko.pl\/index.php?rest_route=%2Fwp%2Fv2%2Fcomments&post=3609"}],"version-history":[{"count":1,"href":"https:\/\/bibliotekamoscisko.pl\/index.php?rest_route=\/wp\/v2\/posts\/3609\/revisions"}],"predecessor-version":[{"id":3612,"href":"https:\/\/bibliotekamoscisko.pl\/index.php?rest_route=\/wp\/v2\/posts\/3609\/revisions\/3612"}],"wp:attachment":[{"href":"https:\/\/bibliotekamoscisko.pl\/index.php?rest_route=%2Fwp%2Fv2%2Fmedia&parent=3609"}],"wp:term":[{"taxonomy":"category","embeddable":true,"href":"https:\/\/bibliotekamoscisko.pl\/index.php?rest_route=%2Fwp%2Fv2%2Fcategories&post=3609"},{"taxonomy":"post_tag","embeddable":true,"href":"https:\/\/bibliotekamoscisko.pl\/index.php?rest_route=%2Fwp%2Fv2%2Ftags&post=3609"}],"curies":[{"name":"wp","href":"https:\/\/api.w.org\/{rel}","templated":true}]}}