{"id":3618,"date":"2016-06-30T10:09:48","date_gmt":"2016-06-30T10:09:48","guid":{"rendered":"http:\/\/bibliotekamoscisko.pl\/?p=3618"},"modified":"2016-07-01T11:09:19","modified_gmt":"2016-07-01T11:09:19","slug":"zapraszamy-na-zajecia-wakacyjne","status":"publish","type":"post","link":"https:\/\/bibliotekamoscisko.pl\/?p=3618","title":{"rendered":"Zapraszamy na zaj\u0119cia wakacyjne"},"content":{"rendered":"<p>Biblioteka w Mo\u015bcisku wsp\u00f3lnie ze Stowarzyszeniem &#8222;Przysta\u0144 Mo\u015bcisko&#8221; zaprasza od 04.07 do 14.07 na p\u00f3\u0142kolonie. Co czeka uczestnik\u00f3w?<\/p>\n<ol>\n<li>Zumba na weso\u0142o<\/li>\n<li>Wyj\u015bcie do zagrody &#8211; Ostoja nad M\u0142yn\u00f3wk\u0105<\/li>\n<li>Zaj\u0119cia plastyczne &#8211; drzewka z czego\u015b i niczego<\/li>\n<li>Czyn spo\u0142eczny na rzecz wsi Mo\u015bcisko<\/li>\n<li>Wycieczka<\/li>\n<li>Noc w Bibliotece<\/li>\n<\/ol>\n<p>W lipcu i sierpniu na wszystkich ch\u0119tnych czekaj\u0105 zaj\u0119cia edukacyjne, literackie i plastyczne. Tworzenie motylkowych ozd\u00f3b i ciekawych projekt\u00f3w z patyczk\u00f3w po lodach i rozmowy o gor\u0105cych ksi\u0105\u017ckach.<\/p>\n<p><a href=\"http:\/\/bibliotekamoscisko.pl\/wp-content\/uploads\/2016\/06\/plakat-Mos.jpg\" rel=\"attachment wp-att-3633\"><img fetchpriority=\"high\" decoding=\"async\" class=\"aligncenter size-full wp-image-3633\" src=\"http:\/\/bibliotekamoscisko.pl\/wp-content\/uploads\/2016\/06\/plakat-Mos.jpg\" alt=\"plakat Mos\" width=\"444\" height=\"628\" srcset=\"https:\/\/bibliotekamoscisko.pl\/wp-content\/uploads\/2016\/06\/plakat-Mos.jpg 444w, https:\/\/bibliotekamoscisko.pl\/wp-content\/uploads\/2016\/06\/plakat-Mos-212x300.jpg 212w, https:\/\/bibliotekamoscisko.pl\/wp-content\/uploads\/2016\/06\/plakat-Mos-1x1.jpg 1w\" sizes=\"(max-width: 444px) 100vw, 444px\" \/><\/a><\/p>\n<p><a href=\"http:\/\/bibliotekamoscisko.pl\/wp-content\/uploads\/2016\/06\/Wakacje-Tuszyn.png\" rel=\"attachment wp-att-3619\"><img decoding=\"async\" class=\"aligncenter size-full wp-image-3619\" src=\"http:\/\/bibliotekamoscisko.pl\/wp-content\/uploads\/2016\/06\/Wakacje-Tuszyn.png\" alt=\"Wakacje Tuszyn\" width=\"424\" height=\"598\" srcset=\"https:\/\/bibliotekamoscisko.pl\/wp-content\/uploads\/2016\/06\/Wakacje-Tuszyn.png 424w, https:\/\/bibliotekamoscisko.pl\/wp-content\/uploads\/2016\/06\/Wakacje-Tuszyn-213x300.png 213w, https:\/\/bibliotekamoscisko.pl\/wp-content\/uploads\/2016\/06\/Wakacje-Tuszyn-1x1.png 1w\" sizes=\"(max-width: 424px) 100vw, 424px\" \/><\/a><\/p>\n<p><a href=\"http:\/\/bibliotekamoscisko.pl\/wp-content\/uploads\/2016\/06\/Ostroszowice.jpg\" rel=\"attachment wp-att-3620\"><img decoding=\"async\" class=\"aligncenter size-full wp-image-3620\" src=\"http:\/\/bibliotekamoscisko.pl\/wp-content\/uploads\/2016\/06\/Ostroszowice.jpg\" alt=\"Ostroszowice\" width=\"450\" height=\"636\" srcset=\"https:\/\/bibliotekamoscisko.pl\/wp-content\/uploads\/2016\/06\/Ostroszowice.jpg 450w, https:\/\/bibliotekamoscisko.pl\/wp-content\/uploads\/2016\/06\/Ostroszowice-212x300.jpg 212w, https:\/\/bibliotekamoscisko.pl\/wp-content\/uploads\/2016\/06\/Ostroszowice-1x1.jpg 1w\" sizes=\"(max-width: 450px) 100vw, 450px\" \/><\/a><\/p>\n<h2><span style=\"text-decoration: underline; color: #3366ff;\">Pi\u0142awa Dolna<\/span><\/h2>\n<h4>\u00a0 \u00a0 \u00a0 \u00a0 \u00a0 \u00a0 \u00a0 \u00a0 \u00a0 \u00a0 1.07. \u00a0Malowanie abstrakcyjne.\u00a0Gry planszowe ,internetowe.<\/h4>\n<h4>\u00a0 \u00a0 \u00a0 \u00a0 \u00a0 \u00a0 \u00a0 \u00a0 \u00a0 \u00a0 \u00a04.07. Gry zabawy dydaktyczne ,dydaktyczne.<\/h4>\n<h4>\u00a0 \u00a0 \u00a0 \u00a0 \u00a0 \u00a0 \u00a0 \u00a0 \u00a0 \u00a0 \u00a0 5.07. Konkurs plastyczny pt.&#8221;Lato&#8221;.\u00a0Gry planszowe,internetowe.<\/h4>\n<h4>\u00a0 \u00a0 \u00a0 \u00a0 \u00a0 \u00a0 \u00a0 \u00a0 \u00a0 \u00a0 \u00a0 6.07. Malowanki,czytanki.Konkurs szybkiego czytania, gry planszowe, internetowe.<\/h4>\n<h4>\u00a0 \u00a0 \u00a0 \u00a0 \u00a0 \u00a0 \u00a0 \u00a0 \u00a0 \u00a0 \u00a0 \u00a07.07.Planeta Dinozaury w akwareli, wyszukujemy ciekawych informacji w ksi\u0105\u017ckach o tych\u00a0 \u00a0 \u00a0 \u00a0 \u00a0 \u00a0 \u00a0 \u00a0 \u00a0 \u00a0 \u00a0 \u00a0 \u00a0 \u00a0 zwierz\u0119tach.\\najciekawsze b\u0119d\u0105 nagradzane\\.<\/h4>\n<h4>\u00a0 \u00a0 \u00a0 \u00a0 \u00a0 \u00a0 \u00a0 \u00a0 \u00a0 \u00a0 \u00a0 8.07. \u00a0Opowiadamy niesamowite historie i przygody.\u00a0Gry planszowe, internetowe.<\/h4>\n<h4>\u00a0 \u00a0 \u00a0 \u00a0 \u00a0 \u00a0 \u00a0 \u00a0 \u00a0 \u00a0 \u00a0 11.07. \u00a0Obraz Pop-art, kontrast barw.Bawimy si\u0119 farbami plakatowymi i szarym papierem.\u00a0Gry planszowe,internetowe.<\/h4>\n<h4>\u00a0 \u00a0 \u00a0 \u00a0 \u00a0 \u00a0 \u00a0 \u00a0 \u00a0 \u00a0 \u00a0 12.07. \u00a0Kolorowo i weso\u0142o w bibliotece &#8211; zaj\u0119cia dydaktyczne.<\/h4>\n<h4>\u00a0 \u00a0 \u00a0 \u00a0 \u00a0 \u00a0 \u00a0 \u00a0 \u00a0 \u00a0 \u00a0 \u00a013.07. Konkurs szybkiego czytania, zabawy zr\u0119czno\u015bciowe.<\/h4>\n<h4>\u00a0 \u00a0 \u00a0 \u00a0 \u00a0 \u00a0 \u00a0 \u00a0 \u00a0 \u00a0 \u00a0 \u00a0 15.07. Redagujemy w\u0142asny komiks. Zabawy z brystolem.\u00a0Gry planszowe, internetowe.<\/h4>\n<h4>\u00a0 \u00a0 \u00a0 \u00a0 \u00a0 \u00a0 \u00a0 \u00a0 \u00a0 \u00a0 \u00a0 \u00a0 \u00a018.07. Kolorowy \u015bwiat bibu\u0142y. Gry planszowe,internetowe.<\/h4>\n<h4>\u00a0 \u00a0 \u00a0 \u00a0 \u00a0 \u00a0 \u00a0 \u00a0 \u00a0 \u00a0 \u00a0 \u00a019.07. \u00a0Konkurs plastyczny -&#8222;Moi bohaterowie ksi\u0105\u017cek&#8221;. &#8222;Podr\u00f3\u017ce Neli&#8221;.<\/h4>\n<h4>\u00a0 \u00a0 \u00a0 \u00a0 \u00a0 \u00a0 \u00a0 \u00a0 \u00a0 \u00a0 \u00a0 \u00a0 20.07.Gry ,zabawy doskonal\u0105ce pami\u0119\u0107, spostrzegawczo\u015b\u0107.<\/h4>\n<h4>\u00a0 \u00a0 \u00a0 \u00a0 \u00a0 \u00a0 \u00a0 \u00a0 \u00a0 \u00a0 \u00a0 \u00a0 21.07. \u00a0 Zgaduj-zgadula &#8211; pomylone tytu\u0142y.Gry planszowe ,internetowe.<\/h4>\n<h4>\u00a0 \u00a0 \u00a0 \u00a0 \u00a0 \u00a0 \u00a0 \u00a0 \u00a0 \u00a0 \u00a0 \u00a0 22.07. \u00a0Kartka z wakacji,rysunki dzieci.Gry planszowe,internetowe.<\/h4>\n<h4><\/h4>\n<p style=\"text-align: center;\"><strong>GODZINY PRACY BIBLIOTEK W CZASIE WAKACYJNYM<\/strong><\/p>\n<p><a href=\"http:\/\/bibliotekamoscisko.pl\/wp-content\/uploads\/2016\/06\/godziny-pracy.jpg\" rel=\"attachment wp-att-3621\"><img loading=\"lazy\" decoding=\"async\" class=\"aligncenter size-full wp-image-3621\" src=\"http:\/\/bibliotekamoscisko.pl\/wp-content\/uploads\/2016\/06\/godziny-pracy.jpg\" alt=\"godziny pracy\" width=\"480\" height=\"636\" srcset=\"https:\/\/bibliotekamoscisko.pl\/wp-content\/uploads\/2016\/06\/godziny-pracy.jpg 480w, https:\/\/bibliotekamoscisko.pl\/wp-content\/uploads\/2016\/06\/godziny-pracy-226x300.jpg 226w, https:\/\/bibliotekamoscisko.pl\/wp-content\/uploads\/2016\/06\/godziny-pracy-1x1.jpg 1w\" sizes=\"(max-width: 480px) 100vw, 480px\" \/><\/a><\/p>\n<p>&nbsp;<\/p>\n","protected":false},"excerpt":{"rendered":"<p>Biblioteka w Mo\u015bcisku wsp\u00f3lnie ze Stowarzyszeniem &#8222;Przysta\u0144 Mo\u015bcisko&#8221; zaprasza od 04.07 do 14.07 na p\u00f3\u0142kolonie. Co czeka uczestnik\u00f3w? Zumba na weso\u0142o Wyj\u015bcie do zagrody &#8211; Ostoja nad M\u0142yn\u00f3wk\u0105 Zaj\u0119cia plastyczne [&hellip;]<\/p>\n","protected":false},"author":1,"featured_media":0,"comment_status":"closed","ping_status":"open","sticky":false,"template":"","format":"standard","meta":{"ngg_post_thumbnail":0,"footnotes":""},"categories":[1],"tags":[],"class_list":["post-3618","post","type-post","status-publish","format-standard","hentry","category-uncategorized"],"_links":{"self":[{"href":"https:\/\/bibliotekamoscisko.pl\/index.php?rest_route=\/wp\/v2\/posts\/3618","targetHints":{"allow":["GET"]}}],"collection":[{"href":"https:\/\/bibliotekamoscisko.pl\/index.php?rest_route=\/wp\/v2\/posts"}],"about":[{"href":"https:\/\/bibliotekamoscisko.pl\/index.php?rest_route=\/wp\/v2\/types\/post"}],"author":[{"embeddable":true,"href":"https:\/\/bibliotekamoscisko.pl\/index.php?rest_route=\/wp\/v2\/users\/1"}],"replies":[{"embeddable":true,"href":"https:\/\/bibliotekamoscisko.pl\/index.php?rest_route=%2Fwp%2Fv2%2Fcomments&post=3618"}],"version-history":[{"count":4,"href":"https:\/\/bibliotekamoscisko.pl\/index.php?rest_route=\/wp\/v2\/posts\/3618\/revisions"}],"predecessor-version":[{"id":3634,"href":"https:\/\/bibliotekamoscisko.pl\/index.php?rest_route=\/wp\/v2\/posts\/3618\/revisions\/3634"}],"wp:attachment":[{"href":"https:\/\/bibliotekamoscisko.pl\/index.php?rest_route=%2Fwp%2Fv2%2Fmedia&parent=3618"}],"wp:term":[{"taxonomy":"category","embeddable":true,"href":"https:\/\/bibliotekamoscisko.pl\/index.php?rest_route=%2Fwp%2Fv2%2Fcategories&post=3618"},{"taxonomy":"post_tag","embeddable":true,"href":"https:\/\/bibliotekamoscisko.pl\/index.php?rest_route=%2Fwp%2Fv2%2Ftags&post=3618"}],"curies":[{"name":"wp","href":"https:\/\/api.w.org\/{rel}","templated":true}]}}