{"id":3646,"date":"2016-07-06T11:45:22","date_gmt":"2016-07-06T11:45:22","guid":{"rendered":"http:\/\/bibliotekamoscisko.pl\/?p=3646"},"modified":"2016-07-06T11:45:22","modified_gmt":"2016-07-06T11:45:22","slug":"kulturalny-wtorek-trwa-u-nas-przez-caly-rok","status":"publish","type":"post","link":"https:\/\/bibliotekamoscisko.pl\/?p=3646","title":{"rendered":"Kulturalny wtorek trwa u nas przez ca\u0142y rok"},"content":{"rendered":"<p><a href=\"https:\/\/www.facebook.com\/pages\/Gmina-Dzier%C5%BConi%C3%B3w\/1506267812977210\">Gmina Dzier\u017coni\u00f3w<\/a> 5 lipca \u00a0odwiedzi\u0142a wroc\u0142awsk\u0105 Barbar\u0119. \u00a0\u00a0\u00a0\u00a0<a href=\"http:\/\/bibliotekamoscisko.pl\/wp-content\/uploads\/2016\/07\/wsk.jpg\" rel=\"attachment wp-att-3647\"><img decoding=\"async\" class=\"alignright size-thumbnail wp-image-3647\" src=\"http:\/\/bibliotekamoscisko.pl\/wp-content\/uploads\/2016\/07\/wsk-150x150.jpg\" alt=\"wsk\" width=\"150\" height=\"150\" srcset=\"https:\/\/bibliotekamoscisko.pl\/wp-content\/uploads\/2016\/07\/wsk-150x150.jpg 150w, https:\/\/bibliotekamoscisko.pl\/wp-content\/uploads\/2016\/07\/wsk-1x1.jpg 1w\" sizes=\"(max-width: 150px) 100vw, 150px\" \/><\/a><\/p>\n<p>W ramach regionalnych wtork\u00f3w mogli\u015bmy opowiedzie\u0107 o naszym pi\u0119knym Dolnym \u015al\u0105sku i zaprezentowa\u0107 kultur\u0119 tego zak\u0105tka. Mieszka\u0144cy Wroc\u0142awia, kt\u00f3ry w tym roku jest tak\u017ce Europejsk\u0105 Stolic\u0105 Kultury, mogli r\u00f3wnie\u017c spojrze\u0107 na dzia\u0142alno\u015b\u0107 Biblioteki Publicznej Gminy Dzier\u017coni\u00f3w im. W\u0142adys\u0142awa Reymonta. W programie zaprezentowano mi.in wystaw\u0119 prac fotograficznych Joanny \u015aliwy-Cicho\u0144 i m\u0142odych fotograf\u00f3w \u2013 Julity Krzy\u017cak oraz Justyny Ju\u015bko, zaj\u0119cia scrabookingowe i literackie tropienia ukrytych hase\u0142 w dzie\u0142ach Reymonta. Ch\u0119tni mogli r\u00f3wnie\u017c obejrze\u0107\u00a0 wspania\u0142e koronki, tworzone zanikaj\u0105c\u0105 metod\u0105 klockow\u0105 przez Pani\u0105 El\u017cbiet\u0119 Struzik i pos\u0142ucha\u0107 muzycznych zaprosze\u0144 na kolejn\u0105 edycj\u0119 Mi\u0119dzynarodowego Festiwalu Folklorystycznego Bukowi\u0144skie Spotkania. Reprezentanci Zespo\u0142u G\u00f3rali Czadeckich Pojana w swoich kolorowych strojach namawiali do odwiedzenia w tym roku Dzier\u017coniowa oraz Uciechowa. Spotkania 14 i 15 sierpnia to jedne z nielicznych mo\u017cliwo\u015bci poznania bogactwa bukowi\u0144skiej kultury ludowej w jej wielonarodowej ods\u0142onie.<\/p>\n<div id='gallery-1' class='gallery galleryid-3646 gallery-columns-3 gallery-size-thumbnail'><figure class='gallery-item'>\n\t\t\t<div class='gallery-icon portrait'>\n\t\t\t\t<a href='https:\/\/bibliotekamoscisko.pl\/?attachment_id=3648'><img decoding=\"async\" width=\"150\" height=\"150\" src=\"https:\/\/bibliotekamoscisko.pl\/wp-content\/uploads\/2016\/07\/DSCF6566-150x150.jpg\" class=\"attachment-thumbnail size-thumbnail\" alt=\"\" srcset=\"https:\/\/bibliotekamoscisko.pl\/wp-content\/uploads\/2016\/07\/DSCF6566-150x150.jpg 150w, https:\/\/bibliotekamoscisko.pl\/wp-content\/uploads\/2016\/07\/DSCF6566-1x1.jpg 1w\" sizes=\"(max-width: 150px) 100vw, 150px\" \/><\/a>\n\t\t\t<\/div><\/figure><figure class='gallery-item'>\n\t\t\t<div class='gallery-icon landscape'>\n\t\t\t\t<a href='https:\/\/bibliotekamoscisko.pl\/?attachment_id=3649'><img decoding=\"async\" width=\"150\" height=\"150\" src=\"https:\/\/bibliotekamoscisko.pl\/wp-content\/uploads\/2016\/07\/DSCF6568-150x150.jpg\" class=\"attachment-thumbnail size-thumbnail\" alt=\"\" srcset=\"https:\/\/bibliotekamoscisko.pl\/wp-content\/uploads\/2016\/07\/DSCF6568-150x150.jpg 150w, https:\/\/bibliotekamoscisko.pl\/wp-content\/uploads\/2016\/07\/DSCF6568-2x1.jpg 2w\" sizes=\"(max-width: 150px) 100vw, 150px\" \/><\/a>\n\t\t\t<\/div><\/figure><figure class='gallery-item'>\n\t\t\t<div class='gallery-icon landscape'>\n\t\t\t\t<a href='https:\/\/bibliotekamoscisko.pl\/?attachment_id=3650'><img loading=\"lazy\" decoding=\"async\" width=\"150\" height=\"150\" src=\"https:\/\/bibliotekamoscisko.pl\/wp-content\/uploads\/2016\/07\/DSCF6572-150x150.jpg\" class=\"attachment-thumbnail size-thumbnail\" alt=\"\" srcset=\"https:\/\/bibliotekamoscisko.pl\/wp-content\/uploads\/2016\/07\/DSCF6572-150x150.jpg 150w, https:\/\/bibliotekamoscisko.pl\/wp-content\/uploads\/2016\/07\/DSCF6572-1x1.jpg 1w\" sizes=\"(max-width: 150px) 100vw, 150px\" \/><\/a>\n\t\t\t<\/div><\/figure><figure class='gallery-item'>\n\t\t\t<div class='gallery-icon portrait'>\n\t\t\t\t<a href='https:\/\/bibliotekamoscisko.pl\/?attachment_id=3651'><img loading=\"lazy\" decoding=\"async\" width=\"150\" height=\"150\" src=\"https:\/\/bibliotekamoscisko.pl\/wp-content\/uploads\/2016\/07\/IMG_1765-150x150.jpg\" class=\"attachment-thumbnail size-thumbnail\" alt=\"\" srcset=\"https:\/\/bibliotekamoscisko.pl\/wp-content\/uploads\/2016\/07\/IMG_1765-150x150.jpg 150w, https:\/\/bibliotekamoscisko.pl\/wp-content\/uploads\/2016\/07\/IMG_1765-1x1.jpg 1w\" sizes=\"(max-width: 150px) 100vw, 150px\" \/><\/a>\n\t\t\t<\/div><\/figure><figure class='gallery-item'>\n\t\t\t<div class='gallery-icon landscape'>\n\t\t\t\t<a href='https:\/\/bibliotekamoscisko.pl\/?attachment_id=3652'><img loading=\"lazy\" decoding=\"async\" width=\"150\" height=\"150\" src=\"https:\/\/bibliotekamoscisko.pl\/wp-content\/uploads\/2016\/07\/IMG_1768-150x150.jpg\" class=\"attachment-thumbnail size-thumbnail\" alt=\"\" srcset=\"https:\/\/bibliotekamoscisko.pl\/wp-content\/uploads\/2016\/07\/IMG_1768-150x150.jpg 150w, https:\/\/bibliotekamoscisko.pl\/wp-content\/uploads\/2016\/07\/IMG_1768-1x1.jpg 1w\" sizes=\"(max-width: 150px) 100vw, 150px\" \/><\/a>\n\t\t\t<\/div><\/figure><figure class='gallery-item'>\n\t\t\t<div class='gallery-icon landscape'>\n\t\t\t\t<a href='https:\/\/bibliotekamoscisko.pl\/?attachment_id=3653'><img loading=\"lazy\" decoding=\"async\" width=\"150\" height=\"150\" src=\"https:\/\/bibliotekamoscisko.pl\/wp-content\/uploads\/2016\/07\/IMG_1771-150x150.jpg\" class=\"attachment-thumbnail size-thumbnail\" alt=\"\" srcset=\"https:\/\/bibliotekamoscisko.pl\/wp-content\/uploads\/2016\/07\/IMG_1771-150x150.jpg 150w, https:\/\/bibliotekamoscisko.pl\/wp-content\/uploads\/2016\/07\/IMG_1771-1x1.jpg 1w\" sizes=\"(max-width: 150px) 100vw, 150px\" \/><\/a>\n\t\t\t<\/div><\/figure><figure class='gallery-item'>\n\t\t\t<div class='gallery-icon portrait'>\n\t\t\t\t<a href='https:\/\/bibliotekamoscisko.pl\/?attachment_id=3654'><img loading=\"lazy\" decoding=\"async\" width=\"150\" height=\"150\" src=\"https:\/\/bibliotekamoscisko.pl\/wp-content\/uploads\/2016\/07\/FullSizeRender-28-150x150.jpg\" class=\"attachment-thumbnail size-thumbnail\" alt=\"\" srcset=\"https:\/\/bibliotekamoscisko.pl\/wp-content\/uploads\/2016\/07\/FullSizeRender-28-150x150.jpg 150w, https:\/\/bibliotekamoscisko.pl\/wp-content\/uploads\/2016\/07\/FullSizeRender-28-1x1.jpg 1w\" sizes=\"(max-width: 150px) 100vw, 150px\" \/><\/a>\n\t\t\t<\/div><\/figure>\n\t\t<\/div>\n\n<p>D.W.<\/p>\n","protected":false},"excerpt":{"rendered":"<p>Gmina Dzier\u017coni\u00f3w 5 lipca \u00a0odwiedzi\u0142a wroc\u0142awsk\u0105 Barbar\u0119. \u00a0\u00a0\u00a0\u00a0 W ramach regionalnych wtork\u00f3w mogli\u015bmy opowiedzie\u0107 o naszym pi\u0119knym Dolnym \u015al\u0105sku i zaprezentowa\u0107 kultur\u0119 tego zak\u0105tka. Mieszka\u0144cy Wroc\u0142awia, kt\u00f3ry w tym roku [&hellip;]<\/p>\n","protected":false},"author":1,"featured_media":0,"comment_status":"closed","ping_status":"open","sticky":false,"template":"","format":"standard","meta":{"ngg_post_thumbnail":0,"footnotes":""},"categories":[1],"tags":[],"class_list":["post-3646","post","type-post","status-publish","format-standard","hentry","category-uncategorized"],"_links":{"self":[{"href":"https:\/\/bibliotekamoscisko.pl\/index.php?rest_route=\/wp\/v2\/posts\/3646","targetHints":{"allow":["GET"]}}],"collection":[{"href":"https:\/\/bibliotekamoscisko.pl\/index.php?rest_route=\/wp\/v2\/posts"}],"about":[{"href":"https:\/\/bibliotekamoscisko.pl\/index.php?rest_route=\/wp\/v2\/types\/post"}],"author":[{"embeddable":true,"href":"https:\/\/bibliotekamoscisko.pl\/index.php?rest_route=\/wp\/v2\/users\/1"}],"replies":[{"embeddable":true,"href":"https:\/\/bibliotekamoscisko.pl\/index.php?rest_route=%2Fwp%2Fv2%2Fcomments&post=3646"}],"version-history":[{"count":1,"href":"https:\/\/bibliotekamoscisko.pl\/index.php?rest_route=\/wp\/v2\/posts\/3646\/revisions"}],"predecessor-version":[{"id":3655,"href":"https:\/\/bibliotekamoscisko.pl\/index.php?rest_route=\/wp\/v2\/posts\/3646\/revisions\/3655"}],"wp:attachment":[{"href":"https:\/\/bibliotekamoscisko.pl\/index.php?rest_route=%2Fwp%2Fv2%2Fmedia&parent=3646"}],"wp:term":[{"taxonomy":"category","embeddable":true,"href":"https:\/\/bibliotekamoscisko.pl\/index.php?rest_route=%2Fwp%2Fv2%2Fcategories&post=3646"},{"taxonomy":"post_tag","embeddable":true,"href":"https:\/\/bibliotekamoscisko.pl\/index.php?rest_route=%2Fwp%2Fv2%2Ftags&post=3646"}],"curies":[{"name":"wp","href":"https:\/\/api.w.org\/{rel}","templated":true}]}}