{"id":3678,"date":"2016-07-18T12:02:54","date_gmt":"2016-07-18T12:02:54","guid":{"rendered":"http:\/\/bibliotekamoscisko.pl\/?p=3678"},"modified":"2016-07-18T12:02:54","modified_gmt":"2016-07-18T12:02:54","slug":"ostroszowicki-flash-mob","status":"publish","type":"post","link":"https:\/\/bibliotekamoscisko.pl\/?p=3678","title":{"rendered":"Ostroszowicki flash mob"},"content":{"rendered":"<p>Pierwszy w historii Ostroszowic flash mob skierowany do przypadkowych przechodni\u00f3w w centrum miejscowo\u015bci uda\u0142 si\u0119 znakomicie.\u00a015 lipca o godzinie 17.00, w centrum wsi przed Domem Kultury rozpocz\u0119\u0142o si\u0119 wydarzenie, kt\u00f3re wpisuje si\u0119 w kulturalny i artystyczny nurt Ostroszowic.\u00a0Przypadkowi przechodnie, klienci sklepu, s\u0105siedzi, kierowcy w swoich samochodach i motocyklach oraz m\u0142odzie\u017c na wycieczce rowerowej zatrzymywali si\u0119 na chwil\u0119, by podziwia\u0107 ma\u0142ych artyst\u00f3w, kt\u00f3rzy wykorzystuj\u0105c woln\u0105 uliczn\u0105 przestrze\u0144 wykonywali wspania\u0142y taniec.\u00a0Aktorka Wroc\u0142awskiego Teatru Pantomimy Pani <strong>Izabela Cze\u015bniewicz<\/strong>, przebywaj\u0105ca go\u015bcinnie na Wyspie Koni, nauczy\u0142a dzieci tego wspania\u0142ego uk\u0142adu tanecznego.<\/p>\n<div id='gallery-1' class='gallery galleryid-3678 gallery-columns-3 gallery-size-thumbnail'><figure class='gallery-item'>\n\t\t\t<div class='gallery-icon landscape'>\n\t\t\t\t<a href='https:\/\/bibliotekamoscisko.pl\/?attachment_id=3679'><img decoding=\"async\" width=\"150\" height=\"150\" src=\"https:\/\/bibliotekamoscisko.pl\/wp-content\/uploads\/2016\/07\/2-150x150.jpg\" class=\"attachment-thumbnail size-thumbnail\" alt=\"\" srcset=\"https:\/\/bibliotekamoscisko.pl\/wp-content\/uploads\/2016\/07\/2-150x150.jpg 150w, https:\/\/bibliotekamoscisko.pl\/wp-content\/uploads\/2016\/07\/2-1x1.jpg 1w\" sizes=\"(max-width: 150px) 100vw, 150px\" \/><\/a>\n\t\t\t<\/div><\/figure><figure class='gallery-item'>\n\t\t\t<div class='gallery-icon landscape'>\n\t\t\t\t<a href='https:\/\/bibliotekamoscisko.pl\/?attachment_id=3680'><img decoding=\"async\" width=\"150\" height=\"150\" src=\"https:\/\/bibliotekamoscisko.pl\/wp-content\/uploads\/2016\/07\/DSC_2358-150x150.jpg\" class=\"attachment-thumbnail size-thumbnail\" alt=\"\" srcset=\"https:\/\/bibliotekamoscisko.pl\/wp-content\/uploads\/2016\/07\/DSC_2358-150x150.jpg 150w, https:\/\/bibliotekamoscisko.pl\/wp-content\/uploads\/2016\/07\/DSC_2358-1x1.jpg 1w\" sizes=\"(max-width: 150px) 100vw, 150px\" \/><\/a>\n\t\t\t<\/div><\/figure><figure class='gallery-item'>\n\t\t\t<div class='gallery-icon landscape'>\n\t\t\t\t<a href='https:\/\/bibliotekamoscisko.pl\/?attachment_id=3681'><img decoding=\"async\" width=\"150\" height=\"150\" src=\"https:\/\/bibliotekamoscisko.pl\/wp-content\/uploads\/2016\/07\/DSC_2387-150x150.jpg\" class=\"attachment-thumbnail size-thumbnail\" alt=\"\" srcset=\"https:\/\/bibliotekamoscisko.pl\/wp-content\/uploads\/2016\/07\/DSC_2387-150x150.jpg 150w, https:\/\/bibliotekamoscisko.pl\/wp-content\/uploads\/2016\/07\/DSC_2387-1x1.jpg 1w\" sizes=\"(max-width: 150px) 100vw, 150px\" \/><\/a>\n\t\t\t<\/div><\/figure><figure class='gallery-item'>\n\t\t\t<div class='gallery-icon landscape'>\n\t\t\t\t<a href='https:\/\/bibliotekamoscisko.pl\/?attachment_id=3682'><img loading=\"lazy\" decoding=\"async\" width=\"150\" height=\"150\" src=\"https:\/\/bibliotekamoscisko.pl\/wp-content\/uploads\/2016\/07\/Ostro1-150x150.jpg\" class=\"attachment-thumbnail size-thumbnail\" alt=\"\" srcset=\"https:\/\/bibliotekamoscisko.pl\/wp-content\/uploads\/2016\/07\/Ostro1-150x150.jpg 150w, https:\/\/bibliotekamoscisko.pl\/wp-content\/uploads\/2016\/07\/Ostro1-1x1.jpg 1w\" sizes=\"(max-width: 150px) 100vw, 150px\" \/><\/a>\n\t\t\t<\/div><\/figure>\n\t\t<\/div>\n\n<p>Dzi\u0119kujemy serdecznie za niebanaln\u0105 kulturaln\u0105 niespodziank\u0119, powsta\u0142\u0105 przy udziale Ma\u0142gorzaty Zabuskiej, Bo\u017ceny i Aleksandry Nowak oraz Agnieszki G\u0119bskiej .<\/p>\n<p>Zadowolony obserwator stwierdzi\u0142, \u017ce przynajmniej w ka\u017cdy pi\u0105tek powinien by\u0107 taki pokaz!<\/p>\n<p>&nbsp;<\/p>\n<p>Maria Kirkiewicz<\/p>\n<p>Salonik Kobiet Ambitnych<\/p>\n<p>przy bibliotece w Ostroszowicach<\/p>\n","protected":false},"excerpt":{"rendered":"<p>Pierwszy w historii Ostroszowic flash mob skierowany do przypadkowych przechodni\u00f3w w centrum miejscowo\u015bci uda\u0142 si\u0119 znakomicie.\u00a015 lipca o godzinie 17.00, w centrum wsi przed Domem Kultury rozpocz\u0119\u0142o si\u0119 wydarzenie, kt\u00f3re [&hellip;]<\/p>\n","protected":false},"author":1,"featured_media":0,"comment_status":"closed","ping_status":"open","sticky":false,"template":"","format":"standard","meta":{"ngg_post_thumbnail":0,"footnotes":""},"categories":[1],"tags":[],"class_list":["post-3678","post","type-post","status-publish","format-standard","hentry","category-uncategorized"],"_links":{"self":[{"href":"https:\/\/bibliotekamoscisko.pl\/index.php?rest_route=\/wp\/v2\/posts\/3678","targetHints":{"allow":["GET"]}}],"collection":[{"href":"https:\/\/bibliotekamoscisko.pl\/index.php?rest_route=\/wp\/v2\/posts"}],"about":[{"href":"https:\/\/bibliotekamoscisko.pl\/index.php?rest_route=\/wp\/v2\/types\/post"}],"author":[{"embeddable":true,"href":"https:\/\/bibliotekamoscisko.pl\/index.php?rest_route=\/wp\/v2\/users\/1"}],"replies":[{"embeddable":true,"href":"https:\/\/bibliotekamoscisko.pl\/index.php?rest_route=%2Fwp%2Fv2%2Fcomments&post=3678"}],"version-history":[{"count":1,"href":"https:\/\/bibliotekamoscisko.pl\/index.php?rest_route=\/wp\/v2\/posts\/3678\/revisions"}],"predecessor-version":[{"id":3683,"href":"https:\/\/bibliotekamoscisko.pl\/index.php?rest_route=\/wp\/v2\/posts\/3678\/revisions\/3683"}],"wp:attachment":[{"href":"https:\/\/bibliotekamoscisko.pl\/index.php?rest_route=%2Fwp%2Fv2%2Fmedia&parent=3678"}],"wp:term":[{"taxonomy":"category","embeddable":true,"href":"https:\/\/bibliotekamoscisko.pl\/index.php?rest_route=%2Fwp%2Fv2%2Fcategories&post=3678"},{"taxonomy":"post_tag","embeddable":true,"href":"https:\/\/bibliotekamoscisko.pl\/index.php?rest_route=%2Fwp%2Fv2%2Ftags&post=3678"}],"curies":[{"name":"wp","href":"https:\/\/api.w.org\/{rel}","templated":true}]}}