{"id":3720,"date":"2016-08-09T06:36:35","date_gmt":"2016-08-09T06:36:35","guid":{"rendered":"http:\/\/bibliotekamoscisko.pl\/?p=3720"},"modified":"2016-08-09T07:18:43","modified_gmt":"2016-08-09T07:18:43","slug":"bukowinskie-spotkania-juz-14-i-15-sierpnia","status":"publish","type":"post","link":"https:\/\/bibliotekamoscisko.pl\/?p=3720","title":{"rendered":"Bukowi\u0144skie Spotkania ju\u017c 14 i 15 sierpnia!"},"content":{"rendered":"<p>Serdecznie zapraszamy na XXVII edycj\u0119 Mi\u0119dzynarodowego Festiwalu Folklorystycznego &#8222;Bukowi\u0144skie spotkania&#8221;. To<a href=\"http:\/\/bibliotekamoscisko.pl\/wp-content\/uploads\/2016\/08\/bukowi\u0144skie-plakat_27.jpg\" rel=\"attachment wp-att-3721\"><img decoding=\"async\" class=\"alignright size-thumbnail wp-image-3721\" src=\"http:\/\/bibliotekamoscisko.pl\/wp-content\/uploads\/2016\/08\/bukowi\u0144skie-plakat_27-150x138.jpg\" alt=\"bukowi\u0144skie plakat_27\" width=\"150\" height=\"138\" srcset=\"https:\/\/bibliotekamoscisko.pl\/wp-content\/uploads\/2016\/08\/bukowi\u0144skie-plakat_27-150x138.jpg 150w, https:\/\/bibliotekamoscisko.pl\/wp-content\/uploads\/2016\/08\/bukowi\u0144skie-plakat_27-1x1.jpg 1w\" sizes=\"(max-width: 150px) 100vw, 150px\" \/><\/a> wyj\u0105tkowe przedsi\u0119wzi\u0119cie promuj\u0105ce kultur\u0119 Bukowiny, regionu po\u0142o\u017conego w Karpatach Wschodnich, na obecnym pograniczu ukrai\u0144sko-rumu\u0144skim.<\/p>\n<p>W tegorocznej edycji festiwalu b\u0119d\u0105 uczestniczyli reprezentanci wielu bukowi\u0144skich nacji i r\u00f3\u017cnorodnych nurt\u00f3w folkloru. W dniach 14 &#8211; 15 sierpnia odwiedz\u0105 nas zespo\u0142y folklorystyczne z ca\u0142ego kraju, a tak\u017ce go\u015bcie z zagranicy: grupy z Republiki Mo\u0142dawii, Ukrainy, Rumunii i W\u0119gier.<\/p>\n<p>Festiwal rozpocznie si\u0119 w niedziel\u0119 14 sierpnia o godz. 14:00 msz\u0105 ekumeniczn\u0105 w ko\u015bciele pw. Maryi Matki Ko\u015bcio\u0142a przy ul. \u015awidnickiej w Dzier\u017coniowie. Po godz. 15:00 ulicami Garncarsk\u0105, Klasztorn\u0105, Pi\u0142sudskiego i Wroc\u0142awsk\u0105 przejdzie korow\u00f3d festiwalowy, a oko\u0142o 16:00 na dzier\u017coniowskim Rynku zaprezentuj\u0105 si\u0119 wszystkie zespo\u0142y folklorystyczne.<\/p>\n<p>W poniedzia\u0142ek 15 sierpnia o godz. 14:00 w Centrum Kulturalno-Sportowym w Uciechowie, w czasie imprezy pn. &#8222;Uciechowskie Biesiadowanie&#8221;, zespo\u0142y zaprezentuj\u0105 si\u0119 po raz kolejny. Widzowie i uczestnicy wydarzenia b\u0119d\u0105 mieli niepowtarzaln\u0105 okazj\u0119 do poznania r\u00f3\u017cnorodnych tradycji ludowych i folklorystycznych, a tak\u017ce mo\u017cliwo\u015b\u0107 w\u0142\u0105czenia si\u0119 do wsp\u00f3lnego biesiadowania.<\/p>\n<p>G\u0142\u00f3wnym celem wydarzenia jest prezentacja bogatego folkloru wielonarodowo\u015bciowego regionu, jakim do dzi\u015b pozostaje Bukowina, a tak\u017ce jej fenomenu spo\u0142ecznego i kulturowego opartego na tolerancji i dobros\u0105siedztwie, kt\u00f3ry zjedna\u0142 jej przydomek &#8222;Ma\u0142ej Europy&#8221;, czy &#8222;Szwajcarii Wschodu&#8221;. Na terenie naszej gminy tradycj\u0119 bukowi\u0144skiego folkloru od wielu lat podtrzymuje Zesp\u00f3\u0142 Pie\u015bni i Ta\u0144ca G\u00f3rali Czadeckich Pojana.<\/p>\n<p>Wydarzenie honorowym patronatem obj\u0105\u0142 Marsza\u0142ek Wojew\u00f3dztwa Dolno\u015bl\u0105skiego Cezary Przybylski.<\/p>\n<p><b>Serdecznie zapraszamy!<\/b><\/p>\n<p><a href=\"http:\/\/bibliotekamoscisko.pl\/wp-content\/uploads\/2016\/08\/program_27.jpg\" rel=\"attachment wp-att-3725\"><img fetchpriority=\"high\" decoding=\"async\" class=\"aligncenter size-full wp-image-3725\" src=\"http:\/\/bibliotekamoscisko.pl\/wp-content\/uploads\/2016\/08\/program_27.jpg\" alt=\"program_27\" width=\"790\" height=\"1103\" srcset=\"https:\/\/bibliotekamoscisko.pl\/wp-content\/uploads\/2016\/08\/program_27.jpg 790w, https:\/\/bibliotekamoscisko.pl\/wp-content\/uploads\/2016\/08\/program_27-215x300.jpg 215w, https:\/\/bibliotekamoscisko.pl\/wp-content\/uploads\/2016\/08\/program_27-768x1072.jpg 768w, https:\/\/bibliotekamoscisko.pl\/wp-content\/uploads\/2016\/08\/program_27-733x1024.jpg 733w, https:\/\/bibliotekamoscisko.pl\/wp-content\/uploads\/2016\/08\/program_27-1x1.jpg 1w\" sizes=\"(max-width: 790px) 100vw, 790px\" \/><\/a><\/p>\n<p>&nbsp;<\/p>\n<h5>\u00a0 \u00a0 \u00a0 \u00a0 \u00a0 \u00a0 \u00a0 \u00a0 \u00a0 \u00a0 \u00a0 \u00a0 \u00a0 \u00a0 \u00a0 \u00a0 \u00a0 \u00a0 \u00a0 \u00a0 \u00a0 \u00a0 \u00a0 \u00a0 \u00a0 \u00a0 \u00a0 \u00a0 \u00a0 \u00a0 \u00a0 \u00a0 \u00a0 \u00a0 \u00a0 \u00a0 \u00a0 \u00a0 \u00a0 \u00a0 \u00a0 \u00a0 \u00a0 \u00a0 \u00a0 \u00a0 \u00a0 \u00a0 \u00a0 \u00a0 \u00a0 \u00a0 \u00a0 \u00a0 \u00a0 \u00a0 \u00a0 \u00a0 \u00a0 \u00a0 \u00a0 \u00a0 \u00a0 \u00a0 \u00a0 \u00a0 \u00a0 \u00a0 \u00a0 \u00a0 \u00a0 \u00a0 \u00a0 \u00a0 \u00a0 \u00a0 \u00a0 \u00a0 \u00a0 \u00a0 \u00a0 \u00a0 \u00a0 \u00a0 \u00a0 \u00a0 informacje ze strony\u00a0www.ug.dzierzoniow.pl<\/h5>\n","protected":false},"excerpt":{"rendered":"<p>Serdecznie zapraszamy na XXVII edycj\u0119 Mi\u0119dzynarodowego Festiwalu Folklorystycznego &#8222;Bukowi\u0144skie spotkania&#8221;. To wyj\u0105tkowe przedsi\u0119wzi\u0119cie promuj\u0105ce kultur\u0119 Bukowiny, regionu po\u0142o\u017conego w Karpatach Wschodnich, na obecnym pograniczu ukrai\u0144sko-rumu\u0144skim. W tegorocznej edycji festiwalu b\u0119d\u0105 [&hellip;]<\/p>\n","protected":false},"author":1,"featured_media":0,"comment_status":"closed","ping_status":"open","sticky":false,"template":"","format":"standard","meta":{"ngg_post_thumbnail":0,"footnotes":""},"categories":[1],"tags":[],"class_list":["post-3720","post","type-post","status-publish","format-standard","hentry","category-uncategorized"],"_links":{"self":[{"href":"https:\/\/bibliotekamoscisko.pl\/index.php?rest_route=\/wp\/v2\/posts\/3720","targetHints":{"allow":["GET"]}}],"collection":[{"href":"https:\/\/bibliotekamoscisko.pl\/index.php?rest_route=\/wp\/v2\/posts"}],"about":[{"href":"https:\/\/bibliotekamoscisko.pl\/index.php?rest_route=\/wp\/v2\/types\/post"}],"author":[{"embeddable":true,"href":"https:\/\/bibliotekamoscisko.pl\/index.php?rest_route=\/wp\/v2\/users\/1"}],"replies":[{"embeddable":true,"href":"https:\/\/bibliotekamoscisko.pl\/index.php?rest_route=%2Fwp%2Fv2%2Fcomments&post=3720"}],"version-history":[{"count":3,"href":"https:\/\/bibliotekamoscisko.pl\/index.php?rest_route=\/wp\/v2\/posts\/3720\/revisions"}],"predecessor-version":[{"id":3727,"href":"https:\/\/bibliotekamoscisko.pl\/index.php?rest_route=\/wp\/v2\/posts\/3720\/revisions\/3727"}],"wp:attachment":[{"href":"https:\/\/bibliotekamoscisko.pl\/index.php?rest_route=%2Fwp%2Fv2%2Fmedia&parent=3720"}],"wp:term":[{"taxonomy":"category","embeddable":true,"href":"https:\/\/bibliotekamoscisko.pl\/index.php?rest_route=%2Fwp%2Fv2%2Fcategories&post=3720"},{"taxonomy":"post_tag","embeddable":true,"href":"https:\/\/bibliotekamoscisko.pl\/index.php?rest_route=%2Fwp%2Fv2%2Ftags&post=3720"}],"curies":[{"name":"wp","href":"https:\/\/api.w.org\/{rel}","templated":true}]}}