{"id":3748,"date":"2016-08-17T13:18:48","date_gmt":"2016-08-17T13:18:48","guid":{"rendered":"http:\/\/bibliotekamoscisko.pl\/?p=3748"},"modified":"2016-08-19T13:54:14","modified_gmt":"2016-08-19T13:54:14","slug":"wyjatkowe-spotkanie-z-bukowinskim-folklorem","status":"publish","type":"post","link":"https:\/\/bibliotekamoscisko.pl\/?p=3748","title":{"rendered":"Wyj\u0105tkowe spotkanie z bukowi\u0144skim folklorem"},"content":{"rendered":"<p>Ju\u017c po raz drugi gmina Dzier\u017coni\u00f3w mia\u0142a zaszczyt wsp\u00f3\u0142organizowa\u0107 jeden z najwi\u0119kszych festiwali folklorystycznych w <a href=\"http:\/\/bibliotekamoscisko.pl\/wp-content\/uploads\/2016\/08\/bukowi\u0144skie-plakat_27.jpg\" rel=\"attachment wp-att-3721\"><img decoding=\"async\" class=\"alignright size-thumbnail wp-image-3721\" src=\"http:\/\/bibliotekamoscisko.pl\/wp-content\/uploads\/2016\/08\/bukowi\u0144skie-plakat_27-150x138.jpg\" alt=\"bukowi\u0144skie plakat_27\" width=\"150\" height=\"138\" srcset=\"https:\/\/bibliotekamoscisko.pl\/wp-content\/uploads\/2016\/08\/bukowi\u0144skie-plakat_27-150x138.jpg 150w, https:\/\/bibliotekamoscisko.pl\/wp-content\/uploads\/2016\/08\/bukowi\u0144skie-plakat_27-1x1.jpg 1w\" sizes=\"(max-width: 150px) 100vw, 150px\" \/><\/a>Europie. W ramach polskiej cz\u0119\u015bci XXVII &#8222;Bukowi\u0144skich Spotka\u0144&#8221; w niedziel\u0119 14 sierpnia na dzier\u017coniowskim Rynku swoj\u0105 tw\u00f3rczo\u015b\u0107 zaprezentowa\u0142y zespo\u0142y folklorystyczne z Mo\u0142dawii, Rumunii, Ukrainy, W\u0119gier i Polski.<\/p>\n<p>&#8222;Bukowi\u0144skie Spotkania&#8221; to wyj\u0105tkowe przedsi\u0119wzi\u0119cie promuj\u0105ce kultur\u0119 Bukowiny, regionu po\u0142o\u017conego w Karpatach Wschodnich, na obecnym pograniczu ukrai\u0144sko-rumu\u0144skim. W tegorocznej edycji festiwalu tradycyjnie uczestniczyli reprezentanci wielu bukowi\u0144skich nacji i r\u00f3\u017cnorodnych nurt\u00f3w folkloru.<\/p>\n<p>Wydarzenie rozpocz\u0119\u0142o si\u0119 msz\u0105 \u015bw. w ko\u015bciele pw. Maryi Matki Ko\u015bcio\u0142a w Dzier\u017coniowie. O 15:00 barwny roz\u015bpiewany korow\u00f3d sk\u0142adaj\u0105cy si\u0119 z uczestnik\u00f3w i go\u015bci festiwalu przemaszerowa\u0142 ulicami Garncarsk\u0105, Pi\u0142sudskiego i Wroc\u0142awsk\u0105 do Rynku &#8211; miejsca, kt\u00f3re tego dnia zamieni\u0142o si\u0119 w g\u0142\u00f3wn\u0105 festiwalow\u0105 aren\u0119. Tam oficjalnego otwarcia imprezy dokonali W\u00f3jt Gminy Dzier\u017coni\u00f3w Marek Chmielewski, Burmistrz Dzier\u017coniowa Dariusz Kucharski oraz dyrektor festiwalu Zbigniew Kowalski.<\/p>\n<p>Nast\u0119pnie centrum miasta wype\u0142ni\u0142y d\u017awi\u0119ki radosnego bukowi\u0144skiego folkloru. Zespo\u0142y zaprezentowa\u0142y oryginalny i \u015bci\u015ble lokalny repertuar taneczno-wokalny. Podzieli\u0142y si\u0119 z publiczno\u015bci\u0105 swoj\u0105 tradycj\u0105, dziedzictwem kulturowym i wielonarodowymi bukowi\u0144skimi warto\u015bciami.<\/p>\n<p>W ramach dzier\u017coniowskiej cz\u0119\u015bci festiwalu wyst\u0105pili: Ma\u0142a Pojana z Rumunii, Kwiaty Bukowiny i Karpacka Tajstra z Ukrainy, Magyar Dalk\u00f6r z W\u0119gier, Opincu\u0163ele i R\u0103ze\u015fii z Mo\u0142dawii, a tak\u017ce Dawidenka, Rosa, Dunawiec, Podgrodzianki, Echo Bukowiny, Jode\u0142ki i Jutrzenka z Polski. Gmin\u0119 Dzier\u017coni\u00f3w reprezentowa\u0142 Zesp\u00f3\u0142 Pie\u015bni i Ta\u0144ca G\u00f3rali Czadeckich &#8222;Pojana&#8221;. Radosna biesiada trwa\u0142a do p\u00f3\u017anych godzin wieczornych.<\/p>\n<p>Organizatorami imprezy by\u0142y gmina Dzier\u017coni\u00f3w, Biblioteka Publiczna Gminy Dzier\u017coni\u00f3w, miasto Dzier\u017coni\u00f3w, powiat dzier\u017coniowski oraz Regionalne Centrum Kultury w Pile.<\/p>\n<p>Wydarzenie honorowym patronatem obj\u0105\u0142 Marsza\u0142ek Wojew\u00f3dztwa Dolno\u015bl\u0105skiego Cezary Przybylski.<\/p>\n<h5>\u00a0 \u00a0 \u00a0 \u00a0 \u00a0 \u00a0 \u00a0 \u00a0 \u00a0 \u00a0 \u00a0 \u00a0 \u00a0 \u00a0 \u00a0 \u00a0 \u00a0 \u00a0 \u00a0 \u00a0 \u00a0 \u00a0 \u00a0 \u00a0 \u00a0 \u00a0 \u00a0 \u00a0 \u00a0 \u00a0 \u00a0 \u00a0 \u00a0 \u00a0 \u00a0 \u00a0 \u00a0 \u00a0 \u00a0 \u00a0 \u00a0 \u00a0 \u00a0 \u00a0 \u00a0 \u00a0 \u00a0 \u00a0 \u00a0 \u00a0 \u00a0 \u00a0 \u00a0 \u00a0 \u00a0 \u00a0 \u00a0 \u00a0 \u00a0 \u00a0 \u00a0 \u00a0 \u00a0 \u00a0 \u00a0 \u00a0 \u00a0 \u00a0 \u00a0 \u00a0 informacja ze strony\u00a0<span style=\"color: #0000ff;\"> <a style=\"color: #0000ff;\" href=\"http:\/\/www.ug.dzierzoniow.pl\/aktualnosci\/3195.html\" target=\"_blank\">gminy Dzier\u017coni\u00f3w<\/a>\u00a0<\/span><\/h5>\n<p>Relacja Telewizji Sudeckiej &#8211; <span style=\"color: #3366ff;\"><a style=\"color: #3366ff;\" href=\"http:\/\/www.tvsudecka.pl\/wiadomosci\/61522,bukowinskie-spotkania-na-dzierzoniowskim-rynku\" target=\"_blank\">ZAJRZYJ<\/a><\/span><\/p>\n<p>Relacja Jerzego Kulki &#8211; <span style=\"color: #0000ff;\"><a style=\"color: #0000ff;\" href=\"https:\/\/www.youtube.com\/watch?v=JXElr_3XZXc\" target=\"_blank\">ZAJRZYJ<\/a><\/span><\/p>\n","protected":false},"excerpt":{"rendered":"<p>Ju\u017c po raz drugi gmina Dzier\u017coni\u00f3w mia\u0142a zaszczyt wsp\u00f3\u0142organizowa\u0107 jeden z najwi\u0119kszych festiwali folklorystycznych w Europie. W ramach polskiej cz\u0119\u015bci XXVII &#8222;Bukowi\u0144skich Spotka\u0144&#8221; w niedziel\u0119 14 sierpnia na dzier\u017coniowskim Rynku [&hellip;]<\/p>\n","protected":false},"author":1,"featured_media":0,"comment_status":"closed","ping_status":"open","sticky":false,"template":"","format":"standard","meta":{"ngg_post_thumbnail":0,"footnotes":""},"categories":[1],"tags":[],"class_list":["post-3748","post","type-post","status-publish","format-standard","hentry","category-uncategorized"],"_links":{"self":[{"href":"https:\/\/bibliotekamoscisko.pl\/index.php?rest_route=\/wp\/v2\/posts\/3748","targetHints":{"allow":["GET"]}}],"collection":[{"href":"https:\/\/bibliotekamoscisko.pl\/index.php?rest_route=\/wp\/v2\/posts"}],"about":[{"href":"https:\/\/bibliotekamoscisko.pl\/index.php?rest_route=\/wp\/v2\/types\/post"}],"author":[{"embeddable":true,"href":"https:\/\/bibliotekamoscisko.pl\/index.php?rest_route=\/wp\/v2\/users\/1"}],"replies":[{"embeddable":true,"href":"https:\/\/bibliotekamoscisko.pl\/index.php?rest_route=%2Fwp%2Fv2%2Fcomments&post=3748"}],"version-history":[{"count":4,"href":"https:\/\/bibliotekamoscisko.pl\/index.php?rest_route=\/wp\/v2\/posts\/3748\/revisions"}],"predecessor-version":[{"id":3781,"href":"https:\/\/bibliotekamoscisko.pl\/index.php?rest_route=\/wp\/v2\/posts\/3748\/revisions\/3781"}],"wp:attachment":[{"href":"https:\/\/bibliotekamoscisko.pl\/index.php?rest_route=%2Fwp%2Fv2%2Fmedia&parent=3748"}],"wp:term":[{"taxonomy":"category","embeddable":true,"href":"https:\/\/bibliotekamoscisko.pl\/index.php?rest_route=%2Fwp%2Fv2%2Fcategories&post=3748"},{"taxonomy":"post_tag","embeddable":true,"href":"https:\/\/bibliotekamoscisko.pl\/index.php?rest_route=%2Fwp%2Fv2%2Ftags&post=3748"}],"curies":[{"name":"wp","href":"https:\/\/api.w.org\/{rel}","templated":true}]}}