{"id":3770,"date":"2016-08-19T12:27:00","date_gmt":"2016-08-19T12:27:00","guid":{"rendered":"http:\/\/bibliotekamoscisko.pl\/?p=3770"},"modified":"2016-08-20T13:29:16","modified_gmt":"2016-08-20T13:29:16","slug":"zapraszamy-na-narodowe-czytanie","status":"publish","type":"post","link":"https:\/\/bibliotekamoscisko.pl\/?p=3770","title":{"rendered":"Zapraszamy na Narodowe Czytanie"},"content":{"rendered":"<h2><span style=\"color: #993300;\">Quo vadis? Do biblioteki!<\/span><\/h2>\n<p>W ubieg\u0142ym roku Prezydent Andrzej Duda z ma\u0142\u017conk\u0105 zainaugurowali\u00a0<a href=\"http:\/\/culture.pl\/pl\/artykul\/narodowe-czytanie-lalki-w-ogrodzie-saskim\">Narodowe Czytanie &#8222;Lalki&#8221; Boles\u0142awa Prusa<\/a>. \u00a0 \u00a0 \u00a0 \u00a0 <a href=\"http:\/\/bibliotekamoscisko.pl\/wp-content\/uploads\/2016\/08\/baner-01_nc-piatek.jpg\" rel=\"attachment wp-att-3772\"><img decoding=\"async\" class=\"alignright size-thumbnail wp-image-3772\" src=\"http:\/\/bibliotekamoscisko.pl\/wp-content\/uploads\/2016\/08\/baner-01_nc-piatek-150x150.jpg\" alt=\"baner-01_nc piatek\" width=\"150\" height=\"150\" srcset=\"https:\/\/bibliotekamoscisko.pl\/wp-content\/uploads\/2016\/08\/baner-01_nc-piatek-150x150.jpg 150w, https:\/\/bibliotekamoscisko.pl\/wp-content\/uploads\/2016\/08\/baner-01_nc-piatek-2x1.jpg 2w\" sizes=\"(max-width: 150px) 100vw, 150px\" \/><\/a>\u00a0 \u00a0 \u00a0 \u00a0 \u00a0 \u00a0W warszawskim Ogrodzie Saskim przez ca\u0142y dzie\u0144 dzie\u0142o\u00a0<a href=\"http:\/\/culture.pl\/pl\/tworca\/boleslaw-prus-aleksander-glowacki\">Boles\u0142awa Prusa<\/a>\u00a0czytali r\u00f3wnie\u017c znani aktorzy, a w ponad 1600 miejscowo\u015bciach urz\u0119dnicy, nauczyciele, bibliotekarze i mi\u0142o\u015bnicy ksi\u0105\u017cek. W tym roku mogli\u015bmy sami zadecydowa\u0107 o wyborze tytu\u0142u. W plebiscycie na lektur\u0119 Narodowego Czytania w 2016 roku\u00a0zwyci\u0119\u017cy\u0142o &#8222;Quo vadis&#8221; Henryka Sienkiewicza. \u00a0 \u00a0 \u00a0 \u00a0 \u00a0 \u00a0 \u00a0 \u00a0 \u00a0 \u00a0 \u00a0 \u00a0 \u00a0 \u00a0 \u00a0 \u00a0 \u00a0 \u00a0 \u00a0 \u00a0 \u00a0 \u00a0 \u00a0 \u00a0 \u00a0 \u00a0 \u00a0 \u00a0 \u00a0 \u00a0Powie\u015b\u0107 \u00a0w latach 1895-1896 opublikowano najpierw w odcinkach w warszawskiej \u201eGazecie Polskiej\u201d, w krakowskim dzienniku \u201eCzas\u201d oraz w \u201eDzienniku Pozna\u0144skim\u201d. Premiera \u201eQuo Vadis\u201d odby\u0142a si\u0119 w Krakowie w 1896 r. Ksi\u0105\u017cka odnios\u0142a \u015bwiatowy sukces i zosta\u0142a przet\u0142umaczona na ponad pi\u0119\u0107dziesi\u0105t j\u0119zyk\u00f3w.&#8221;<\/p>\n<p><a href=\"http:\/\/bibliotekamoscisko.pl\/wp-content\/uploads\/2016\/08\/plak-Mos.jpg\" rel=\"attachment wp-att-3779\"><img fetchpriority=\"high\" decoding=\"async\" class=\"aligncenter size-full wp-image-3779\" src=\"http:\/\/bibliotekamoscisko.pl\/wp-content\/uploads\/2016\/08\/plak-Mos.jpg\" alt=\"plak Mos\" width=\"455\" height=\"628\" srcset=\"https:\/\/bibliotekamoscisko.pl\/wp-content\/uploads\/2016\/08\/plak-Mos.jpg 455w, https:\/\/bibliotekamoscisko.pl\/wp-content\/uploads\/2016\/08\/plak-Mos-217x300.jpg 217w, https:\/\/bibliotekamoscisko.pl\/wp-content\/uploads\/2016\/08\/plak-Mos-1x1.jpg 1w\" sizes=\"(max-width: 455px) 100vw, 455px\" \/><\/a><\/p>\n<p>&nbsp;<\/p>\n<p>Serdecznie zapraszamy wszystkich ch\u0119tnych do g\u0142o\u015bnego czytania fragment\u00f3w powie\u015bci\u00a0podczas akcji, do kt\u00f3rej tradycyjnie w\u0142\u0105cza si\u0119 r\u00f3wnie\u017c Biblioteka Publiczna Gminy Dzier\u017coni\u00f3w im. W\u0142adys\u0142awa Reymonta. Ju\u017c w pi\u0105tek 2 wrze\u015bnia od godz. 11.00 do 13.00 zapraszamy do Biblioteki w Mo\u015bcisku. Kolejne godziny z dzie\u0142em Sienkiewicza b\u0119dzie mo\u017cna sp\u0119dzi\u0107 w Bibliotece w Ostroszowicach, gdzie Salonik Kobiet Aktywnych szykuje od godz. 17.00 do 19.00 prawdziwie rzymskie klimaty.<\/p>\n<p><a href=\"http:\/\/bibliotekamoscisko.pl\/wp-content\/uploads\/2016\/08\/plak-Ostro.jpg\" rel=\"attachment wp-att-3774\"><img decoding=\"async\" class=\"aligncenter size-full wp-image-3774\" src=\"http:\/\/bibliotekamoscisko.pl\/wp-content\/uploads\/2016\/08\/plak-Ostro.jpg\" alt=\"plak Ostro\" width=\"455\" height=\"558\" srcset=\"https:\/\/bibliotekamoscisko.pl\/wp-content\/uploads\/2016\/08\/plak-Ostro.jpg 455w, https:\/\/bibliotekamoscisko.pl\/wp-content\/uploads\/2016\/08\/plak-Ostro-245x300.jpg 245w, https:\/\/bibliotekamoscisko.pl\/wp-content\/uploads\/2016\/08\/plak-Ostro-1x1.jpg 1w\" sizes=\"(max-width: 455px) 100vw, 455px\" \/><\/a><\/p>\n","protected":false},"excerpt":{"rendered":"<p>Quo vadis? Do biblioteki! W ubieg\u0142ym roku Prezydent Andrzej Duda z ma\u0142\u017conk\u0105 zainaugurowali\u00a0Narodowe Czytanie &#8222;Lalki&#8221; Boles\u0142awa Prusa. \u00a0 \u00a0 \u00a0 \u00a0 \u00a0 \u00a0 \u00a0 \u00a0 \u00a0 \u00a0W warszawskim Ogrodzie Saskim [&hellip;]<\/p>\n","protected":false},"author":1,"featured_media":0,"comment_status":"closed","ping_status":"open","sticky":false,"template":"","format":"standard","meta":{"ngg_post_thumbnail":0,"footnotes":""},"categories":[1],"tags":[],"class_list":["post-3770","post","type-post","status-publish","format-standard","hentry","category-uncategorized"],"_links":{"self":[{"href":"https:\/\/bibliotekamoscisko.pl\/index.php?rest_route=\/wp\/v2\/posts\/3770","targetHints":{"allow":["GET"]}}],"collection":[{"href":"https:\/\/bibliotekamoscisko.pl\/index.php?rest_route=\/wp\/v2\/posts"}],"about":[{"href":"https:\/\/bibliotekamoscisko.pl\/index.php?rest_route=\/wp\/v2\/types\/post"}],"author":[{"embeddable":true,"href":"https:\/\/bibliotekamoscisko.pl\/index.php?rest_route=\/wp\/v2\/users\/1"}],"replies":[{"embeddable":true,"href":"https:\/\/bibliotekamoscisko.pl\/index.php?rest_route=%2Fwp%2Fv2%2Fcomments&post=3770"}],"version-history":[{"count":6,"href":"https:\/\/bibliotekamoscisko.pl\/index.php?rest_route=\/wp\/v2\/posts\/3770\/revisions"}],"predecessor-version":[{"id":3786,"href":"https:\/\/bibliotekamoscisko.pl\/index.php?rest_route=\/wp\/v2\/posts\/3770\/revisions\/3786"}],"wp:attachment":[{"href":"https:\/\/bibliotekamoscisko.pl\/index.php?rest_route=%2Fwp%2Fv2%2Fmedia&parent=3770"}],"wp:term":[{"taxonomy":"category","embeddable":true,"href":"https:\/\/bibliotekamoscisko.pl\/index.php?rest_route=%2Fwp%2Fv2%2Fcategories&post=3770"},{"taxonomy":"post_tag","embeddable":true,"href":"https:\/\/bibliotekamoscisko.pl\/index.php?rest_route=%2Fwp%2Fv2%2Ftags&post=3770"}],"curies":[{"name":"wp","href":"https:\/\/api.w.org\/{rel}","templated":true}]}}