{"id":3787,"date":"2016-09-13T07:43:51","date_gmt":"2016-09-13T07:43:51","guid":{"rendered":"http:\/\/bibliotekamoscisko.pl\/?p=3787"},"modified":"2016-09-13T07:43:51","modified_gmt":"2016-09-13T07:43:51","slug":"wspomnienia-z-wakacji-w-uciechowie-2","status":"publish","type":"post","link":"https:\/\/bibliotekamoscisko.pl\/?p=3787","title":{"rendered":"Wspomnienia z wakacji w Uciechowie"},"content":{"rendered":"<p>Wakacje dobieg\u0142y ko\u0144ca, a wraz z nim cykl spotka\u0144 w uciechowskiej Bibliotece. Frekwencja podczas tegorocznych wakacji zaskoczy\u0142a nas. Ponad 700 os\u00f3b wzi\u0119\u0142o udzia\u0142 w zaj\u0119ciach wakacyjnych. Pragniemy z tego powodu bardzo podzi\u0119kowa\u0107 dzieciom oraz ich rodzicom za okazane zaufanie, zainteresowanie, a przede wszystkim za ch\u0119\u0107 sp\u0119dzenia wolnego czasu w murach naszej plac\u00f3wki.<\/p>\n<p>Jak w poprzednich latach, w ramach wakacyjnego cyklu zaj\u0119\u0107 oferowali\u015bmy zainteresowanym gry, zabawy oraz ca\u0142\u0105 palet\u0119 warsztat\u00f3w plastycznych dla najm\u0142odszych. Ka\u017cde z dzieci odnalaz\u0142o co\u015b dla siebie, a wszystkie bez wyj\u0105tku, wsp\u00f3\u0142pracowa\u0142y ze sob\u0105 i \u015bwietnie sie bawi\u0142y. Spotkania przygotowane by\u0142y z my\u015bl\u0105 o dzieciach w wieku szkolnym, kt\u00f3re nie mia\u0142y mo\u017cliwo\u015bci wyjazdu na letni wypoczynek. W milej i sympatycznej atmosferze up\u0142yn\u0105\u0142 wakacyjny czas na beztroskich zabawach. Wspomnieniem tych spotka\u0144 s\u0105 kolorowe prace i pami\u0105tkowe zdj\u0119cia. (<span style=\"color: #993366;\"><a style=\"color: #993366;\" href=\"https:\/\/www.facebook.com\/Biblioteka-Uciech%C3%B3w-143964382676870\/?fref=ts\" target=\"_blank\">wi\u0119cej zdj\u0119\u0107 na naszym Facebooku)<\/a><\/span>.<\/p>\n<div id='gallery-1' class='gallery galleryid-3787 gallery-columns-3 gallery-size-thumbnail'><figure class='gallery-item'>\n\t\t\t<div class='gallery-icon landscape'>\n\t\t\t\t<a href='https:\/\/bibliotekamoscisko.pl\/?attachment_id=3788'><img decoding=\"async\" width=\"150\" height=\"150\" src=\"https:\/\/bibliotekamoscisko.pl\/wp-content\/uploads\/2016\/09\/IMG_0212-150x150.jpeg\" class=\"attachment-thumbnail size-thumbnail\" alt=\"\" srcset=\"https:\/\/bibliotekamoscisko.pl\/wp-content\/uploads\/2016\/09\/IMG_0212-150x150.jpeg 150w, https:\/\/bibliotekamoscisko.pl\/wp-content\/uploads\/2016\/09\/IMG_0212-1x1.jpeg 1w\" sizes=\"(max-width: 150px) 100vw, 150px\" \/><\/a>\n\t\t\t<\/div><\/figure><figure class='gallery-item'>\n\t\t\t<div class='gallery-icon landscape'>\n\t\t\t\t<a href='https:\/\/bibliotekamoscisko.pl\/?attachment_id=3789'><img decoding=\"async\" width=\"150\" height=\"150\" src=\"https:\/\/bibliotekamoscisko.pl\/wp-content\/uploads\/2016\/09\/IMG_0232-150x150.jpeg\" class=\"attachment-thumbnail size-thumbnail\" alt=\"\" srcset=\"https:\/\/bibliotekamoscisko.pl\/wp-content\/uploads\/2016\/09\/IMG_0232-150x150.jpeg 150w, https:\/\/bibliotekamoscisko.pl\/wp-content\/uploads\/2016\/09\/IMG_0232-1x1.jpeg 1w\" sizes=\"(max-width: 150px) 100vw, 150px\" \/><\/a>\n\t\t\t<\/div><\/figure><figure class='gallery-item'>\n\t\t\t<div class='gallery-icon landscape'>\n\t\t\t\t<a href='https:\/\/bibliotekamoscisko.pl\/?attachment_id=3790'><img decoding=\"async\" width=\"150\" height=\"150\" src=\"https:\/\/bibliotekamoscisko.pl\/wp-content\/uploads\/2016\/09\/IMG_0249-150x150.jpeg\" class=\"attachment-thumbnail size-thumbnail\" alt=\"\" srcset=\"https:\/\/bibliotekamoscisko.pl\/wp-content\/uploads\/2016\/09\/IMG_0249-150x150.jpeg 150w, https:\/\/bibliotekamoscisko.pl\/wp-content\/uploads\/2016\/09\/IMG_0249-1x1.jpeg 1w\" sizes=\"(max-width: 150px) 100vw, 150px\" \/><\/a>\n\t\t\t<\/div><\/figure><figure class='gallery-item'>\n\t\t\t<div class='gallery-icon landscape'>\n\t\t\t\t<a href='https:\/\/bibliotekamoscisko.pl\/?attachment_id=3791'><img loading=\"lazy\" decoding=\"async\" width=\"150\" height=\"150\" src=\"https:\/\/bibliotekamoscisko.pl\/wp-content\/uploads\/2016\/09\/IMG_0255-150x150.jpeg\" class=\"attachment-thumbnail size-thumbnail\" alt=\"\" srcset=\"https:\/\/bibliotekamoscisko.pl\/wp-content\/uploads\/2016\/09\/IMG_0255-150x150.jpeg 150w, https:\/\/bibliotekamoscisko.pl\/wp-content\/uploads\/2016\/09\/IMG_0255-1x1.jpeg 1w\" sizes=\"(max-width: 150px) 100vw, 150px\" \/><\/a>\n\t\t\t<\/div><\/figure><figure class='gallery-item'>\n\t\t\t<div class='gallery-icon landscape'>\n\t\t\t\t<a href='https:\/\/bibliotekamoscisko.pl\/?attachment_id=3792'><img loading=\"lazy\" decoding=\"async\" width=\"150\" height=\"150\" src=\"https:\/\/bibliotekamoscisko.pl\/wp-content\/uploads\/2016\/09\/IMG_0267-150x150.jpeg\" class=\"attachment-thumbnail size-thumbnail\" alt=\"\" srcset=\"https:\/\/bibliotekamoscisko.pl\/wp-content\/uploads\/2016\/09\/IMG_0267-150x150.jpeg 150w, https:\/\/bibliotekamoscisko.pl\/wp-content\/uploads\/2016\/09\/IMG_0267-1x1.jpeg 1w\" sizes=\"(max-width: 150px) 100vw, 150px\" \/><\/a>\n\t\t\t<\/div><\/figure><figure class='gallery-item'>\n\t\t\t<div class='gallery-icon landscape'>\n\t\t\t\t<a href='https:\/\/bibliotekamoscisko.pl\/?attachment_id=3793'><img loading=\"lazy\" decoding=\"async\" width=\"150\" height=\"150\" src=\"https:\/\/bibliotekamoscisko.pl\/wp-content\/uploads\/2016\/09\/IMG_0278-150x150.jpeg\" class=\"attachment-thumbnail size-thumbnail\" alt=\"\" srcset=\"https:\/\/bibliotekamoscisko.pl\/wp-content\/uploads\/2016\/09\/IMG_0278-150x150.jpeg 150w, https:\/\/bibliotekamoscisko.pl\/wp-content\/uploads\/2016\/09\/IMG_0278-1x1.jpeg 1w\" sizes=\"(max-width: 150px) 100vw, 150px\" \/><\/a>\n\t\t\t<\/div><\/figure>\n\t\t<\/div>\n\n<p>S.Galicz<\/p>\n","protected":false},"excerpt":{"rendered":"<p>Wakacje dobieg\u0142y ko\u0144ca, a wraz z nim cykl spotka\u0144 w uciechowskiej Bibliotece. Frekwencja podczas tegorocznych wakacji zaskoczy\u0142a nas. Ponad 700 os\u00f3b wzi\u0119\u0142o udzia\u0142 w zaj\u0119ciach wakacyjnych. Pragniemy z tego powodu [&hellip;]<\/p>\n","protected":false},"author":1,"featured_media":0,"comment_status":"closed","ping_status":"open","sticky":false,"template":"","format":"standard","meta":{"ngg_post_thumbnail":0,"footnotes":""},"categories":[1],"tags":[],"class_list":["post-3787","post","type-post","status-publish","format-standard","hentry","category-uncategorized"],"_links":{"self":[{"href":"https:\/\/bibliotekamoscisko.pl\/index.php?rest_route=\/wp\/v2\/posts\/3787","targetHints":{"allow":["GET"]}}],"collection":[{"href":"https:\/\/bibliotekamoscisko.pl\/index.php?rest_route=\/wp\/v2\/posts"}],"about":[{"href":"https:\/\/bibliotekamoscisko.pl\/index.php?rest_route=\/wp\/v2\/types\/post"}],"author":[{"embeddable":true,"href":"https:\/\/bibliotekamoscisko.pl\/index.php?rest_route=\/wp\/v2\/users\/1"}],"replies":[{"embeddable":true,"href":"https:\/\/bibliotekamoscisko.pl\/index.php?rest_route=%2Fwp%2Fv2%2Fcomments&post=3787"}],"version-history":[{"count":1,"href":"https:\/\/bibliotekamoscisko.pl\/index.php?rest_route=\/wp\/v2\/posts\/3787\/revisions"}],"predecessor-version":[{"id":3794,"href":"https:\/\/bibliotekamoscisko.pl\/index.php?rest_route=\/wp\/v2\/posts\/3787\/revisions\/3794"}],"wp:attachment":[{"href":"https:\/\/bibliotekamoscisko.pl\/index.php?rest_route=%2Fwp%2Fv2%2Fmedia&parent=3787"}],"wp:term":[{"taxonomy":"category","embeddable":true,"href":"https:\/\/bibliotekamoscisko.pl\/index.php?rest_route=%2Fwp%2Fv2%2Fcategories&post=3787"},{"taxonomy":"post_tag","embeddable":true,"href":"https:\/\/bibliotekamoscisko.pl\/index.php?rest_route=%2Fwp%2Fv2%2Ftags&post=3787"}],"curies":[{"name":"wp","href":"https:\/\/api.w.org\/{rel}","templated":true}]}}