{"id":3865,"date":"2016-09-27T11:47:48","date_gmt":"2016-09-27T11:47:48","guid":{"rendered":"http:\/\/bibliotekamoscisko.pl\/?p=3865"},"modified":"2016-09-29T09:30:18","modified_gmt":"2016-09-29T09:30:18","slug":"xiv-spotkania-artystyczne-seniorow-w-miedzyzdrojach","status":"publish","type":"post","link":"https:\/\/bibliotekamoscisko.pl\/?p=3865","title":{"rendered":"XIV Spotkania Artystyczne Senior\u00f3w w Mi\u0119dzyzdrojach"},"content":{"rendered":"<p>Rekordowa ilo\u015b\u0107 os\u00f3b zago\u015bci\u0142a w tym roku na<span style=\"text-decoration: underline; color: #993366;\"> <a style=\"color: #993366; text-decoration: underline;\" href=\"http:\/\/www.mdkmiedzyzdroje.com\/index.php?site=galeria&amp;id_wiad=1946\" target=\"_blank\">Spotkaniach Artystycznych Senior\u00f3w w Mi\u0119dzyzdrojach.<\/a><\/span> Czternasta edycja<a href=\"http:\/\/bibliotekamoscisko.pl\/wp-content\/uploads\/2016\/09\/Mi\u0119dzyzdroje-2016-2-1.jpg\" rel=\"attachment wp-att-3869\"><img decoding=\"async\" class=\"alignright size-thumbnail wp-image-3869\" src=\"http:\/\/bibliotekamoscisko.pl\/wp-content\/uploads\/2016\/09\/Mi\u0119dzyzdroje-2016-2-1-150x150.jpg\" alt=\"Mi\u0119dzyzdroje 2016 2\" width=\"150\" height=\"150\" srcset=\"https:\/\/bibliotekamoscisko.pl\/wp-content\/uploads\/2016\/09\/Mi\u0119dzyzdroje-2016-2-1-150x150.jpg 150w, https:\/\/bibliotekamoscisko.pl\/wp-content\/uploads\/2016\/09\/Mi\u0119dzyzdroje-2016-2-1-1x1.jpg 1w\" sizes=\"(max-width: 150px) 100vw, 150px\" \/><\/a> zgromadzi\u0142a ponad 500 os\u00f3b z r\u00f3\u017cnych zak\u0105tk\u00f3w Polski. W\u015br\u00f3d 43 grup i solist\u00f3w znalaz\u0142y si\u0119 tak\u017ce zespo\u0142y z naszej gminy. Daleka droga i zmiana klimatu nie spowodowa\u0142y na szcz\u0119\u015bcie problem\u00f3w z g\u0142osem. Komisja, dzia\u0142aj\u0105ca w Mi\u0119dzynarodowym Domu Kultury w sk\u0142adzie:<br \/>\nAnna Sobierajska, Brygida Borecka, Daniel \u0179r\u00f3dlewski<br \/>\npo wys\u0142uchaniu 25 prezentacji artystycznych postanowi\u0142o przyzna\u0107\u00a0jedno z wyr\u00f3\u017cnie\u0144 M\u0119skiemu Zespo\u0142owi \u015apiewaczemu \u201eCord\u201d z Pi\u0142awy Dolnej.<\/p>\n<p>Nagrod\u0119 Dyrektora Mi\u0119dzynarodowego Domu Kultury w Mi\u0119dzyzdrojach przyznano dla:<\/p>\n<p>Pana Wojciecha Klausa<\/p>\n<p>I miejsce otrzyma\u0142 Zesp\u00f3\u0142 Kameralny \u201eCon Moto\u201d z Pi\u0142awy Dolnej.<\/p>\n<p>Gratulujemy i \u017cyczymy kolejnych sukces\u00f3w!<\/p>\n<p><a href=\"http:\/\/bibliotekamoscisko.pl\/wp-content\/uploads\/2016\/09\/Mi\u0119dzyzdroje-2016.jpg\" rel=\"attachment wp-att-3866\"><img fetchpriority=\"high\" decoding=\"async\" class=\"aligncenter size-full wp-image-3866\" src=\"http:\/\/bibliotekamoscisko.pl\/wp-content\/uploads\/2016\/09\/Mi\u0119dzyzdroje-2016.jpg\" alt=\"Mi\u0119dzyzdroje 2016\" width=\"800\" height=\"534\" srcset=\"https:\/\/bibliotekamoscisko.pl\/wp-content\/uploads\/2016\/09\/Mi\u0119dzyzdroje-2016.jpg 800w, https:\/\/bibliotekamoscisko.pl\/wp-content\/uploads\/2016\/09\/Mi\u0119dzyzdroje-2016-300x200.jpg 300w, https:\/\/bibliotekamoscisko.pl\/wp-content\/uploads\/2016\/09\/Mi\u0119dzyzdroje-2016-768x513.jpg 768w, https:\/\/bibliotekamoscisko.pl\/wp-content\/uploads\/2016\/09\/Mi\u0119dzyzdroje-2016-1x1.jpg 1w\" sizes=\"(max-width: 800px) 100vw, 800px\" \/><\/a><\/p>\n<h5>\u00a0 \u00a0 \u00a0 \u00a0 \u00a0 \u00a0 \u00a0 \u00a0 \u00a0 \u00a0 \u00a0 \u00a0 \u00a0 \u00a0 \u00a0 \u00a0 \u00a0 \u00a0 \u00a0 \u00a0 \u00a0 \u00a0 \u00a0 \u00a0 \u00a0 \u00a0 \u00a0 \u00a0 \u00a0 \u00a0 \u00a0 \u00a0 \u00a0 \u00a0 \u00a0 \u00a0 \u00a0 \u00a0 \u00a0 \u00a0 \u00a0 \u00a0 \u00a0 \u00a0 \u00a0 \u00a0 \u00a0 \u00a0 \u00a0 \u00a0 \u00a0 \u00a0 \u00a0 \u00a0 \u00a0 \u00a0 \u00a0 \u00a0 \u00a0 \u00a0 \u00a0 \u00a0 \u00a0 \u00a0 \u00a0 \u00a0 \u00a0 \u00a0 \u00a0 \u00a0 \u00a0 \u00a0 \u00a0 \u00a0 \u00a0 \u00a0 \u00a0 \u00a0 \u00a0zdj\u0119cie:\u00a0http:\/\/www.mdkmiedzyzdroje.com\/<\/h5>\n<p>&nbsp;<\/p>\n<p><a href=\"http:\/\/bibliotekamoscisko.pl\/wp-content\/uploads\/2016\/09\/Con-moto-miedzyzdroje.jpg\" rel=\"attachment wp-att-3890\"><img decoding=\"async\" class=\"size-medium wp-image-3890 alignleft\" src=\"http:\/\/bibliotekamoscisko.pl\/wp-content\/uploads\/2016\/09\/Con-moto-miedzyzdroje-212x300.jpg\" alt=\"con-moto-miedzyzdroje\" width=\"212\" height=\"300\" srcset=\"https:\/\/bibliotekamoscisko.pl\/wp-content\/uploads\/2016\/09\/Con-moto-miedzyzdroje-212x300.jpg 212w, https:\/\/bibliotekamoscisko.pl\/wp-content\/uploads\/2016\/09\/Con-moto-miedzyzdroje-1x1.jpg 1w, https:\/\/bibliotekamoscisko.pl\/wp-content\/uploads\/2016\/09\/Con-moto-miedzyzdroje.jpg 679w\" sizes=\"(max-width: 212px) 100vw, 212px\" \/><\/a><\/p>\n<p><a href=\"http:\/\/bibliotekamoscisko.pl\/wp-content\/uploads\/2016\/09\/Miedzyzdroje.jpg\" rel=\"attachment wp-att-3891\"><img loading=\"lazy\" decoding=\"async\" class=\"size-medium wp-image-3891 alignright\" src=\"http:\/\/bibliotekamoscisko.pl\/wp-content\/uploads\/2016\/09\/Miedzyzdroje-300x297.jpg\" alt=\"miedzyzdroje\" width=\"300\" height=\"297\" srcset=\"https:\/\/bibliotekamoscisko.pl\/wp-content\/uploads\/2016\/09\/Miedzyzdroje-300x297.jpg 300w, https:\/\/bibliotekamoscisko.pl\/wp-content\/uploads\/2016\/09\/Miedzyzdroje-150x150.jpg 150w, https:\/\/bibliotekamoscisko.pl\/wp-content\/uploads\/2016\/09\/Miedzyzdroje-768x760.jpg 768w, https:\/\/bibliotekamoscisko.pl\/wp-content\/uploads\/2016\/09\/Miedzyzdroje-1x1.jpg 1w, https:\/\/bibliotekamoscisko.pl\/wp-content\/uploads\/2016\/09\/Miedzyzdroje.jpg 960w\" sizes=\"(max-width: 300px) 100vw, 300px\" \/><\/a><\/p>\n<p>&nbsp;<\/p>\n<p>&nbsp;<\/p>\n<p>&nbsp;<\/p>\n<p>&nbsp;<\/p>\n<p>&nbsp;<\/p>\n<p>&nbsp;<\/p>\n<p>&nbsp;<\/p>\n<div id='gallery-1' class='gallery galleryid-3865 gallery-columns-3 gallery-size-thumbnail'><figure class='gallery-item'>\n\t\t\t<div class='gallery-icon portrait'>\n\t\t\t\t<a href='https:\/\/bibliotekamoscisko.pl\/?attachment_id=3870'><img loading=\"lazy\" decoding=\"async\" width=\"150\" height=\"150\" src=\"https:\/\/bibliotekamoscisko.pl\/wp-content\/uploads\/2016\/09\/Cord-wyr\u00f3\u017cnienie-Mi\u0119dzyzdroje-150x150.jpg\" class=\"attachment-thumbnail size-thumbnail\" alt=\"\" srcset=\"https:\/\/bibliotekamoscisko.pl\/wp-content\/uploads\/2016\/09\/Cord-wyr\u00f3\u017cnienie-Mi\u0119dzyzdroje-150x150.jpg 150w, https:\/\/bibliotekamoscisko.pl\/wp-content\/uploads\/2016\/09\/Cord-wyr\u00f3\u017cnienie-Mi\u0119dzyzdroje-1x1.jpg 1w\" sizes=\"(max-width: 150px) 100vw, 150px\" \/><\/a>\n\t\t\t<\/div><\/figure><figure class='gallery-item'>\n\t\t\t<div class='gallery-icon portrait'>\n\t\t\t\t<a href='https:\/\/bibliotekamoscisko.pl\/?attachment_id=3883'><img loading=\"lazy\" decoding=\"async\" width=\"150\" height=\"150\" src=\"https:\/\/bibliotekamoscisko.pl\/wp-content\/uploads\/2016\/09\/Mi\u0119dzyzdroje-Klaus-150x150.jpg\" class=\"attachment-thumbnail size-thumbnail\" alt=\"\" srcset=\"https:\/\/bibliotekamoscisko.pl\/wp-content\/uploads\/2016\/09\/Mi\u0119dzyzdroje-Klaus-150x150.jpg 150w, https:\/\/bibliotekamoscisko.pl\/wp-content\/uploads\/2016\/09\/Mi\u0119dzyzdroje-Klaus-1x1.jpg 1w\" sizes=\"(max-width: 150px) 100vw, 150px\" \/><\/a>\n\t\t\t<\/div><\/figure>\n\t\t<\/div>\n\n<p>&nbsp;<\/p>\n<p>&nbsp;<\/p>\n","protected":false},"excerpt":{"rendered":"<p>Rekordowa ilo\u015b\u0107 os\u00f3b zago\u015bci\u0142a w tym roku na Spotkaniach Artystycznych Senior\u00f3w w Mi\u0119dzyzdrojach. Czternasta edycja zgromadzi\u0142a ponad 500 os\u00f3b z r\u00f3\u017cnych zak\u0105tk\u00f3w Polski. W\u015br\u00f3d 43 grup i solist\u00f3w znalaz\u0142y si\u0119 [&hellip;]<\/p>\n","protected":false},"author":1,"featured_media":0,"comment_status":"closed","ping_status":"open","sticky":false,"template":"","format":"standard","meta":{"ngg_post_thumbnail":0,"footnotes":""},"categories":[1],"tags":[],"class_list":["post-3865","post","type-post","status-publish","format-standard","hentry","category-uncategorized"],"_links":{"self":[{"href":"https:\/\/bibliotekamoscisko.pl\/index.php?rest_route=\/wp\/v2\/posts\/3865","targetHints":{"allow":["GET"]}}],"collection":[{"href":"https:\/\/bibliotekamoscisko.pl\/index.php?rest_route=\/wp\/v2\/posts"}],"about":[{"href":"https:\/\/bibliotekamoscisko.pl\/index.php?rest_route=\/wp\/v2\/types\/post"}],"author":[{"embeddable":true,"href":"https:\/\/bibliotekamoscisko.pl\/index.php?rest_route=\/wp\/v2\/users\/1"}],"replies":[{"embeddable":true,"href":"https:\/\/bibliotekamoscisko.pl\/index.php?rest_route=%2Fwp%2Fv2%2Fcomments&post=3865"}],"version-history":[{"count":4,"href":"https:\/\/bibliotekamoscisko.pl\/index.php?rest_route=\/wp\/v2\/posts\/3865\/revisions"}],"predecessor-version":[{"id":3892,"href":"https:\/\/bibliotekamoscisko.pl\/index.php?rest_route=\/wp\/v2\/posts\/3865\/revisions\/3892"}],"wp:attachment":[{"href":"https:\/\/bibliotekamoscisko.pl\/index.php?rest_route=%2Fwp%2Fv2%2Fmedia&parent=3865"}],"wp:term":[{"taxonomy":"category","embeddable":true,"href":"https:\/\/bibliotekamoscisko.pl\/index.php?rest_route=%2Fwp%2Fv2%2Fcategories&post=3865"},{"taxonomy":"post_tag","embeddable":true,"href":"https:\/\/bibliotekamoscisko.pl\/index.php?rest_route=%2Fwp%2Fv2%2Ftags&post=3865"}],"curies":[{"name":"wp","href":"https:\/\/api.w.org\/{rel}","templated":true}]}}