{"id":3886,"date":"2016-09-28T15:13:15","date_gmt":"2016-09-28T15:13:15","guid":{"rendered":"http:\/\/bibliotekamoscisko.pl\/?p=3886"},"modified":"2016-09-28T15:13:15","modified_gmt":"2016-09-28T15:13:15","slug":"rozgrzej-listopad-zostan-zywa-ksiazka","status":"publish","type":"post","link":"https:\/\/bibliotekamoscisko.pl\/?p=3886","title":{"rendered":"Rozgrzej listopad &#8211; zosta\u0144 \u017byw\u0105 Ksi\u0105\u017ck\u0105!"},"content":{"rendered":"<h2 style=\"text-align: center;\"><u>\u00a0Zosta\u0144 \u017byw\u0105 Ksi\u0105\u017ck\u0105!<\/u><\/h2>\n<h2 style=\"text-align: center;\">Poszukujemy os\u00f3b, kt\u00f3re zechc\u0105 wzi\u0105\u0107 udzia\u0142 w og\u00f3lno\u015bwiatowej akcji. \u00a0 \u00a0 \u00a0 \u00a0 \u00a0 \u00a0 \u00a0Zg\u0142o\u015b si\u0119 \u2013 mo\u017ce to Ty obalisz zb\u0119dny stereotyp?<\/h2>\n<h2 style=\"text-align: center;\"><a href=\"http:\/\/bibliotekamoscisko.pl\/wp-content\/uploads\/2016\/09\/\u017bywa-Biblioteka-Polska.jpg\" rel=\"attachment wp-att-3887\"><img decoding=\"async\" class=\"aligncenter wp-image-3887 size-medium\" src=\"http:\/\/bibliotekamoscisko.pl\/wp-content\/uploads\/2016\/09\/\u017bywa-Biblioteka-Polska-300x39.jpg\" alt=\"zywa-biblioteka-polska\" width=\"300\" height=\"39\" srcset=\"https:\/\/bibliotekamoscisko.pl\/wp-content\/uploads\/2016\/09\/\u017bywa-Biblioteka-Polska-300x39.jpg 300w, https:\/\/bibliotekamoscisko.pl\/wp-content\/uploads\/2016\/09\/\u017bywa-Biblioteka-Polska-768x99.jpg 768w, https:\/\/bibliotekamoscisko.pl\/wp-content\/uploads\/2016\/09\/\u017bywa-Biblioteka-Polska-8x1.jpg 8w, https:\/\/bibliotekamoscisko.pl\/wp-content\/uploads\/2016\/09\/\u017bywa-Biblioteka-Polska.jpg 967w\" sizes=\"(max-width: 300px) 100vw, 300px\" \/><\/a><strong><a href=\"http:\/\/zywabibliotekapolska.pl\/\" target=\"_blank\">\u00a0ZAJRZYJ<\/a><\/strong><\/h2>\n<p><a href=\"http:\/\/bibliotekamoscisko.pl\/wp-content\/uploads\/2016\/09\/ZB-logo.jpg\" rel=\"attachment wp-att-3888\"><img fetchpriority=\"high\" decoding=\"async\" class=\"aligncenter size-medium wp-image-3888\" src=\"http:\/\/bibliotekamoscisko.pl\/wp-content\/uploads\/2016\/09\/ZB-logo-248x300.jpg\" alt=\"zb-logo\" width=\"248\" height=\"300\" srcset=\"https:\/\/bibliotekamoscisko.pl\/wp-content\/uploads\/2016\/09\/ZB-logo-248x300.jpg 248w, https:\/\/bibliotekamoscisko.pl\/wp-content\/uploads\/2016\/09\/ZB-logo-1x1.jpg 1w, https:\/\/bibliotekamoscisko.pl\/wp-content\/uploads\/2016\/09\/ZB-logo.jpg 489w\" sizes=\"(max-width: 248px) 100vw, 248px\" \/><\/a><\/p>\n<h4>\u017bywe Ksi\u0105\u017cki to osoby reprezentuj\u0105ce grupy spo\u0142eczne obarczone stereotypami oraz nara\u017cone na wykluczenie i dyskryminacj\u0119, kt\u00f3re poprzez osobist\u0105 rozmow\u0119 z czytelnikiem propaguj\u0105 otwarto\u015b\u0107 i szacunek dla drugiego cz\u0142owieka. \u017bywe Ksi\u0105\u017cki bior\u0105ce udzia\u0142 w projekcie maj\u0105 prawo do zachowania znacznego stopnia anonimowo\u015bci. W \u017bywej Bibliotece pos\u0142uguj\u0105 si\u0119 tytu\u0142ami i ewentualnie imionami.<\/h4>\n<h4>21 listopada 2015 r. w Bibliotece Publicznej Gminy Dzier\u017coni\u00f3w im. W\u0142adys\u0142awa Reymonta w Mo\u015bcisku odby\u0142a si\u0119 pierwsza \u017bywa Biblioteka na naszym terenie. Tegoroczna akcja zago\u015bci r\u00f3wnie\u017c do Biblioteki Publiczno-Miejskiej im. K.K. Baczy\u0144skiego w Dzier\u017coniowie (18-19 listopada).<\/h4>\n<h4 style=\"text-align: center;\"><strong>18 listopada 2016 r. (godz. 13.00 \u2013 17.00) \u2013 \u017bywa Biblioteka w Miejsko-Powiatowej Bibliotece Publiczna im. Krzysztofa Kamila Baczy\u0144skiego w Dzier\u017coniowie, Rynek 2, 58-200 Dzier\u017coni\u00f3w<\/strong><\/h4>\n<h4 style=\"text-align: center;\"><strong>\u00a0<\/strong><strong>19 listopada 2016 r. (godz. 13.00-17.00) \u2013 \u017bywa Biblioteka w Bibliotece Publicznej Gminy Dzier\u017coni\u00f3w im. W\u0142adys\u0142awa Reymonta w Mo\u015bcisku, ul. Kolejowa 12 b, 58-116 Mo\u015bcisko<\/strong><\/h4>\n<h4 style=\"text-align: center;\">\u00a0Zapraszamy do wzi\u0119cia udzia\u0142u w tegorocznej ods\u0142onie \u017bywej Biblioteki!<\/h4>\n<h4>\u017bywej Ksi\u0105\u017cce zapewniamy zwrot koszt\u00f3w podr\u00f3\u017cy, posi\u0142ek w trakcie trwania akcji oraz ogromna ilo\u015b\u0107 pozytywnych emocji :). Zainteresowanych prosimy o kontakt: biblioteka.moscisko@wp.pl; tel 74 830 31 42<\/h4>\n<h2><span style=\"color: #0000ff;\"><a style=\"color: #0000ff;\" href=\"https:\/\/www.facebook.com\/%C5%BBywa-Biblioteka-Human-Library-Mo%C5%9Bcisko-562485697223211\/\" target=\"_blank\">FB-\u017bywa Biblioteka Mo\u015bcisko<\/a><\/span><\/h2>\n<p>&nbsp;<\/p>\n<h4><\/h4>\n","protected":false},"excerpt":{"rendered":"<p>\u00a0Zosta\u0144 \u017byw\u0105 Ksi\u0105\u017ck\u0105! Poszukujemy os\u00f3b, kt\u00f3re zechc\u0105 wzi\u0105\u0107 udzia\u0142 w og\u00f3lno\u015bwiatowej akcji. \u00a0 \u00a0 \u00a0 \u00a0 \u00a0 \u00a0 \u00a0Zg\u0142o\u015b si\u0119 \u2013 mo\u017ce to Ty obalisz zb\u0119dny stereotyp? \u00a0ZAJRZYJ \u017bywe Ksi\u0105\u017cki [&hellip;]<\/p>\n","protected":false},"author":1,"featured_media":0,"comment_status":"closed","ping_status":"open","sticky":false,"template":"","format":"standard","meta":{"ngg_post_thumbnail":0,"footnotes":""},"categories":[1],"tags":[],"class_list":["post-3886","post","type-post","status-publish","format-standard","hentry","category-uncategorized"],"_links":{"self":[{"href":"https:\/\/bibliotekamoscisko.pl\/index.php?rest_route=\/wp\/v2\/posts\/3886","targetHints":{"allow":["GET"]}}],"collection":[{"href":"https:\/\/bibliotekamoscisko.pl\/index.php?rest_route=\/wp\/v2\/posts"}],"about":[{"href":"https:\/\/bibliotekamoscisko.pl\/index.php?rest_route=\/wp\/v2\/types\/post"}],"author":[{"embeddable":true,"href":"https:\/\/bibliotekamoscisko.pl\/index.php?rest_route=\/wp\/v2\/users\/1"}],"replies":[{"embeddable":true,"href":"https:\/\/bibliotekamoscisko.pl\/index.php?rest_route=%2Fwp%2Fv2%2Fcomments&post=3886"}],"version-history":[{"count":1,"href":"https:\/\/bibliotekamoscisko.pl\/index.php?rest_route=\/wp\/v2\/posts\/3886\/revisions"}],"predecessor-version":[{"id":3889,"href":"https:\/\/bibliotekamoscisko.pl\/index.php?rest_route=\/wp\/v2\/posts\/3886\/revisions\/3889"}],"wp:attachment":[{"href":"https:\/\/bibliotekamoscisko.pl\/index.php?rest_route=%2Fwp%2Fv2%2Fmedia&parent=3886"}],"wp:term":[{"taxonomy":"category","embeddable":true,"href":"https:\/\/bibliotekamoscisko.pl\/index.php?rest_route=%2Fwp%2Fv2%2Fcategories&post=3886"},{"taxonomy":"post_tag","embeddable":true,"href":"https:\/\/bibliotekamoscisko.pl\/index.php?rest_route=%2Fwp%2Fv2%2Ftags&post=3886"}],"curies":[{"name":"wp","href":"https:\/\/api.w.org\/{rel}","templated":true}]}}