{"id":3893,"date":"2016-10-01T11:41:28","date_gmt":"2016-10-01T11:41:28","guid":{"rendered":"http:\/\/bibliotekamoscisko.pl\/?p=3893"},"modified":"2016-10-01T13:18:34","modified_gmt":"2016-10-01T13:18:34","slug":"zobaczyc-niewidzialne","status":"publish","type":"post","link":"https:\/\/bibliotekamoscisko.pl\/?p=3893","title":{"rendered":"Zobaczy\u0107 niewidzialne"},"content":{"rendered":"<h2 style=\"text-align: center;\"><strong>ZOBACZY\u0106 NIEWIDZIALNE<\/strong><\/h2>\n<h2 style=\"text-align: center;\">\u00a0 \u00a0 Jak postrzega si\u0119 rzeczywisto\u015b\u0107, gdy jeden ze zmys\u0142\u00f3w jest nieobecny?<\/h2>\n<p>Zapraszamy do obejrzenia wystawy zwi\u0105zanej z osobami niewidz\u0105cymi. W Galerii Biblioteki Publicznej Gminy Dzier\u017coni\u00f3w mo\u017cna przez ca\u0142y pa\u017adziernik nie tylko ogl\u0105da\u0107 ale tak\u017ce dotyka\u0107 wyeksponowanych przedmiot\u00f3w. Do dyspozycji zwiedzaj\u0105cych oddali\u015bmy m.in. niewidzialn\u0105 map\u0119 Wroc\u0142awia, b\u0119d\u0105c\u0105 przewodnikiem po stolicy Dolnego \u015al\u0105ska. Przewodnikiem specyficznym, poniewa\u017c stworzonym przez osoby, kt\u00f3re nigdy nie mog\u0142y zobaczy\u0107 swojego rodzinnego miasta. Doskona\u0142ym uzupe\u0142nieniem tej pozycji sta\u0142 si\u0119 Tyflokartograficzny album wa\u017cnych skrzy\u017cowa\u0144 i przej\u015b\u0107 drogowych we Wroc\u0142awiu i okolicach Uniwersytetu Wroc\u0142awskiego.<\/p>\n<p>Na wystawie prezentowane s\u0105 r\u00f3wnie\u017c ksi\u0105\u017cki w alfabecie Baille\u2019a oraz najnowsze metody pomagaj\u0105ce osobom niewidomym na kontakt \u00a0z literatur\u0105 i tekstami u\u017cytkowymi.<\/p>\n<p>Wystawa pomaga przyjrze\u0107 si\u0119 \u015bwiatu os\u00f3b z dysfunkcj\u0105 narz\u0105du wzroku. To wprawdzie jedynie wycinek tego \u015bwiata, ale mo\u017ce dzi\u0119ki niemu odwiedzaj\u0105cy wystaw\u0119 zechc\u0105 \u00f3w wycinek dopasowa\u0107 do ca\u0142o\u015bci i doceniaj\u0105c sw\u00f3j wzrok, nie tylko patrze\u0107, ale i ZOBACZY\u0106.<\/p>\n<p>&nbsp;<\/p>\n<p><a href=\"http:\/\/bibliotekamoscisko.pl\/wp-content\/uploads\/2016\/10\/zobaczyc-niewidzialne-plakat.jpg\" rel=\"attachment wp-att-3902\"><img fetchpriority=\"high\" decoding=\"async\" class=\"aligncenter size-large wp-image-3902\" src=\"http:\/\/bibliotekamoscisko.pl\/wp-content\/uploads\/2016\/10\/zobaczyc-niewidzialne-plakat-1024x720.jpg\" alt=\"zobaczyc-niewidzialne-plakat\" width=\"654\" height=\"460\" srcset=\"https:\/\/bibliotekamoscisko.pl\/wp-content\/uploads\/2016\/10\/zobaczyc-niewidzialne-plakat-1024x720.jpg 1024w, https:\/\/bibliotekamoscisko.pl\/wp-content\/uploads\/2016\/10\/zobaczyc-niewidzialne-plakat-300x211.jpg 300w, https:\/\/bibliotekamoscisko.pl\/wp-content\/uploads\/2016\/10\/zobaczyc-niewidzialne-plakat-768x540.jpg 768w, https:\/\/bibliotekamoscisko.pl\/wp-content\/uploads\/2016\/10\/zobaczyc-niewidzialne-plakat-1x1.jpg 1w, https:\/\/bibliotekamoscisko.pl\/wp-content\/uploads\/2016\/10\/zobaczyc-niewidzialne-plakat.jpg 1588w\" sizes=\"(max-width: 654px) 100vw, 654px\" \/><\/a><\/p>\n<p>Zaprezentowane na wystawie zbiory pochodz\u0105 z Dzia\u0142u Ksi\u0105\u017cki M\u00f3wionej Dolno\u015bl\u0105skiej Biblioteki Publicznej we Wroc\u0142awiu.<\/p>\n","protected":false},"excerpt":{"rendered":"<p>ZOBACZY\u0106 NIEWIDZIALNE \u00a0 \u00a0 Jak postrzega si\u0119 rzeczywisto\u015b\u0107, gdy jeden ze zmys\u0142\u00f3w jest nieobecny? Zapraszamy do obejrzenia wystawy zwi\u0105zanej z osobami niewidz\u0105cymi. W Galerii Biblioteki Publicznej Gminy Dzier\u017coni\u00f3w mo\u017cna przez [&hellip;]<\/p>\n","protected":false},"author":1,"featured_media":0,"comment_status":"closed","ping_status":"open","sticky":false,"template":"","format":"standard","meta":{"ngg_post_thumbnail":0,"footnotes":""},"categories":[1],"tags":[],"class_list":["post-3893","post","type-post","status-publish","format-standard","hentry","category-uncategorized"],"_links":{"self":[{"href":"https:\/\/bibliotekamoscisko.pl\/index.php?rest_route=\/wp\/v2\/posts\/3893","targetHints":{"allow":["GET"]}}],"collection":[{"href":"https:\/\/bibliotekamoscisko.pl\/index.php?rest_route=\/wp\/v2\/posts"}],"about":[{"href":"https:\/\/bibliotekamoscisko.pl\/index.php?rest_route=\/wp\/v2\/types\/post"}],"author":[{"embeddable":true,"href":"https:\/\/bibliotekamoscisko.pl\/index.php?rest_route=\/wp\/v2\/users\/1"}],"replies":[{"embeddable":true,"href":"https:\/\/bibliotekamoscisko.pl\/index.php?rest_route=%2Fwp%2Fv2%2Fcomments&post=3893"}],"version-history":[{"count":3,"href":"https:\/\/bibliotekamoscisko.pl\/index.php?rest_route=\/wp\/v2\/posts\/3893\/revisions"}],"predecessor-version":[{"id":3903,"href":"https:\/\/bibliotekamoscisko.pl\/index.php?rest_route=\/wp\/v2\/posts\/3893\/revisions\/3903"}],"wp:attachment":[{"href":"https:\/\/bibliotekamoscisko.pl\/index.php?rest_route=%2Fwp%2Fv2%2Fmedia&parent=3893"}],"wp:term":[{"taxonomy":"category","embeddable":true,"href":"https:\/\/bibliotekamoscisko.pl\/index.php?rest_route=%2Fwp%2Fv2%2Fcategories&post=3893"},{"taxonomy":"post_tag","embeddable":true,"href":"https:\/\/bibliotekamoscisko.pl\/index.php?rest_route=%2Fwp%2Fv2%2Ftags&post=3893"}],"curies":[{"name":"wp","href":"https:\/\/api.w.org\/{rel}","templated":true}]}}