{"id":390,"date":"2014-05-09T14:16:54","date_gmt":"2014-05-09T14:16:54","guid":{"rendered":"http:\/\/bibliotekamoscisko.pl\/?p=390"},"modified":"2014-05-09T14:16:54","modified_gmt":"2014-05-09T14:16:54","slug":"od-tabliczki-glinianej-do-e-papieru","status":"publish","type":"post","link":"https:\/\/bibliotekamoscisko.pl\/?p=390","title":{"rendered":"\u201eOd tabliczki glinianej do e-papieru\u201d"},"content":{"rendered":"<p><em>\u00a0<\/em><\/p>\n<div id='gallery-1' class='gallery galleryid-390 gallery-columns-3 gallery-size-thumbnail'><figure class='gallery-item'>\n\t\t\t<div class='gallery-icon portrait'>\n\t\t\t\t<a href='https:\/\/bibliotekamoscisko.pl\/?attachment_id=392'><img decoding=\"async\" width=\"150\" height=\"150\" src=\"https:\/\/bibliotekamoscisko.pl\/wp-content\/uploads\/2014\/05\/Wizyta-w-muzeum1-150x150.jpg\" class=\"attachment-thumbnail size-thumbnail\" alt=\"\" \/><\/a>\n\t\t\t<\/div><\/figure><figure class='gallery-item'>\n\t\t\t<div class='gallery-icon portrait'>\n\t\t\t\t<a href='https:\/\/bibliotekamoscisko.pl\/?attachment_id=393'><img decoding=\"async\" width=\"150\" height=\"150\" src=\"https:\/\/bibliotekamoscisko.pl\/wp-content\/uploads\/2014\/05\/wizyta-w-muzeum2-150x150.jpg\" class=\"attachment-thumbnail size-thumbnail\" alt=\"\" \/><\/a>\n\t\t\t<\/div><\/figure>\n\t\t<\/div>\n\n<p>29 kwietnia uczniowie klas II-III Szko\u0142y Podstawowej imienia K. Makuszy\u0144skiego w Pi\u0142awie Dolnej, wraz z wychowawcami klas, Ew\u0105 Soko\u0142owsk\u0105, El\u017cbiet\u0105 Biernack\u0105 wybrali si\u0119 go\u015bcinnie do DOK, na pokazow\u0105 lekcj\u0119 ceramiki.<\/p>\n<p>Dzieciaki z zapa\u0142em zabra\u0142y si\u0119 do wykonywania przedmiot\u00f3w z gliny. Wcze\u015bniej zapozna\u0142y si\u0119 z w\u0142a\u015bciwo\u015bci\u0105 surowca i przedmiotami , kt\u00f3re mog\u0105 by\u0107 pomocne przy wykonywaniu figurek. Pani Agnieszka, animator dzier\u017coniowskiego o\u015brodka kultury, przekazywa\u0142a informacj\u0119 jak mo\u017cna wyczarowa\u0107 gliniane zwierz\u0105tka, czy przedmioty. Bry\u0142a gliniana zamieni\u0142a si\u0119 pod r\u0119kami dzieci w ma\u0142e rze\u017aby, sprawiaj\u0105c dzieciom nieukrywan\u0105 przyjemno\u015b\u0107.<\/p>\n<p>Z DOK pow\u0119drowali\u015bmy do Muzeum Miejskiego w Dzier\u017coniowie. Czego tam nie widzieli\u015bmy ! Ka\u017cdy m\u00f3g\u0142 znale\u017a\u0107 co\u015b dla siebie, albo odnale\u017a\u0107 ekspozycj\u0119, kt\u00f3ra przyci\u0105gn\u0119\u0142a jego uwag\u0119.<\/p>\n<p>Ogl\u0105dali\u015bmy\u00a0 ekspozycj\u0119 starodruk\u00f3w:<\/p>\n<ul>\n<li>Kronik\u0119 miasta Dzier\u017coni\u00f3w \u2013 autor Erich Hasse \u2013 rok wydania 1929.<\/li>\n<li>XIV wieczne kopie dzier\u017coniowskich dokument\u00f3w.<\/li>\n<li>Piecz\u0119cie miejskie z prze\u0142omu XVIII-XIX wieku.<\/li>\n<li>Plomby sukiennicze XVII-XVIII<\/li>\n<li>Kopie piecz\u0119ci gotyckiej pochodz\u0105cej z oko\u0142o 1290r.<\/li>\n<li>Miedziany b\u0119ben wykonany w 1725 r.<\/li>\n<\/ul>\n<p>Dzieci z zaciekawieniem spogl\u0105da\u0142y na \u201eKapsu\u0142\u0119 czasu\u201d znalezion\u0105 w wie\u017cy ratuszowej w maju 1987r.<\/p>\n<p>Ogl\u0105dali\u015bmy wystawy \u201eOstatnia koalicja antynapoleo\u0144ska\u201d \u2013 200 rocznica Kongresu w Dzier\u017coniowie.<\/p>\n<p>Byli\u015bmy tak\u017ce na sta\u0142ej wystawie po\u015bwi\u0119conej zak\u0142adom Radiowym \u201eDiora\u201d, znanym w ca\u0142ej Polsce. \u00a0Dzieci z zaciekawieniem s\u0142ucha\u0142y opowie\u015bci o pierwszych odbiornikach radiowych, telewizyjnych, gramofonach produkowanych w Dzier\u017coniowie. Dowiedzieli\u015bmy si\u0119, \u017ce w latach 40-50 tych ubieg\u0142ego stulecia w\u0142a\u015bnie w Dzier\u017coniowie istnia\u0142a pierwsza fabryka lamp radiowych w Polsce.<\/p>\n<p>Ko\u0144cowym etapem naszego spotkania w muzeum by\u0142a ekspozycja \u201eOd tabliczki glinianej do e-papieru\u201d- po\u015bwi\u0119conej historii ksi\u0105\u017cki. Bardzo spodoba\u0142 nam si\u0119 cytat: \u201eKsi\u0105\u017cka \u2013 najta\u0144szy bilet do ca\u0142kiem innego \u015bwiata\u201d.\u00a0 Na tej wystawie spotkali\u015bmy si\u0119 z kolejnymi ciekawymi eksponatami, opr\u00f3cz pi\u0119knych, starych ksi\u0105\u017cek \u2013 Libri Librorum, pierwszej ksi\u0105\u017cki drukowanej po polsku w 1513 roku ze zbior\u00f3w Biblioteki Uniwersytetu Wroc\u0142awskiego, widzieli\u015bmy kamienie litograficzne z prze\u0142omu XIX\/XX, przybory pisarskie, e-papier, e-czytnik, i wiele innych ciekawostek, \u017ca\u0142ujcie, \u017ce nie byli\u015bcie.<\/p>\n<p>Wa\u017cny jest walor wychowania w bezpo\u015brednim kontakcie z kultur\u0105, sztuk\u0105. Aby przy codzienno\u015bci \u017cycia, nie umkn\u0119\u0142a nam wra\u017cliwo\u015b\u0107, pami\u0119\u0107, estetyczne odczuwanie, prze\u017cywanie. Dzi\u0119ki przebywaniu z kultur\u0105, sztuk\u0105, kszta\u0142tujemy wi\u0119zi \u0142\u0105cz\u0105ce tera\u017aniejszo\u015b\u0107 z przesz\u0142o\u015bci\u0105.<\/p>\n<p>Dzi\u0119kujemy za profesjonalne, przyjazne spotkania w Dzier\u017coniowskim O\u015brodku Kultury i Muzeum Miejskim w Dzier\u017coniowie.<\/p>\n<p>Dzieci by\u0142y u\u015bmiechni\u0119te, radosne, zapowiedzia\u0142y si\u0119 na kolejne spotkania. Warto poszerza\u0107 swoje horyzonty.<\/p>\n<p>&nbsp;<\/p>\n<p>Wanda Kun<\/p>\n","protected":false},"excerpt":{"rendered":"<p>\u00a0 29 kwietnia uczniowie klas II-III Szko\u0142y Podstawowej imienia K. Makuszy\u0144skiego w Pi\u0142awie Dolnej, wraz z wychowawcami klas, Ew\u0105 Soko\u0142owsk\u0105, El\u017cbiet\u0105 Biernack\u0105 wybrali si\u0119 go\u015bcinnie do DOK, na pokazow\u0105 lekcj\u0119 [&hellip;]<\/p>\n","protected":false},"author":1,"featured_media":0,"comment_status":"open","ping_status":"open","sticky":false,"template":"","format":"standard","meta":{"ngg_post_thumbnail":0,"footnotes":""},"categories":[1],"tags":[],"class_list":["post-390","post","type-post","status-publish","format-standard","hentry","category-uncategorized"],"_links":{"self":[{"href":"https:\/\/bibliotekamoscisko.pl\/index.php?rest_route=\/wp\/v2\/posts\/390","targetHints":{"allow":["GET"]}}],"collection":[{"href":"https:\/\/bibliotekamoscisko.pl\/index.php?rest_route=\/wp\/v2\/posts"}],"about":[{"href":"https:\/\/bibliotekamoscisko.pl\/index.php?rest_route=\/wp\/v2\/types\/post"}],"author":[{"embeddable":true,"href":"https:\/\/bibliotekamoscisko.pl\/index.php?rest_route=\/wp\/v2\/users\/1"}],"replies":[{"embeddable":true,"href":"https:\/\/bibliotekamoscisko.pl\/index.php?rest_route=%2Fwp%2Fv2%2Fcomments&post=390"}],"version-history":[{"count":2,"href":"https:\/\/bibliotekamoscisko.pl\/index.php?rest_route=\/wp\/v2\/posts\/390\/revisions"}],"predecessor-version":[{"id":396,"href":"https:\/\/bibliotekamoscisko.pl\/index.php?rest_route=\/wp\/v2\/posts\/390\/revisions\/396"}],"wp:attachment":[{"href":"https:\/\/bibliotekamoscisko.pl\/index.php?rest_route=%2Fwp%2Fv2%2Fmedia&parent=390"}],"wp:term":[{"taxonomy":"category","embeddable":true,"href":"https:\/\/bibliotekamoscisko.pl\/index.php?rest_route=%2Fwp%2Fv2%2Fcategories&post=390"},{"taxonomy":"post_tag","embeddable":true,"href":"https:\/\/bibliotekamoscisko.pl\/index.php?rest_route=%2Fwp%2Fv2%2Ftags&post=390"}],"curies":[{"name":"wp","href":"https:\/\/api.w.org\/{rel}","templated":true}]}}