{"id":3927,"date":"2016-10-08T14:49:17","date_gmt":"2016-10-08T14:49:17","guid":{"rendered":"http:\/\/bibliotekamoscisko.pl\/?p=3927"},"modified":"2016-10-08T14:49:17","modified_gmt":"2016-10-08T14:49:17","slug":"muzyka-zrodel","status":"publish","type":"post","link":"https:\/\/bibliotekamoscisko.pl\/?p=3927","title":{"rendered":"Muzyka \u017ar\u00f3de\u0142"},"content":{"rendered":"<p>Music of sources\u201d (\u201eMuzyka \u017ar\u00f3de\u0142\u201d) &#8211; to mi\u0119dzynarodowy warsztat muzyczno-taneczny (polsko-czesko-s\u0142owacki) zorganizowany przez Fundacj\u0119 Rozwoju Kultury, Sztuki i Edukacji \u201eOtw\u00f3rz Drzwi\u201d w ramach programu Erasmus +, KA1 &#8211; Mobilno\u015b\u0107 edukacyjna, odbywaj\u0105cy si\u0119 od 3 do17 pa\u017adziernika 2016 r. w O\u015brodku Kultury i Sportu \u201eWyspa Koni\u201d<br \/>\nw Ostroszowicach (ko\u0142o Bielawy\/Dzier\u017coniowa). Zostanie on zako\u0144czony pokazami w Ostroszowicach i Wroc\u0142awiu.<br \/>\nM\u0142odzi uczestnicy z Polski, S\u0142owacji i Czech b\u0119d\u0105 poszukiwa\u0107 platformy porozumienia poprzez poszukiwanie w\u0142asnej ekspresji (muzyki oraz ruchu p\u0142yn\u0105cych z wn\u0119trza), b\u0119d\u0105 r\u00f3wnie\u017c wchodzi\u0107 w interakcje grupowe przez odkrywanie archetyp\u00f3w kulturowych r\u00f3\u017cnych tradycji i nacji, ale o\u00a0<span class=\"m_-5531997558563150473gmail-text_exposed_show\">wsp\u00f3lnych praindoeuropejskich korzeniach. Projekt powsta\u0142 z inspiracji Teatru \u0179r\u00f3de\u0142 J. Grotowskiego. To permormatywne wyra\u017canie siebie w muzyce i ta\u0144cu wsp\u00f3\u0142czesnym wpisuje si\u0119 w program &#8211; Wroc\u0142aw Europejsk\u0105 Stolic\u0105 Kultury 2016.<br \/>\nZwie\u0144czeniem prac warsztatowych b\u0119d\u0105 pokazy: pierwszy 15 pa\u017adziernika 2016 r. o godz. 17.00 w O\u015brodku Kultury i Sportu \u201eWyspa Koni\u201d w Ostroszowicach, drugi 16 pa\u017adziernika 2016 r. o godz. 13.00 w Sky Tower (\u201e\u0141ezka\u201d na parterze). Widowisko w Sky Tower stanie si\u0119 o tyle niezwyk\u0142e, gdy\u017c widownia obejrzy spektakl taneczny przede wszystkim z g\u00f3ry, z pierwszego<br \/>\ni drugiego pi\u0119tra, co dostarczy niezapomnianych wra\u017ce\u0144. Pokaz u\u015bwietni wyst\u0119p uznanych autorytet\u00f3w muzycznych: Sambora Dudzi\u0144skiego, Elizy Niemczyckiej, Dominika Koz\u0142owskiego oraz s\u0142owackiego \u201eMystic Choir\u201d.<br \/>\nProwadz\u0105cy:<br \/>\nMagdalena G\u00f3rnicka (contemporary dance -taniec wsp\u00f3\u0142czesny) &#8211; absolwentka Kr\u00f3lewskiego Konserwatorium w Antwerpii.<br \/>\nEliza Anna Niemczycka \u2013 mezzosopran liryczny, kompozytorka, autorka tekst\u00f3w piosenek.<br \/>\nSambor Dudzi\u0144ski multiinstrumentalista, kompozytor, kompozytor teatralny.<br \/>\nOrganizator: Fundacja Rozwoju Kultury, Sztuki i Edukacji \u201eOtw\u00f3rz Drzwi\u201d.<br \/>\nPartnerzy ze S\u0142owacji: organizacja artystyczna \u201eartRIS\u201d, \u201eMYSTIC CHOIR\u201d<br \/>\noraz czeskie stowarzyszenie teatralne: \u201eSpolek divadelnich ochotniku\u201d.<br \/>\nKoordynator projektu: Piotr Zabuski<\/span><\/p>\n<p><a href=\"http:\/\/bibliotekamoscisko.pl\/wp-content\/uploads\/2016\/10\/muzyka-zrodel.jpg\" rel=\"attachment wp-att-3928\"><img fetchpriority=\"high\" decoding=\"async\" class=\"aligncenter size-large wp-image-3928\" src=\"http:\/\/bibliotekamoscisko.pl\/wp-content\/uploads\/2016\/10\/muzyka-zrodel-775x1024.jpg\" alt=\"muzyka-zrodel\" width=\"654\" height=\"864\" srcset=\"https:\/\/bibliotekamoscisko.pl\/wp-content\/uploads\/2016\/10\/muzyka-zrodel-775x1024.jpg 775w, https:\/\/bibliotekamoscisko.pl\/wp-content\/uploads\/2016\/10\/muzyka-zrodel-227x300.jpg 227w, https:\/\/bibliotekamoscisko.pl\/wp-content\/uploads\/2016\/10\/muzyka-zrodel-768x1015.jpg 768w, https:\/\/bibliotekamoscisko.pl\/wp-content\/uploads\/2016\/10\/muzyka-zrodel-1x1.jpg 1w\" sizes=\"(max-width: 654px) 100vw, 654px\" \/><\/a><\/p>\n","protected":false},"excerpt":{"rendered":"<p>Music of sources\u201d (\u201eMuzyka \u017ar\u00f3de\u0142\u201d) &#8211; to mi\u0119dzynarodowy warsztat muzyczno-taneczny (polsko-czesko-s\u0142owacki) zorganizowany przez Fundacj\u0119 Rozwoju Kultury, Sztuki i Edukacji \u201eOtw\u00f3rz Drzwi\u201d w ramach programu Erasmus +, KA1 &#8211; Mobilno\u015b\u0107 edukacyjna, [&hellip;]<\/p>\n","protected":false},"author":1,"featured_media":0,"comment_status":"closed","ping_status":"open","sticky":false,"template":"","format":"standard","meta":{"ngg_post_thumbnail":0,"footnotes":""},"categories":[1],"tags":[],"class_list":["post-3927","post","type-post","status-publish","format-standard","hentry","category-uncategorized"],"_links":{"self":[{"href":"https:\/\/bibliotekamoscisko.pl\/index.php?rest_route=\/wp\/v2\/posts\/3927","targetHints":{"allow":["GET"]}}],"collection":[{"href":"https:\/\/bibliotekamoscisko.pl\/index.php?rest_route=\/wp\/v2\/posts"}],"about":[{"href":"https:\/\/bibliotekamoscisko.pl\/index.php?rest_route=\/wp\/v2\/types\/post"}],"author":[{"embeddable":true,"href":"https:\/\/bibliotekamoscisko.pl\/index.php?rest_route=\/wp\/v2\/users\/1"}],"replies":[{"embeddable":true,"href":"https:\/\/bibliotekamoscisko.pl\/index.php?rest_route=%2Fwp%2Fv2%2Fcomments&post=3927"}],"version-history":[{"count":1,"href":"https:\/\/bibliotekamoscisko.pl\/index.php?rest_route=\/wp\/v2\/posts\/3927\/revisions"}],"predecessor-version":[{"id":3929,"href":"https:\/\/bibliotekamoscisko.pl\/index.php?rest_route=\/wp\/v2\/posts\/3927\/revisions\/3929"}],"wp:attachment":[{"href":"https:\/\/bibliotekamoscisko.pl\/index.php?rest_route=%2Fwp%2Fv2%2Fmedia&parent=3927"}],"wp:term":[{"taxonomy":"category","embeddable":true,"href":"https:\/\/bibliotekamoscisko.pl\/index.php?rest_route=%2Fwp%2Fv2%2Fcategories&post=3927"},{"taxonomy":"post_tag","embeddable":true,"href":"https:\/\/bibliotekamoscisko.pl\/index.php?rest_route=%2Fwp%2Fv2%2Ftags&post=3927"}],"curies":[{"name":"wp","href":"https:\/\/api.w.org\/{rel}","templated":true}]}}