{"id":3950,"date":"2016-10-15T10:44:09","date_gmt":"2016-10-15T10:44:09","guid":{"rendered":"http:\/\/bibliotekamoscisko.pl\/?p=3950"},"modified":"2016-10-15T10:44:09","modified_gmt":"2016-10-15T10:44:09","slug":"europejski-tydzien-kodowania","status":"publish","type":"post","link":"https:\/\/bibliotekamoscisko.pl\/?p=3950","title":{"rendered":"Europejski Tydzie\u0144 Kodowania"},"content":{"rendered":"<p>Pa\u017adziernik to idealna okazja, \u017ceby rozpocz\u0105\u0107 przygod\u0119 z programowaniem! <strong>Od 15 do 23 pa\u017adziernika w ca\u0142ej Europie trwa\u0107 <a href=\"http:\/\/bibliotekamoscisko.pl\/wp-content\/uploads\/2016\/10\/2016_CodeWeek_FINAL_logo-44290_127VX8mjpg-male.jpg\" rel=\"attachment wp-att-3951\"><img decoding=\"async\" class=\"alignright size-thumbnail wp-image-3951\" src=\"http:\/\/bibliotekamoscisko.pl\/wp-content\/uploads\/2016\/10\/2016_CodeWeek_FINAL_logo-44290_127VX8mjpg-male-150x150.jpg\" alt=\"2016_codeweek_final_logo-44290_127vx8mjpg-male\" width=\"150\" height=\"150\" srcset=\"https:\/\/bibliotekamoscisko.pl\/wp-content\/uploads\/2016\/10\/2016_CodeWeek_FINAL_logo-44290_127VX8mjpg-male-150x150.jpg 150w, https:\/\/bibliotekamoscisko.pl\/wp-content\/uploads\/2016\/10\/2016_CodeWeek_FINAL_logo-44290_127VX8mjpg-male-300x300.jpg 300w, https:\/\/bibliotekamoscisko.pl\/wp-content\/uploads\/2016\/10\/2016_CodeWeek_FINAL_logo-44290_127VX8mjpg-male-1x1.jpg 1w, https:\/\/bibliotekamoscisko.pl\/wp-content\/uploads\/2016\/10\/2016_CodeWeek_FINAL_logo-44290_127VX8mjpg-male.jpg 600w\" sizes=\"(max-width: 150px) 100vw, 150px\" \/><\/a>b\u0119dzie Europejski Tydzie\u0144 Kodowania (CodeWeek 2016).<\/strong> Celem akcji jest popularyzacja i promocja nauki programowania.<\/p>\n<p>Biblioteka Publiczna Gminy Dzier\u017coni\u00f3w im. W\u0142adys\u0142awa Reymonta postanowi\u0142a przy\u0142\u0105czy\u0107 si\u0119 do akcji. 20 pa\u017adziernika przedszkolaki z Zespo\u0142u Szkolno-Przedszkolnego w Mo\u015bcisku b\u0119d\u0105 mog\u0142y zbudowa\u0107 kartonowego robota i pokierowa\u0107 nim. Pomo\u017ce w tym gra Cody Roby. Nauka programowania bez u\u017cycia komputera! to \u015bwietny\u00a0pomys\u0142 na zaj\u0119cia dla os\u00f3b, kt\u00f3re nigdy wcze\u015bniej nie programowa\u0142y. W sobot\u0119 22 pa\u017adziernika zapraszamy \u00a0o godz. 10.00 do Biblioteki w Mo\u015bcisku wszystkie dzieci od 7 lat na zaj\u0119cia z inspiruj\u0105cym stworkiem KODU, kt\u00f3ry czeka na stworzenie \u00a0\u015bwiata 3D skrojonego na jego miar\u0119.<\/p>\n<p><a href=\"http:\/\/bibliotekamoscisko.pl\/wp-content\/uploads\/2016\/10\/CodeWeek_plakat1.jpg\" rel=\"attachment wp-att-3952\"><img fetchpriority=\"high\" decoding=\"async\" class=\"aligncenter size-large wp-image-3952\" src=\"http:\/\/bibliotekamoscisko.pl\/wp-content\/uploads\/2016\/10\/CodeWeek_plakat1-724x1024.jpg\" alt=\"codeweek_plakat1\" width=\"654\" height=\"925\" srcset=\"https:\/\/bibliotekamoscisko.pl\/wp-content\/uploads\/2016\/10\/CodeWeek_plakat1-724x1024.jpg 724w, https:\/\/bibliotekamoscisko.pl\/wp-content\/uploads\/2016\/10\/CodeWeek_plakat1-212x300.jpg 212w, https:\/\/bibliotekamoscisko.pl\/wp-content\/uploads\/2016\/10\/CodeWeek_plakat1-768x1086.jpg 768w, https:\/\/bibliotekamoscisko.pl\/wp-content\/uploads\/2016\/10\/CodeWeek_plakat1-1x1.jpg 1w, https:\/\/bibliotekamoscisko.pl\/wp-content\/uploads\/2016\/10\/CodeWeek_plakat1.jpg 1587w\" sizes=\"(max-width: 654px) 100vw, 654px\" \/><\/a><\/p>\n<p>R\u00f3wnie\u017c Biblioteka w Ostroszowicach zaprasza na zaj\u0119cia z podstaw kodowania. KODOWANIE NA DYWANIE to ciekawe zaj\u0119cia dla sze\u015bciolatk\u00f3w. Klasa I b\u0119dzie mog\u0142a pozna\u0107 gr\u0119 Cody Roby \u00a0i sprawdzi jak bez u\u017cycia komputera dzia\u0142aj\u0105 podstawowe polecenia kodowania.<a href=\"http:\/\/bibliotekamoscisko.pl\/wp-content\/uploads\/2016\/10\/roby-green.png\" rel=\"attachment wp-att-3953\"><img decoding=\"async\" class=\"aligncenter size-medium wp-image-3953\" src=\"http:\/\/bibliotekamoscisko.pl\/wp-content\/uploads\/2016\/10\/roby-green-300x161.png\" alt=\"roby-green\" width=\"300\" height=\"161\" srcset=\"https:\/\/bibliotekamoscisko.pl\/wp-content\/uploads\/2016\/10\/roby-green-300x161.png 300w, https:\/\/bibliotekamoscisko.pl\/wp-content\/uploads\/2016\/10\/roby-green-768x412.png 768w, https:\/\/bibliotekamoscisko.pl\/wp-content\/uploads\/2016\/10\/roby-green-2x1.png 2w, https:\/\/bibliotekamoscisko.pl\/wp-content\/uploads\/2016\/10\/roby-green.png 797w\" sizes=\"(max-width: 300px) 100vw, 300px\" \/><\/a><\/p>\n","protected":false},"excerpt":{"rendered":"<p>Pa\u017adziernik to idealna okazja, \u017ceby rozpocz\u0105\u0107 przygod\u0119 z programowaniem! Od 15 do 23 pa\u017adziernika w ca\u0142ej Europie trwa\u0107 b\u0119dzie Europejski Tydzie\u0144 Kodowania (CodeWeek 2016). Celem akcji jest popularyzacja i promocja [&hellip;]<\/p>\n","protected":false},"author":1,"featured_media":0,"comment_status":"closed","ping_status":"open","sticky":false,"template":"","format":"standard","meta":{"ngg_post_thumbnail":0,"footnotes":""},"categories":[1],"tags":[],"class_list":["post-3950","post","type-post","status-publish","format-standard","hentry","category-uncategorized"],"_links":{"self":[{"href":"https:\/\/bibliotekamoscisko.pl\/index.php?rest_route=\/wp\/v2\/posts\/3950","targetHints":{"allow":["GET"]}}],"collection":[{"href":"https:\/\/bibliotekamoscisko.pl\/index.php?rest_route=\/wp\/v2\/posts"}],"about":[{"href":"https:\/\/bibliotekamoscisko.pl\/index.php?rest_route=\/wp\/v2\/types\/post"}],"author":[{"embeddable":true,"href":"https:\/\/bibliotekamoscisko.pl\/index.php?rest_route=\/wp\/v2\/users\/1"}],"replies":[{"embeddable":true,"href":"https:\/\/bibliotekamoscisko.pl\/index.php?rest_route=%2Fwp%2Fv2%2Fcomments&post=3950"}],"version-history":[{"count":1,"href":"https:\/\/bibliotekamoscisko.pl\/index.php?rest_route=\/wp\/v2\/posts\/3950\/revisions"}],"predecessor-version":[{"id":3954,"href":"https:\/\/bibliotekamoscisko.pl\/index.php?rest_route=\/wp\/v2\/posts\/3950\/revisions\/3954"}],"wp:attachment":[{"href":"https:\/\/bibliotekamoscisko.pl\/index.php?rest_route=%2Fwp%2Fv2%2Fmedia&parent=3950"}],"wp:term":[{"taxonomy":"category","embeddable":true,"href":"https:\/\/bibliotekamoscisko.pl\/index.php?rest_route=%2Fwp%2Fv2%2Fcategories&post=3950"},{"taxonomy":"post_tag","embeddable":true,"href":"https:\/\/bibliotekamoscisko.pl\/index.php?rest_route=%2Fwp%2Fv2%2Ftags&post=3950"}],"curies":[{"name":"wp","href":"https:\/\/api.w.org\/{rel}","templated":true}]}}