{"id":397,"date":"2014-05-09T14:27:43","date_gmt":"2014-05-09T14:27:43","guid":{"rendered":"http:\/\/bibliotekamoscisko.pl\/?p=397"},"modified":"2024-04-29T08:41:40","modified_gmt":"2024-04-29T08:41:40","slug":"dlaczego-flaga-jest-bialo-czerwona","status":"publish","type":"post","link":"https:\/\/bibliotekamoscisko.pl\/?p=397","title":{"rendered":"Dlaczego flaga jest bia\u0142o-czerwona"},"content":{"rendered":"<div class=\"aboveUnitContent\" style=\"color: #37404e;\">\n<div class=\"userContentWrapper\">\n<div class=\"_wk\"><\/div>\n<div class=\"_wk\"><span class=\"userContent\">30 kwietnia w bibliotece w Mo\u015bcisku odby\u0142y si\u0119 zaj\u0119cia dotycz\u0105ce jednego z najm\u0142odszych \u015bwi\u0105t &#8211; Dnia Flagi Rzeczpospolitej.<\/span><\/div>\n<div class=\"_wk\"><span class=\"userContent\">Okazuje si\u0119, \u017ce cynober, czerwony i karmazyn r\u00f3\u017cni\u0105 si\u0119 od siebie a odcie\u0144 na naszej fladze jest dok\u0142adnie okre\u015blony i nie ka\u017cda czerwie\u0144 jest czerwieni\u0105 w\u0142a\u015bciw\u0105.\u00a0Barwy bia\u0142a i czerwona zosta\u0142y po raz pierwszy uznane za narodowe 3 maja 1792 r., w pierwsz\u0105 rocznic\u0119 uchwalenia Konstytucji 3 Maja.<br \/>\nNa \u015bwiecie jest kilka flag, kt\u00f3rych wygl\u0105d mo\u017ce zdziwi\u0107. Na fladze Mozambi<span class=\"text_exposed_show\">ku odszukamy ksi\u0105\u017ck\u0119, motyk\u0119, a tak\u017ce AK-47, czyli popularnego ka\u0142asznikowa a na fladze Maroka widnieje pentagram. Nie o kult si\u0142 nieczystych tu jednak chodzi a o pi\u0119\u0107 podstawowych zasad islamu.<\/span><\/span><\/div>\n<div class=\"_wk\"><span class=\"userContent\"><span class=\"text_exposed_show\"> Dzieciom najbardziej spodoba\u0142a si\u0119 flaga powiewaj\u0105ca nad Guam, niewielk\u0105 wysp\u0105 w po\u0142udniowej cz\u0119\u015bci archipelagu Marian\u00f3w. Ocean, pla\u017ca, \u017cagl\u00f3wka i palma zach\u0119caj\u0105 do podr\u00f3\u017cy. Wyobra\u017ani\u0119 poruszy\u0142 tak\u017ce bezskrzyd\u0142y smok Druk z flagi Bhutanu.<br \/>\n<\/span><\/span><\/div>\n<\/div>\n<\/div>\n<div class=\"photoUnit clearfix\" style=\"color: #37404e;\"><\/div>\n<div class=\"photoUnit clearfix\" style=\"color: #37404e;\">D.W.<\/div>\n","protected":false},"excerpt":{"rendered":"<p>30 kwietnia w bibliotece w Mo\u015bcisku odby\u0142y si\u0119 zaj\u0119cia dotycz\u0105ce jednego z najm\u0142odszych \u015bwi\u0105t &#8211; Dnia Flagi Rzeczpospolitej. Okazuje si\u0119, \u017ce cynober, czerwony i karmazyn r\u00f3\u017cni\u0105 si\u0119 od siebie a [&hellip;]<\/p>\n","protected":false},"author":1,"featured_media":0,"comment_status":"open","ping_status":"open","sticky":false,"template":"","format":"standard","meta":{"ngg_post_thumbnail":0,"footnotes":""},"categories":[1],"tags":[],"class_list":["post-397","post","type-post","status-publish","format-standard","hentry","category-uncategorized"],"_links":{"self":[{"href":"https:\/\/bibliotekamoscisko.pl\/index.php?rest_route=\/wp\/v2\/posts\/397","targetHints":{"allow":["GET"]}}],"collection":[{"href":"https:\/\/bibliotekamoscisko.pl\/index.php?rest_route=\/wp\/v2\/posts"}],"about":[{"href":"https:\/\/bibliotekamoscisko.pl\/index.php?rest_route=\/wp\/v2\/types\/post"}],"author":[{"embeddable":true,"href":"https:\/\/bibliotekamoscisko.pl\/index.php?rest_route=\/wp\/v2\/users\/1"}],"replies":[{"embeddable":true,"href":"https:\/\/bibliotekamoscisko.pl\/index.php?rest_route=%2Fwp%2Fv2%2Fcomments&post=397"}],"version-history":[{"count":3,"href":"https:\/\/bibliotekamoscisko.pl\/index.php?rest_route=\/wp\/v2\/posts\/397\/revisions"}],"predecessor-version":[{"id":14718,"href":"https:\/\/bibliotekamoscisko.pl\/index.php?rest_route=\/wp\/v2\/posts\/397\/revisions\/14718"}],"wp:attachment":[{"href":"https:\/\/bibliotekamoscisko.pl\/index.php?rest_route=%2Fwp%2Fv2%2Fmedia&parent=397"}],"wp:term":[{"taxonomy":"category","embeddable":true,"href":"https:\/\/bibliotekamoscisko.pl\/index.php?rest_route=%2Fwp%2Fv2%2Fcategories&post=397"},{"taxonomy":"post_tag","embeddable":true,"href":"https:\/\/bibliotekamoscisko.pl\/index.php?rest_route=%2Fwp%2Fv2%2Ftags&post=397"}],"curies":[{"name":"wp","href":"https:\/\/api.w.org\/{rel}","templated":true}]}}