{"id":4067,"date":"2016-11-14T10:37:53","date_gmt":"2016-11-14T10:37:53","guid":{"rendered":"http:\/\/bibliotekamoscisko.pl\/?p=4067"},"modified":"2016-11-14T10:37:53","modified_gmt":"2016-11-14T10:37:53","slug":"wieczornica-w-owiesnie","status":"publish","type":"post","link":"https:\/\/bibliotekamoscisko.pl\/?p=4067","title":{"rendered":"Wieczornica w Owie\u015bnie"},"content":{"rendered":"<p>Dzie\u0144 Odzyskania Niepodleg\u0142o\u015bci przez nar\u00f3d polski jest najwa\u017cniejszym \u015bwieckim \u015bwi\u0119tem w naszym kraju. Mo\u017cna obchodzi\u0107 je na wszelaki spos\u00f3b. Nasza Biblioteka w Owie\u015bnie i stowarzyszenie \u201eRazem dla wsi\u201d wysz\u0142y\u00a0 z inicjatyw\u0105 zorganizowania wieczornicy niepodleg\u0142o\u015bciowej, czyli spotkania wszystkich zainteresowanych histori\u0105 odzyskania niepodleg\u0142o\u015bci.<\/p>\n<p>Wieczornica odby\u0142a si\u0119 10 listopada 2016 roku. Wst\u0119pem do niej by\u0142a msza \u015bw. za ojczyzn\u0119\u00a0 i z\u0142o\u017cenie kwiat\u00f3w pod pomnikiem\u00a0 \u201eOjc\u00f3w naszych\u201d, gdzie oddali\u015bmy \u00a0ho\u0142d poleg\u0142ym za ojczyzn\u0119. Nast\u0119pnie cz\u0142onkowie stowarzyszenia \u201eRazem dla wsi\u201d rozdali flagi narodowe Polski, aby mieszka\u0144cy zawiesili je na swoich posesjach, upami\u0119tniaj\u0105c w ten spos\u00f3b odzyskanie niepodleg\u0142o\u015bci. Po uroczysto\u015bciach w ko\u015bciele przenie\u015bli\u015bmy si\u0119 do sali wiejskiej, gdzie mia\u0142y miejsce dalsze obchody.<\/p>\n<p>Wiecz\u00f3r rozpocz\u0105\u0142 si\u0119 koncertem dzieci z naszej parafialnej scholi, kt\u00f3ry na co dzie\u0144 prowadzi p. <strong>Agnieszka Dro\u015b.<\/strong> \u00a0Repertuar pie\u015bni, kt\u00f3ry przedstawi\u0142y dzieci, by\u0142 niezwykle r\u00f3\u017cnorodny. Cz\u0119\u015b\u0107 z nich by\u0142a skoczna i weso\u0142a, ale nie zabrak\u0142o r\u00f3wnie\u017c utwor\u00f3w smutnych, melancholijnych, nostalgicznych. Wszystko po to, aby pokaza\u0107 r\u00f3\u017cne oblicza wojny i nastroje \u017co\u0142nierzy walcz\u0105cych o niepodleg\u0142\u0105 Polsk\u0119. O niecodzienno\u015bci tego wydarzenia mo\u017ce \u015bwiadczy\u0107 fakt, \u017ce publiczno\u015b\u0107 mog\u0142a bra\u0107 czynny udzia\u0142 w obchodach. Przy pomocy projektora wy\u015bwietlane by\u0142y teksty piosenek, jak r\u00f3wnie\u017c kr\u00f3tki film upami\u0119tniaj\u0105cy drog\u0119 do wolno\u015bci. Publiczno\u015b\u0107 doskonale si\u0119 bawi\u0142a i by\u0142o wida\u0107, \u017ce \u015bwietnie wczu\u0142a si\u0119 w klimat tego wieczoru<strong>.<\/strong><\/p>\n<p><a href=\"http:\/\/bibliotekamoscisko.pl\/wp-content\/uploads\/2016\/11\/wieczornica-Owiesno.jpg\"><img fetchpriority=\"high\" decoding=\"async\" class=\"aligncenter size-medium wp-image-4068\" src=\"http:\/\/bibliotekamoscisko.pl\/wp-content\/uploads\/2016\/11\/wieczornica-Owiesno-300x202.jpg\" alt=\"wieczornica-owiesno\" width=\"300\" height=\"202\" srcset=\"https:\/\/bibliotekamoscisko.pl\/wp-content\/uploads\/2016\/11\/wieczornica-Owiesno-300x202.jpg 300w, https:\/\/bibliotekamoscisko.pl\/wp-content\/uploads\/2016\/11\/wieczornica-Owiesno-1x1.jpg 1w, https:\/\/bibliotekamoscisko.pl\/wp-content\/uploads\/2016\/11\/wieczornica-Owiesno.jpg 671w\" sizes=\"(max-width: 300px) 100vw, 300px\" \/><\/a><\/p>\n<p><strong>\u00a0<\/strong>Uczestnicy spotkania otrzymali r\u00f3wnie\u017c pocz\u0119stunek w postaci ciasta i ciep\u0142ego napoju, a ca\u0142e zadanie zosta\u0142o dofinansowane przez Gmin\u0119 Dzier\u017coni\u00f3w w ramach og\u0142oszonego zadania publicznego pn. \u201ePiel\u0119gnowanie polsko\u015bci, rozw\u00f3j i kszta\u0142towanie \u015bwiadomo\u015bci narodowej, obywatelskiej.\u201d<\/p>\n<p><strong>Sk\u0142adamy podzi\u0119kowania wszystkim kt\u00f3rzy \u00a0w\u0142\u0105czyli \u00a0si\u0119 w organizacj\u0119 tej uroczysto\u015bci, \u00a0\u00a0\u00a0\u00a0\u00a0\u00a0\u00a0\u00a0\u00a0\u00a0\u00a0\u00a0\u00a0\u00a0\u00a0\u00a0\u00a0\u00a0\u00a0\u00a0\u00a0\u00a0\u00a0\u00a0\u00a0a w szczeg\u00f3lno\u015bci naszym najm\u0142odszym obywatelom za wspania\u0142y koncert.<\/strong><\/p>\n<p>&nbsp;<\/p>\n","protected":false},"excerpt":{"rendered":"<p>Dzie\u0144 Odzyskania Niepodleg\u0142o\u015bci przez nar\u00f3d polski jest najwa\u017cniejszym \u015bwieckim \u015bwi\u0119tem w naszym kraju. Mo\u017cna obchodzi\u0107 je na wszelaki spos\u00f3b. Nasza Biblioteka w Owie\u015bnie i stowarzyszenie \u201eRazem dla wsi\u201d wysz\u0142y\u00a0 z [&hellip;]<\/p>\n","protected":false},"author":1,"featured_media":0,"comment_status":"closed","ping_status":"open","sticky":false,"template":"","format":"standard","meta":{"ngg_post_thumbnail":0,"footnotes":""},"categories":[1],"tags":[],"class_list":["post-4067","post","type-post","status-publish","format-standard","hentry","category-uncategorized"],"_links":{"self":[{"href":"https:\/\/bibliotekamoscisko.pl\/index.php?rest_route=\/wp\/v2\/posts\/4067","targetHints":{"allow":["GET"]}}],"collection":[{"href":"https:\/\/bibliotekamoscisko.pl\/index.php?rest_route=\/wp\/v2\/posts"}],"about":[{"href":"https:\/\/bibliotekamoscisko.pl\/index.php?rest_route=\/wp\/v2\/types\/post"}],"author":[{"embeddable":true,"href":"https:\/\/bibliotekamoscisko.pl\/index.php?rest_route=\/wp\/v2\/users\/1"}],"replies":[{"embeddable":true,"href":"https:\/\/bibliotekamoscisko.pl\/index.php?rest_route=%2Fwp%2Fv2%2Fcomments&post=4067"}],"version-history":[{"count":1,"href":"https:\/\/bibliotekamoscisko.pl\/index.php?rest_route=\/wp\/v2\/posts\/4067\/revisions"}],"predecessor-version":[{"id":4069,"href":"https:\/\/bibliotekamoscisko.pl\/index.php?rest_route=\/wp\/v2\/posts\/4067\/revisions\/4069"}],"wp:attachment":[{"href":"https:\/\/bibliotekamoscisko.pl\/index.php?rest_route=%2Fwp%2Fv2%2Fmedia&parent=4067"}],"wp:term":[{"taxonomy":"category","embeddable":true,"href":"https:\/\/bibliotekamoscisko.pl\/index.php?rest_route=%2Fwp%2Fv2%2Fcategories&post=4067"},{"taxonomy":"post_tag","embeddable":true,"href":"https:\/\/bibliotekamoscisko.pl\/index.php?rest_route=%2Fwp%2Fv2%2Ftags&post=4067"}],"curies":[{"name":"wp","href":"https:\/\/api.w.org\/{rel}","templated":true}]}}