{"id":4070,"date":"2016-11-14T10:51:55","date_gmt":"2016-11-14T10:51:55","guid":{"rendered":"http:\/\/bibliotekamoscisko.pl\/?p=4070"},"modified":"2016-11-14T10:57:14","modified_gmt":"2016-11-14T10:57:14","slug":"polska-moja-ojczyzna-spotkanie-w-pilawie-dolnej","status":"publish","type":"post","link":"https:\/\/bibliotekamoscisko.pl\/?p=4070","title":{"rendered":"Polska-moja Ojczyzna. Spotkanie w Pi\u0142awie Dolnej."},"content":{"rendered":"<p>9\u00a0 listopada Biblioteka Publiczno-Szkolna w Pi\u0142awie Dolnej zaprosi\u0142a, dzieci przedszkolne z pi\u0142awskiego przedszkola na spotkanie, podczas kt\u00f3rego rozmawiali\u015bmy i rozpoznawali\u015bmy symbole narodowe. Wa\u017cne jest to, \u017ce jeste\u015bmy Polakami. Polska to nasze ziemie, j\u0119zyk ojczysty, nasza historia, bohaterowie, ale te\u017c codzienno\u015b\u0107, nasz dom rodzinny.<\/p>\n<p style=\"text-align: justify;\">Dzieci z zapa\u0142em zabra\u0142y si\u0119 do pracy maluj\u0105c flag\u0119, tworz\u0105c bia\u0142o-czerwone kotyliony, kt\u00f3re zabra\u0142y do domu, wraz z arkuszami z tekstem hymnu polskiego. Warto wiedzie\u0107, \u017ce J\u00f3zef Wybicki napisa\u0142 s\u0142owa \u201eMazurka D\u0105browskiego\u201d \u00a0219 lat temu w roku 1797. Uczniowie ze Szko\u0142y Podstawowej w Pi\u0142awie Dolnej, bardzo ch\u0119tnie rozwi\u0105zywali krzy\u017c\u00f3wk\u0119 dotycz\u0105c\u0105 historii Polski, flagi Polskiej.<\/p>\n<h5 style=\"text-align: justify;\"><em>Polska-to miasto,<\/em><\/h5>\n<h5 style=\"text-align: justify;\"><em>Strumie\u0144 i rzeka,<\/em><\/h5>\n<h5 style=\"text-align: justify;\"><em>I komin fabryczny, <\/em><\/h5>\n<h5 style=\"text-align: justify;\"><em>Co dymi z daleka,<\/em><\/h5>\n<h5 style=\"text-align: justify;\"><em>A nawet ob\u0142oki,<\/em><\/h5>\n<h5 style=\"text-align: justify;\"><em>Gdy nad nami mkn\u0105.<\/em><\/h5>\n<h5 style=\"text-align: justify;\"><em>Polska to jest tak\u017ce tw\u00f3j rodzinny dom.<\/em><\/h5>\n<h5 style=\"text-align: justify;\"><em>A przedszkole?<\/em><\/h5>\n<h5 style=\"text-align: justify;\"><em>Tak i przedszkole,<\/em><\/h5>\n<h5 style=\"text-align: justify;\"><em>I r\u00f3\u017ca w ogrodzie<\/em><\/h5>\n<h5 style=\"text-align: justify;\"><em>I ksi\u0105\u017cka na stole.<\/em><\/h5>\n<p><em>\u00a0\u00a0\u00a0\u00a0\u00a0\u00a0\u00a0\u00a0\u00a0\u00a0\u00a0\u00a0\u00a0\u00a0\u00a0\u00a0\u00a0\u00a0\u00a0\u00a0\u00a0\u00a0\u00a0\u00a0\u00a0\u00a0\u00a0\u00a0\u00a0 Fragment wiesza Cz. Janczarskiego \u201eCo to jest Polska?\u201d<\/em><\/p>\n<div id='gallery-1' class='gallery galleryid-4070 gallery-columns-3 gallery-size-thumbnail'><figure class='gallery-item'>\n\t\t\t<div class='gallery-icon landscape'>\n\t\t\t\t<a href='https:\/\/bibliotekamoscisko.pl\/?attachment_id=4071'><img decoding=\"async\" width=\"150\" height=\"150\" src=\"https:\/\/bibliotekamoscisko.pl\/wp-content\/uploads\/2016\/11\/pd1-150x150.jpg\" class=\"attachment-thumbnail size-thumbnail\" alt=\"\" srcset=\"https:\/\/bibliotekamoscisko.pl\/wp-content\/uploads\/2016\/11\/pd1-150x150.jpg 150w, https:\/\/bibliotekamoscisko.pl\/wp-content\/uploads\/2016\/11\/pd1-1x1.jpg 1w\" sizes=\"(max-width: 150px) 100vw, 150px\" \/><\/a>\n\t\t\t<\/div><\/figure><figure class='gallery-item'>\n\t\t\t<div class='gallery-icon landscape'>\n\t\t\t\t<a href='https:\/\/bibliotekamoscisko.pl\/?attachment_id=4072'><img decoding=\"async\" width=\"150\" height=\"150\" src=\"https:\/\/bibliotekamoscisko.pl\/wp-content\/uploads\/2016\/11\/pd2-150x150.jpg\" class=\"attachment-thumbnail size-thumbnail\" alt=\"\" srcset=\"https:\/\/bibliotekamoscisko.pl\/wp-content\/uploads\/2016\/11\/pd2-150x150.jpg 150w, https:\/\/bibliotekamoscisko.pl\/wp-content\/uploads\/2016\/11\/pd2-1x1.jpg 1w\" sizes=\"(max-width: 150px) 100vw, 150px\" \/><\/a>\n\t\t\t<\/div><\/figure><figure class='gallery-item'>\n\t\t\t<div class='gallery-icon landscape'>\n\t\t\t\t<a href='https:\/\/bibliotekamoscisko.pl\/?attachment_id=4073'><img decoding=\"async\" width=\"150\" height=\"150\" src=\"https:\/\/bibliotekamoscisko.pl\/wp-content\/uploads\/2016\/11\/pd3-150x150.jpg\" class=\"attachment-thumbnail size-thumbnail\" alt=\"\" srcset=\"https:\/\/bibliotekamoscisko.pl\/wp-content\/uploads\/2016\/11\/pd3-150x150.jpg 150w, https:\/\/bibliotekamoscisko.pl\/wp-content\/uploads\/2016\/11\/pd3-1x1.jpg 1w\" sizes=\"(max-width: 150px) 100vw, 150px\" \/><\/a>\n\t\t\t<\/div><\/figure>\n\t\t<\/div>\n\n<p>Dzi\u0119kuj\u0119 za zaanga\u017cowanie dzieci przedszkolnych i szkolnych, kt\u00f3re tak ch\u0119tnie rozmawia\u0142y o Polsce i ch\u00f3ralnie recytowa\u0142y wiersz W\u0142adys\u0142awa Be\u0142zy \u201eKto ty jeste\u015b? Polak ma\u0142y\u201d<\/p>\n<p>Dzi\u0119kuj\u0119 za wsp\u00f3\u0142prac\u0119 przy realizacji naszego spotkania paniom Renacie Kajkowskiej i Joannie Mrzyg\u0142\u00f3d.<\/p>\n<p>Zapraszam do biblioteki<\/p>\n<p>Wanda Kun<\/p>\n","protected":false},"excerpt":{"rendered":"<p>9\u00a0 listopada Biblioteka Publiczno-Szkolna w Pi\u0142awie Dolnej zaprosi\u0142a, dzieci przedszkolne z pi\u0142awskiego przedszkola na spotkanie, podczas kt\u00f3rego rozmawiali\u015bmy i rozpoznawali\u015bmy symbole narodowe. Wa\u017cne jest to, \u017ce jeste\u015bmy Polakami. Polska to [&hellip;]<\/p>\n","protected":false},"author":1,"featured_media":0,"comment_status":"closed","ping_status":"open","sticky":false,"template":"","format":"standard","meta":{"ngg_post_thumbnail":0,"footnotes":""},"categories":[1],"tags":[],"class_list":["post-4070","post","type-post","status-publish","format-standard","hentry","category-uncategorized"],"_links":{"self":[{"href":"https:\/\/bibliotekamoscisko.pl\/index.php?rest_route=\/wp\/v2\/posts\/4070","targetHints":{"allow":["GET"]}}],"collection":[{"href":"https:\/\/bibliotekamoscisko.pl\/index.php?rest_route=\/wp\/v2\/posts"}],"about":[{"href":"https:\/\/bibliotekamoscisko.pl\/index.php?rest_route=\/wp\/v2\/types\/post"}],"author":[{"embeddable":true,"href":"https:\/\/bibliotekamoscisko.pl\/index.php?rest_route=\/wp\/v2\/users\/1"}],"replies":[{"embeddable":true,"href":"https:\/\/bibliotekamoscisko.pl\/index.php?rest_route=%2Fwp%2Fv2%2Fcomments&post=4070"}],"version-history":[{"count":3,"href":"https:\/\/bibliotekamoscisko.pl\/index.php?rest_route=\/wp\/v2\/posts\/4070\/revisions"}],"predecessor-version":[{"id":4076,"href":"https:\/\/bibliotekamoscisko.pl\/index.php?rest_route=\/wp\/v2\/posts\/4070\/revisions\/4076"}],"wp:attachment":[{"href":"https:\/\/bibliotekamoscisko.pl\/index.php?rest_route=%2Fwp%2Fv2%2Fmedia&parent=4070"}],"wp:term":[{"taxonomy":"category","embeddable":true,"href":"https:\/\/bibliotekamoscisko.pl\/index.php?rest_route=%2Fwp%2Fv2%2Fcategories&post=4070"},{"taxonomy":"post_tag","embeddable":true,"href":"https:\/\/bibliotekamoscisko.pl\/index.php?rest_route=%2Fwp%2Fv2%2Ftags&post=4070"}],"curies":[{"name":"wp","href":"https:\/\/api.w.org\/{rel}","templated":true}]}}