{"id":4099,"date":"2016-11-16T14:33:12","date_gmt":"2016-11-16T14:33:12","guid":{"rendered":"http:\/\/bibliotekamoscisko.pl\/?p=4099"},"modified":"2016-11-23T07:58:30","modified_gmt":"2016-11-23T07:58:30","slug":"zywa-biblioteka-rozgrzej-listopad","status":"publish","type":"post","link":"https:\/\/bibliotekamoscisko.pl\/?p=4099","title":{"rendered":"\u017bywa Biblioteka pod parasolem w Mo\u015bcisku"},"content":{"rendered":"<h3 style=\"text-align: center;\"><strong>\u00a0<\/strong><\/h3>\n<p><a href=\"http:\/\/bibliotekamoscisko.pl\/wp-content\/uploads\/2016\/11\/plakat-Moscisko.jpg\"><img fetchpriority=\"high\" decoding=\"async\" class=\"alignleft wp-image-4100 size-medium\" src=\"http:\/\/bibliotekamoscisko.pl\/wp-content\/uploads\/2016\/11\/plakat-Moscisko-213x300.jpg\" alt=\"plakat-moscisko\" width=\"213\" height=\"300\" srcset=\"https:\/\/bibliotekamoscisko.pl\/wp-content\/uploads\/2016\/11\/plakat-Moscisko-213x300.jpg 213w, https:\/\/bibliotekamoscisko.pl\/wp-content\/uploads\/2016\/11\/plakat-Moscisko-768x1082.jpg 768w, https:\/\/bibliotekamoscisko.pl\/wp-content\/uploads\/2016\/11\/plakat-Moscisko-727x1024.jpg 727w, https:\/\/bibliotekamoscisko.pl\/wp-content\/uploads\/2016\/11\/plakat-Moscisko-1x1.jpg 1w, https:\/\/bibliotekamoscisko.pl\/wp-content\/uploads\/2016\/11\/plakat-Moscisko.jpg 880w\" sizes=\"(max-width: 213px) 100vw, 213px\" \/><\/a><\/p>\n<p>19 listopada kolejny raz go\u015bcili\u015bmy w Mo\u015bcisku reprezentant\u00f3w mniejszo\u015bci i grup spo\u0142ecznych, kt\u00f3rzy bardzo cz\u0119sto spotykaj\u0105 si\u0119 z brakiem akceptacji, wykluczeniem i uprzedzeniami. \u017bywa Biblioteka dzia\u0142a tak, jak zwyk\u0142a biblioteka. Czytelnik mo\u017ce przyj\u015b\u0107, wybra\u0107 interesuj\u0105c\u0105\u0328 go ksi\u0105\u017ck\u0119 z katalogu, a nast\u0119pnie j\u0105 wypo\u017cyczy\u0107. Jednak \u00a0 w tej bibliotece Ksi\u0105\u017ckami s\u0105\u0328 prawdziwi ludzie. Czytelnik, wypo\u017cyczaj\u0105c taka\u0328 \u017bywa\u0328 Ksi\u0105\u017ck\u0119, wchodzi z ni\u0105\u0328 w dialog. Dzi\u0119ki takiej interakcji obie strony maja\u0328 mo\u017cliwo\u015b\u0107\u0301 skonfrontowania swoich wyobra\u017ce\u0144\u0301 na temat danej grupy z rzeczywisto\u015bci\u0105\u0328, mog\u0105 przekona\u0107\u0301 si\u0119\u0328 osobi\u015bcie, jak jest naprawd\u0119\u0328 \u00a0i w konsekwencji dowiedzie\u0107\u0301 si\u0119\u0328 czego\u015b\u0301 nowego, zmieni\u0107\u0301 swoje postrzeganie \u00a0i nastawienie.<\/p>\n<p>Jest to wyj\u0105tkowa okazja\u00a0 poznania os\u00f3b, kt\u00f3rych si\u0119\u0328 na co dzie\u0144\u0301 nie spotyka. Czytelnik mo\u017ce zada\u0107\u0301 \u017bywej Ksi\u0105\u017cce pytania, kt\u00f3rych nie mia\u0142by mo\u017cliwo\u015bci postawi\u0107\u0301 w innych warunkach. Mo\u017ce pozna\u0107\u0301 osobiste do\u015bwiadczenia Ksi\u0105\u017cki oraz problemy, na jakie jest nara\u017cona. To doskona\u0142y spos\u00f3b aby odkry\u0107 i nauczy\u0107 si\u0119\u00a0czego\u015b\u0301 nowego o drugim cz\u0142owieku, prze\u0142ama\u0107\u0301 swoje uprzedzenia lub krytycznie na nie spojrze\u0107\u0301.<\/p>\n<p>Sobotnia \u017bywa Biblioteka, pomimo deszczu, zgromadzi\u0142a pe\u0142en komplet \u017bywych Ksi\u0105\u017cek. Mi\u0119dzy godzin\u0105 13,00 a 17.00 odby\u0142o si\u0119 40 wypo\u017cycze\u0144. Najcz\u0119\u015bciej wypo\u017cyczanym tytu\u0142em okaza\u0142a si\u0119 by\u0107 OSOBA ZE SCHIZOFRENI\u0104.<\/p>\n<p>Dzi\u0119kujemy wszystkim za przybycie.<\/p>\n<p style=\"text-align: center;\"><strong>NASZE \u017bYWE KSI\u0104\u017bKI<\/strong><\/p>\n<div id='gallery-1' class='gallery galleryid-4099 gallery-columns-3 gallery-size-thumbnail'><figure class='gallery-item'>\n\t\t\t<div class='gallery-icon landscape'>\n\t\t\t\t<a href='https:\/\/bibliotekamoscisko.pl\/?attachment_id=4101'><img decoding=\"async\" width=\"150\" height=\"150\" src=\"https:\/\/bibliotekamoscisko.pl\/wp-content\/uploads\/2016\/11\/prawos\u0142awny-150x150.jpg\" class=\"attachment-thumbnail size-thumbnail\" alt=\"\" srcset=\"https:\/\/bibliotekamoscisko.pl\/wp-content\/uploads\/2016\/11\/prawos\u0142awny-150x150.jpg 150w, https:\/\/bibliotekamoscisko.pl\/wp-content\/uploads\/2016\/11\/prawos\u0142awny-1x1.jpg 1w\" sizes=\"(max-width: 150px) 100vw, 150px\" \/><\/a>\n\t\t\t<\/div><\/figure><figure class='gallery-item'>\n\t\t\t<div class='gallery-icon landscape'>\n\t\t\t\t<a href='https:\/\/bibliotekamoscisko.pl\/?attachment_id=4102'><img decoding=\"async\" width=\"150\" height=\"150\" src=\"https:\/\/bibliotekamoscisko.pl\/wp-content\/uploads\/2016\/11\/Osoba-niewidoma-150x150.jpg\" class=\"attachment-thumbnail size-thumbnail\" alt=\"\" srcset=\"https:\/\/bibliotekamoscisko.pl\/wp-content\/uploads\/2016\/11\/Osoba-niewidoma-150x150.jpg 150w, https:\/\/bibliotekamoscisko.pl\/wp-content\/uploads\/2016\/11\/Osoba-niewidoma-1x1.jpg 1w\" sizes=\"(max-width: 150px) 100vw, 150px\" \/><\/a>\n\t\t\t<\/div><\/figure><figure class='gallery-item'>\n\t\t\t<div class='gallery-icon landscape'>\n\t\t\t\t<a href='https:\/\/bibliotekamoscisko.pl\/?attachment_id=4103'><img loading=\"lazy\" decoding=\"async\" width=\"150\" height=\"150\" src=\"https:\/\/bibliotekamoscisko.pl\/wp-content\/uploads\/2016\/11\/ukrainiec-150x150.jpg\" class=\"attachment-thumbnail size-thumbnail\" alt=\"\" srcset=\"https:\/\/bibliotekamoscisko.pl\/wp-content\/uploads\/2016\/11\/ukrainiec-150x150.jpg 150w, https:\/\/bibliotekamoscisko.pl\/wp-content\/uploads\/2016\/11\/ukrainiec-1x1.jpg 1w\" sizes=\"(max-width: 150px) 100vw, 150px\" \/><\/a>\n\t\t\t<\/div><\/figure><figure class='gallery-item'>\n\t\t\t<div class='gallery-icon landscape'>\n\t\t\t\t<a href='https:\/\/bibliotekamoscisko.pl\/?attachment_id=4104'><img loading=\"lazy\" decoding=\"async\" width=\"150\" height=\"150\" src=\"https:\/\/bibliotekamoscisko.pl\/wp-content\/uploads\/2016\/11\/rodzic-dziecka-autystycznego-150x150.jpg\" class=\"attachment-thumbnail size-thumbnail\" alt=\"\" srcset=\"https:\/\/bibliotekamoscisko.pl\/wp-content\/uploads\/2016\/11\/rodzic-dziecka-autystycznego-150x150.jpg 150w, https:\/\/bibliotekamoscisko.pl\/wp-content\/uploads\/2016\/11\/rodzic-dziecka-autystycznego-1x1.jpg 1w\" sizes=\"(max-width: 150px) 100vw, 150px\" \/><\/a>\n\t\t\t<\/div><\/figure><figure class='gallery-item'>\n\t\t\t<div class='gallery-icon landscape'>\n\t\t\t\t<a href='https:\/\/bibliotekamoscisko.pl\/?attachment_id=4105'><img loading=\"lazy\" decoding=\"async\" width=\"150\" height=\"150\" src=\"https:\/\/bibliotekamoscisko.pl\/wp-content\/uploads\/2016\/11\/seniorka-150x150.jpg\" class=\"attachment-thumbnail size-thumbnail\" alt=\"\" srcset=\"https:\/\/bibliotekamoscisko.pl\/wp-content\/uploads\/2016\/11\/seniorka-150x150.jpg 150w, https:\/\/bibliotekamoscisko.pl\/wp-content\/uploads\/2016\/11\/seniorka-1x1.jpg 1w\" sizes=\"(max-width: 150px) 100vw, 150px\" \/><\/a>\n\t\t\t<\/div><\/figure><figure class='gallery-item'>\n\t\t\t<div class='gallery-icon landscape'>\n\t\t\t\t<a href='https:\/\/bibliotekamoscisko.pl\/?attachment_id=4106'><img loading=\"lazy\" decoding=\"async\" width=\"150\" height=\"150\" src=\"https:\/\/bibliotekamoscisko.pl\/wp-content\/uploads\/2016\/11\/osoba-chora-na-schizofreni\u0119-150x150.jpg\" class=\"attachment-thumbnail size-thumbnail\" alt=\"\" srcset=\"https:\/\/bibliotekamoscisko.pl\/wp-content\/uploads\/2016\/11\/osoba-chora-na-schizofreni\u0119-150x150.jpg 150w, https:\/\/bibliotekamoscisko.pl\/wp-content\/uploads\/2016\/11\/osoba-chora-na-schizofreni\u0119-1x1.jpg 1w\" sizes=\"(max-width: 150px) 100vw, 150px\" \/><\/a>\n\t\t\t<\/div><\/figure><figure class='gallery-item'>\n\t\t\t<div class='gallery-icon landscape'>\n\t\t\t\t<a href='https:\/\/bibliotekamoscisko.pl\/?attachment_id=4107'><img loading=\"lazy\" decoding=\"async\" width=\"150\" height=\"150\" src=\"https:\/\/bibliotekamoscisko.pl\/wp-content\/uploads\/2016\/11\/\u017byd\u00f3wka-150x150.jpg\" class=\"attachment-thumbnail size-thumbnail\" alt=\"\" srcset=\"https:\/\/bibliotekamoscisko.pl\/wp-content\/uploads\/2016\/11\/\u017byd\u00f3wka-150x150.jpg 150w, https:\/\/bibliotekamoscisko.pl\/wp-content\/uploads\/2016\/11\/\u017byd\u00f3wka-1x1.jpg 1w\" sizes=\"(max-width: 150px) 100vw, 150px\" \/><\/a>\n\t\t\t<\/div><\/figure><figure class='gallery-item'>\n\t\t\t<div class='gallery-icon landscape'>\n\t\t\t\t<a href='https:\/\/bibliotekamoscisko.pl\/?attachment_id=4108'><img loading=\"lazy\" decoding=\"async\" width=\"150\" height=\"150\" src=\"https:\/\/bibliotekamoscisko.pl\/wp-content\/uploads\/2016\/11\/osoba-na-w\u00f3zku-150x150.jpg\" class=\"attachment-thumbnail size-thumbnail\" alt=\"\" srcset=\"https:\/\/bibliotekamoscisko.pl\/wp-content\/uploads\/2016\/11\/osoba-na-w\u00f3zku-150x150.jpg 150w, https:\/\/bibliotekamoscisko.pl\/wp-content\/uploads\/2016\/11\/osoba-na-w\u00f3zku-1x1.jpg 1w\" sizes=\"(max-width: 150px) 100vw, 150px\" \/><\/a>\n\t\t\t<\/div><\/figure>\n\t\t<\/div>\n\n<div id='gallery-2' class='gallery galleryid-4099 gallery-columns-3 gallery-size-thumbnail'><figure class='gallery-item'>\n\t\t\t<div class='gallery-icon landscape'>\n\t\t\t\t<a href='https:\/\/bibliotekamoscisko.pl\/?attachment_id=4119'><img loading=\"lazy\" decoding=\"async\" width=\"150\" height=\"150\" src=\"https:\/\/bibliotekamoscisko.pl\/wp-content\/uploads\/2016\/11\/DSCF7557-150x150.jpeg\" class=\"attachment-thumbnail size-thumbnail\" alt=\"\" srcset=\"https:\/\/bibliotekamoscisko.pl\/wp-content\/uploads\/2016\/11\/DSCF7557-150x150.jpeg 150w, https:\/\/bibliotekamoscisko.pl\/wp-content\/uploads\/2016\/11\/DSCF7557-1x1.jpeg 1w\" sizes=\"(max-width: 150px) 100vw, 150px\" \/><\/a>\n\t\t\t<\/div><\/figure><figure class='gallery-item'>\n\t\t\t<div class='gallery-icon portrait'>\n\t\t\t\t<a href='https:\/\/bibliotekamoscisko.pl\/?attachment_id=4115'><img loading=\"lazy\" decoding=\"async\" width=\"150\" height=\"150\" src=\"https:\/\/bibliotekamoscisko.pl\/wp-content\/uploads\/2016\/11\/FullSizeRender-150x150.jpg\" class=\"attachment-thumbnail size-thumbnail\" alt=\"\" srcset=\"https:\/\/bibliotekamoscisko.pl\/wp-content\/uploads\/2016\/11\/FullSizeRender-150x150.jpg 150w, https:\/\/bibliotekamoscisko.pl\/wp-content\/uploads\/2016\/11\/FullSizeRender-1x1.jpg 1w\" sizes=\"(max-width: 150px) 100vw, 150px\" \/><\/a>\n\t\t\t<\/div><\/figure><figure class='gallery-item'>\n\t\t\t<div class='gallery-icon portrait'>\n\t\t\t\t<a href='https:\/\/bibliotekamoscisko.pl\/?attachment_id=4116'><img loading=\"lazy\" decoding=\"async\" width=\"150\" height=\"150\" src=\"https:\/\/bibliotekamoscisko.pl\/wp-content\/uploads\/2016\/11\/IMG_2124-150x150.jpg\" class=\"attachment-thumbnail size-thumbnail\" alt=\"\" srcset=\"https:\/\/bibliotekamoscisko.pl\/wp-content\/uploads\/2016\/11\/IMG_2124-150x150.jpg 150w, https:\/\/bibliotekamoscisko.pl\/wp-content\/uploads\/2016\/11\/IMG_2124-1x1.jpg 1w\" sizes=\"(max-width: 150px) 100vw, 150px\" \/><\/a>\n\t\t\t<\/div><\/figure><figure class='gallery-item'>\n\t\t\t<div class='gallery-icon landscape'>\n\t\t\t\t<a href='https:\/\/bibliotekamoscisko.pl\/?attachment_id=4117'><img loading=\"lazy\" decoding=\"async\" width=\"150\" height=\"150\" src=\"https:\/\/bibliotekamoscisko.pl\/wp-content\/uploads\/2016\/11\/IMG_2134-150x150.jpg\" class=\"attachment-thumbnail size-thumbnail\" alt=\"\" srcset=\"https:\/\/bibliotekamoscisko.pl\/wp-content\/uploads\/2016\/11\/IMG_2134-150x150.jpg 150w, https:\/\/bibliotekamoscisko.pl\/wp-content\/uploads\/2016\/11\/IMG_2134-1x1.jpg 1w\" sizes=\"(max-width: 150px) 100vw, 150px\" \/><\/a>\n\t\t\t<\/div><\/figure><figure class='gallery-item'>\n\t\t\t<div class='gallery-icon landscape'>\n\t\t\t\t<a href='https:\/\/bibliotekamoscisko.pl\/?attachment_id=4118'><img loading=\"lazy\" decoding=\"async\" width=\"150\" height=\"150\" src=\"https:\/\/bibliotekamoscisko.pl\/wp-content\/uploads\/2016\/11\/DSCF7561-150x150.jpg\" class=\"attachment-thumbnail size-thumbnail\" alt=\"\" srcset=\"https:\/\/bibliotekamoscisko.pl\/wp-content\/uploads\/2016\/11\/DSCF7561-150x150.jpg 150w, https:\/\/bibliotekamoscisko.pl\/wp-content\/uploads\/2016\/11\/DSCF7561-1x1.jpg 1w\" sizes=\"(max-width: 150px) 100vw, 150px\" \/><\/a>\n\t\t\t<\/div><\/figure><figure class='gallery-item'>\n\t\t\t<div class='gallery-icon landscape'>\n\t\t\t\t<a href='https:\/\/bibliotekamoscisko.pl\/?attachment_id=4120'><img loading=\"lazy\" decoding=\"async\" width=\"150\" height=\"150\" src=\"https:\/\/bibliotekamoscisko.pl\/wp-content\/uploads\/2016\/11\/DSCF7551-150x150.jpg\" class=\"attachment-thumbnail size-thumbnail\" alt=\"\" srcset=\"https:\/\/bibliotekamoscisko.pl\/wp-content\/uploads\/2016\/11\/DSCF7551-150x150.jpg 150w, https:\/\/bibliotekamoscisko.pl\/wp-content\/uploads\/2016\/11\/DSCF7551-1x1.jpg 1w\" sizes=\"(max-width: 150px) 100vw, 150px\" \/><\/a>\n\t\t\t<\/div><\/figure><figure class='gallery-item'>\n\t\t\t<div class='gallery-icon landscape'>\n\t\t\t\t<a href='https:\/\/bibliotekamoscisko.pl\/?attachment_id=4121'><img loading=\"lazy\" decoding=\"async\" width=\"150\" height=\"150\" src=\"https:\/\/bibliotekamoscisko.pl\/wp-content\/uploads\/2016\/11\/DSCF7552-150x150.jpg\" class=\"attachment-thumbnail size-thumbnail\" alt=\"\" srcset=\"https:\/\/bibliotekamoscisko.pl\/wp-content\/uploads\/2016\/11\/DSCF7552-150x150.jpg 150w, https:\/\/bibliotekamoscisko.pl\/wp-content\/uploads\/2016\/11\/DSCF7552-1x1.jpg 1w\" sizes=\"(max-width: 150px) 100vw, 150px\" \/><\/a>\n\t\t\t<\/div><\/figure>\n\t\t<\/div>\n\n","protected":false},"excerpt":{"rendered":"<p>\u00a0 19 listopada kolejny raz go\u015bcili\u015bmy w Mo\u015bcisku reprezentant\u00f3w mniejszo\u015bci i grup spo\u0142ecznych, kt\u00f3rzy bardzo cz\u0119sto spotykaj\u0105 si\u0119 z brakiem akceptacji, wykluczeniem i uprzedzeniami. \u017bywa Biblioteka dzia\u0142a tak, jak zwyk\u0142a [&hellip;]<\/p>\n","protected":false},"author":1,"featured_media":0,"comment_status":"closed","ping_status":"open","sticky":false,"template":"","format":"standard","meta":{"ngg_post_thumbnail":0,"footnotes":""},"categories":[1],"tags":[],"class_list":["post-4099","post","type-post","status-publish","format-standard","hentry","category-uncategorized"],"_links":{"self":[{"href":"https:\/\/bibliotekamoscisko.pl\/index.php?rest_route=\/wp\/v2\/posts\/4099","targetHints":{"allow":["GET"]}}],"collection":[{"href":"https:\/\/bibliotekamoscisko.pl\/index.php?rest_route=\/wp\/v2\/posts"}],"about":[{"href":"https:\/\/bibliotekamoscisko.pl\/index.php?rest_route=\/wp\/v2\/types\/post"}],"author":[{"embeddable":true,"href":"https:\/\/bibliotekamoscisko.pl\/index.php?rest_route=\/wp\/v2\/users\/1"}],"replies":[{"embeddable":true,"href":"https:\/\/bibliotekamoscisko.pl\/index.php?rest_route=%2Fwp%2Fv2%2Fcomments&post=4099"}],"version-history":[{"count":7,"href":"https:\/\/bibliotekamoscisko.pl\/index.php?rest_route=\/wp\/v2\/posts\/4099\/revisions"}],"predecessor-version":[{"id":4122,"href":"https:\/\/bibliotekamoscisko.pl\/index.php?rest_route=\/wp\/v2\/posts\/4099\/revisions\/4122"}],"wp:attachment":[{"href":"https:\/\/bibliotekamoscisko.pl\/index.php?rest_route=%2Fwp%2Fv2%2Fmedia&parent=4099"}],"wp:term":[{"taxonomy":"category","embeddable":true,"href":"https:\/\/bibliotekamoscisko.pl\/index.php?rest_route=%2Fwp%2Fv2%2Fcategories&post=4099"},{"taxonomy":"post_tag","embeddable":true,"href":"https:\/\/bibliotekamoscisko.pl\/index.php?rest_route=%2Fwp%2Fv2%2Ftags&post=4099"}],"curies":[{"name":"wp","href":"https:\/\/api.w.org\/{rel}","templated":true}]}}