{"id":4135,"date":"2016-11-26T14:51:17","date_gmt":"2016-11-26T14:51:17","guid":{"rendered":"http:\/\/bibliotekamoscisko.pl\/?p=4135"},"modified":"2016-11-26T14:51:17","modified_gmt":"2016-11-26T14:51:17","slug":"wycinki-w-termosie","status":"publish","type":"post","link":"https:\/\/bibliotekamoscisko.pl\/?p=4135","title":{"rendered":"Wycinki w termosie"},"content":{"rendered":"<p><a href=\"http:\/\/bibliotekamoscisko.pl\/wp-content\/uploads\/2016\/11\/Wycinki-w-termosie.jpg\"><img fetchpriority=\"high\" decoding=\"async\" class=\"aligncenter size-full wp-image-4136\" src=\"http:\/\/bibliotekamoscisko.pl\/wp-content\/uploads\/2016\/11\/Wycinki-w-termosie.jpg\" alt=\"wycinki-w-termosie\" width=\"1600\" height=\"1128\" srcset=\"https:\/\/bibliotekamoscisko.pl\/wp-content\/uploads\/2016\/11\/Wycinki-w-termosie.jpg 1600w, https:\/\/bibliotekamoscisko.pl\/wp-content\/uploads\/2016\/11\/Wycinki-w-termosie-300x212.jpg 300w, https:\/\/bibliotekamoscisko.pl\/wp-content\/uploads\/2016\/11\/Wycinki-w-termosie-768x541.jpg 768w, https:\/\/bibliotekamoscisko.pl\/wp-content\/uploads\/2016\/11\/Wycinki-w-termosie-1024x722.jpg 1024w, https:\/\/bibliotekamoscisko.pl\/wp-content\/uploads\/2016\/11\/Wycinki-w-termosie-1x1.jpg 1w\" sizes=\"(max-width: 1600px) 100vw, 1600px\" \/><\/a><\/p>\n<p>Zapraszamy na wystaw\u0119 kola\u017cy s\u0142ownych Ma\u0142gorzaty Koniecznej, kt\u00f3re do niedawna istnia\u0142y jedynie w prywatnych zeszytach autorki oraz na ch\u0119tnie odwiedzanym fun page&#8217;u \u00a0<span style=\"color: #993366;\"><a href=\"https:\/\/www.facebook.com\/wycinkiwtermosie\/\">Wycinki w termosie.<\/a>\u00a0<\/span><\/p>\n<p>&#8222;Historie mi\u0142osne- trzeba swoje zwymiotowa\u0107, a potem pono\u0107 przechodzi&#8221; &#8211; \u00a0\u00a0<a href=\"http:\/\/&quot;Historie mi\u0142osne - trzeba swoje zwymiotowa\u0107, a potem pono\u0107 przechodzi&quot;\">Wywiad z Ma\u0142gorzat\u0105 Konieczn\u0105 <\/a>&#8211; &#8222;Wysokie obcasy&#8221; dodatek do Gazety Wyborczej, 05.03.2016.<\/p>\n","protected":false},"excerpt":{"rendered":"<p>Zapraszamy na wystaw\u0119 kola\u017cy s\u0142ownych Ma\u0142gorzaty Koniecznej, kt\u00f3re do niedawna istnia\u0142y jedynie w prywatnych zeszytach autorki oraz na ch\u0119tnie odwiedzanym fun page&#8217;u \u00a0Wycinki w termosie.\u00a0 &#8222;Historie mi\u0142osne- trzeba swoje zwymiotowa\u0107, [&hellip;]<\/p>\n","protected":false},"author":1,"featured_media":0,"comment_status":"closed","ping_status":"open","sticky":false,"template":"","format":"standard","meta":{"ngg_post_thumbnail":0,"footnotes":""},"categories":[1],"tags":[],"class_list":["post-4135","post","type-post","status-publish","format-standard","hentry","category-uncategorized"],"_links":{"self":[{"href":"https:\/\/bibliotekamoscisko.pl\/index.php?rest_route=\/wp\/v2\/posts\/4135","targetHints":{"allow":["GET"]}}],"collection":[{"href":"https:\/\/bibliotekamoscisko.pl\/index.php?rest_route=\/wp\/v2\/posts"}],"about":[{"href":"https:\/\/bibliotekamoscisko.pl\/index.php?rest_route=\/wp\/v2\/types\/post"}],"author":[{"embeddable":true,"href":"https:\/\/bibliotekamoscisko.pl\/index.php?rest_route=\/wp\/v2\/users\/1"}],"replies":[{"embeddable":true,"href":"https:\/\/bibliotekamoscisko.pl\/index.php?rest_route=%2Fwp%2Fv2%2Fcomments&post=4135"}],"version-history":[{"count":1,"href":"https:\/\/bibliotekamoscisko.pl\/index.php?rest_route=\/wp\/v2\/posts\/4135\/revisions"}],"predecessor-version":[{"id":4137,"href":"https:\/\/bibliotekamoscisko.pl\/index.php?rest_route=\/wp\/v2\/posts\/4135\/revisions\/4137"}],"wp:attachment":[{"href":"https:\/\/bibliotekamoscisko.pl\/index.php?rest_route=%2Fwp%2Fv2%2Fmedia&parent=4135"}],"wp:term":[{"taxonomy":"category","embeddable":true,"href":"https:\/\/bibliotekamoscisko.pl\/index.php?rest_route=%2Fwp%2Fv2%2Fcategories&post=4135"},{"taxonomy":"post_tag","embeddable":true,"href":"https:\/\/bibliotekamoscisko.pl\/index.php?rest_route=%2Fwp%2Fv2%2Ftags&post=4135"}],"curies":[{"name":"wp","href":"https:\/\/api.w.org\/{rel}","templated":true}]}}