{"id":414,"date":"2014-05-13T09:30:23","date_gmt":"2014-05-13T09:30:23","guid":{"rendered":"http:\/\/bibliotekamoscisko.pl\/?p=414"},"modified":"2014-05-13T09:51:48","modified_gmt":"2014-05-13T09:51:48","slug":"to-my","status":"publish","type":"post","link":"https:\/\/bibliotekamoscisko.pl\/?p=414","title":{"rendered":"TO MY"},"content":{"rendered":"<p>&nbsp;<\/p>\n<p>Galeria Biblioteki Publicznej Gminy Dzier\u017coni\u00f3w w Mo\u015bcisku wype\u0142ni\u0142a si\u0119 9 maja po brzegi. Na jej \u015bcianach zawis\u0142y prace plastyk\u00f3w amator\u00f3w dzia\u0142aj\u0105cych przy Dzier\u017coniowskim O\u015brodku Kultury. Na wernisa\u017cu pojawili si\u0119 zar\u00f3wno tw\u00f3rcy jak i mieszka\u0144cy pobliskich miejscowo\u015bci. Obecny na pi\u0105tkowym otwarciu wystawy w\u00f3jt Gminy Dzier\u017coni\u00f3w Marek Chmielewski zaprasza\u0142 tw\u00f3rc\u00f3w do sp\u0119dzenia czasu w Mo\u015bcisku \u00a0\u00a0\u00a0i zorganizowania pleneru. Inspirowani przez natur\u0119 arty\u015bci znajd\u0105 tu wiele przepi\u0119knych zak\u0105tk\u00f3w.<\/p>\n<p>Go\u015bcie do ko\u0144ca czerwca mog\u0105 podziwia\u0107 cz\u0119\u015b\u0107 prac z wystawy, kt\u00f3ra powsta\u0142a z okazji jubileuszu 35-lecia istnienia Ko\u0142a Plastyk\u00f3w Amator\u00f3w \u201eTO MY&#8221;. \u00a0Jerzy Janowicz, opiekun artystyczny grupy plastyk\u00f3w podkre\u015bli\u0142, \u017ce ko\u0142o dzia\u0142a ju\u017c od wczesnych lat sze\u015b\u0107dziesi\u0105tych a zgodnie z dokumentacj\u0105 mija 37 lat jego istnienia. Przebudowa DOK-u nieco op\u00f3\u017ani\u0142a pojawienie si\u0119 wystawy.<\/p>\n<div id='gallery-1' class='gallery galleryid-414 gallery-columns-3 gallery-size-thumbnail'><figure class='gallery-item'>\n\t\t\t<div class='gallery-icon landscape'>\n\t\t\t\t<a href='https:\/\/bibliotekamoscisko.pl\/?attachment_id=423'><img decoding=\"async\" width=\"150\" height=\"150\" src=\"https:\/\/bibliotekamoscisko.pl\/wp-content\/uploads\/2014\/05\/To-my6-150x150.jpg\" class=\"attachment-thumbnail size-thumbnail\" alt=\"\" \/><\/a>\n\t\t\t<\/div><\/figure><figure class='gallery-item'>\n\t\t\t<div class='gallery-icon portrait'>\n\t\t\t\t<a href='https:\/\/bibliotekamoscisko.pl\/?attachment_id=424'><img decoding=\"async\" width=\"150\" height=\"150\" src=\"https:\/\/bibliotekamoscisko.pl\/wp-content\/uploads\/2014\/05\/To-my7-150x150.jpg\" class=\"attachment-thumbnail size-thumbnail\" alt=\"\" \/><\/a>\n\t\t\t<\/div><\/figure><figure class='gallery-item'>\n\t\t\t<div class='gallery-icon landscape'>\n\t\t\t\t<a href='https:\/\/bibliotekamoscisko.pl\/?attachment_id=425'><img decoding=\"async\" width=\"150\" height=\"150\" src=\"https:\/\/bibliotekamoscisko.pl\/wp-content\/uploads\/2014\/05\/To-my8-150x150.jpg\" class=\"attachment-thumbnail size-thumbnail\" alt=\"\" \/><\/a>\n\t\t\t<\/div><\/figure><figure class='gallery-item'>\n\t\t\t<div class='gallery-icon landscape'>\n\t\t\t\t<a href='https:\/\/bibliotekamoscisko.pl\/?attachment_id=418'><img loading=\"lazy\" decoding=\"async\" width=\"150\" height=\"150\" src=\"https:\/\/bibliotekamoscisko.pl\/wp-content\/uploads\/2014\/05\/To-my1-150x150.jpg\" class=\"attachment-thumbnail size-thumbnail\" alt=\"\" \/><\/a>\n\t\t\t<\/div><\/figure><figure class='gallery-item'>\n\t\t\t<div class='gallery-icon landscape'>\n\t\t\t\t<a href='https:\/\/bibliotekamoscisko.pl\/?attachment_id=433'><img loading=\"lazy\" decoding=\"async\" width=\"150\" height=\"150\" src=\"https:\/\/bibliotekamoscisko.pl\/wp-content\/uploads\/2014\/05\/To-my16-150x150.jpg\" class=\"attachment-thumbnail size-thumbnail\" alt=\"\" \/><\/a>\n\t\t\t<\/div><\/figure>\n\t\t<\/div>\n\n<p>W Galerii w Mo\u015bcisku mo\u017cna obejrze\u0107 prace, kt\u00f3re powsta\u0142y w ci\u0105gu ostatnich dw\u00f3ch lat. W pomieszczeniu zawis\u0142y obrazy i szkice \u00a0Ireny Boguckiej,\u00a0Jolanty Cie\u015blak, Kazimiery Dymek,\u00a0Urszuli Gasiewicz,\u00a0Janiny Golis,\u00a0Jadwigi Grycan,\u00a0Estery Hernes,\u00a0Aleksandry J\u0119drzejczyk,\u00a0Krystyny Ka\u0142u\u017cnej,\u00a0Eugenii Karpi\u0144skiej,\u00a0Krystyny Kowalskiej,\u00a0Jerzego Kukulskiego,\u00a0Heleny Lipowskiej,\u00a0Marianny Lisowskiej,\u00a0Tadeusza Lizakowskiego,\u00a0Lidii Misztal,\u00a0Wandy Ostropolskiej,\u00a0Krystyny Skrzyszewskiej,\u00a0Stanis\u0142awa Tatarczuka,\u00a0Krystyny Walczak\u00a0i Stanis\u0142awy Widawskiej. Na wystawie znalaz\u0142y si\u0119 tak\u017ce prace mieszkanki Mo\u015bciska &#8211; Krystyny Tercjak.<\/p>\n<p>D.W.<\/p>\n<p>&nbsp;<\/p>\n","protected":false},"excerpt":{"rendered":"<p>&nbsp; Galeria Biblioteki Publicznej Gminy Dzier\u017coni\u00f3w w Mo\u015bcisku wype\u0142ni\u0142a si\u0119 9 maja po brzegi. Na jej \u015bcianach zawis\u0142y prace plastyk\u00f3w amator\u00f3w dzia\u0142aj\u0105cych przy Dzier\u017coniowskim O\u015brodku Kultury. Na wernisa\u017cu pojawili si\u0119 [&hellip;]<\/p>\n","protected":false},"author":1,"featured_media":418,"comment_status":"open","ping_status":"open","sticky":false,"template":"","format":"standard","meta":{"ngg_post_thumbnail":0,"footnotes":""},"categories":[1],"tags":[],"class_list":["post-414","post","type-post","status-publish","format-standard","has-post-thumbnail","hentry","category-uncategorized"],"_links":{"self":[{"href":"https:\/\/bibliotekamoscisko.pl\/index.php?rest_route=\/wp\/v2\/posts\/414","targetHints":{"allow":["GET"]}}],"collection":[{"href":"https:\/\/bibliotekamoscisko.pl\/index.php?rest_route=\/wp\/v2\/posts"}],"about":[{"href":"https:\/\/bibliotekamoscisko.pl\/index.php?rest_route=\/wp\/v2\/types\/post"}],"author":[{"embeddable":true,"href":"https:\/\/bibliotekamoscisko.pl\/index.php?rest_route=\/wp\/v2\/users\/1"}],"replies":[{"embeddable":true,"href":"https:\/\/bibliotekamoscisko.pl\/index.php?rest_route=%2Fwp%2Fv2%2Fcomments&post=414"}],"version-history":[{"count":3,"href":"https:\/\/bibliotekamoscisko.pl\/index.php?rest_route=\/wp\/v2\/posts\/414\/revisions"}],"predecessor-version":[{"id":437,"href":"https:\/\/bibliotekamoscisko.pl\/index.php?rest_route=\/wp\/v2\/posts\/414\/revisions\/437"}],"wp:featuredmedia":[{"embeddable":true,"href":"https:\/\/bibliotekamoscisko.pl\/index.php?rest_route=\/wp\/v2\/media\/418"}],"wp:attachment":[{"href":"https:\/\/bibliotekamoscisko.pl\/index.php?rest_route=%2Fwp%2Fv2%2Fmedia&parent=414"}],"wp:term":[{"taxonomy":"category","embeddable":true,"href":"https:\/\/bibliotekamoscisko.pl\/index.php?rest_route=%2Fwp%2Fv2%2Fcategories&post=414"},{"taxonomy":"post_tag","embeddable":true,"href":"https:\/\/bibliotekamoscisko.pl\/index.php?rest_route=%2Fwp%2Fv2%2Ftags&post=414"}],"curies":[{"name":"wp","href":"https:\/\/api.w.org\/{rel}","templated":true}]}}