{"id":4281,"date":"2017-01-10T14:11:56","date_gmt":"2017-01-10T14:11:56","guid":{"rendered":"http:\/\/bibliotekamoscisko.pl\/?p=4281"},"modified":"2017-01-10T14:12:54","modified_gmt":"2017-01-10T14:12:54","slug":"4281-2","status":"publish","type":"post","link":"https:\/\/bibliotekamoscisko.pl\/?p=4281","title":{"rendered":"&#8222;Zielony&#8221; zaw\u00f3d na wyci\u0105gni\u0119cie r\u0119ki"},"content":{"rendered":"<p><a href=\"http:\/\/bibliotekamoscisko.pl\/wp-content\/uploads\/2017\/01\/zielone.jpg\"><img fetchpriority=\"high\" decoding=\"async\" class=\"aligncenter size-large wp-image-4282\" src=\"http:\/\/bibliotekamoscisko.pl\/wp-content\/uploads\/2017\/01\/zielone-721x1024.jpg\" alt=\"zielone\" width=\"654\" height=\"929\" srcset=\"https:\/\/bibliotekamoscisko.pl\/wp-content\/uploads\/2017\/01\/zielone-721x1024.jpg 721w, https:\/\/bibliotekamoscisko.pl\/wp-content\/uploads\/2017\/01\/zielone-211x300.jpg 211w, https:\/\/bibliotekamoscisko.pl\/wp-content\/uploads\/2017\/01\/zielone-768x1090.jpg 768w, https:\/\/bibliotekamoscisko.pl\/wp-content\/uploads\/2017\/01\/zielone-1x1.jpg 1w, https:\/\/bibliotekamoscisko.pl\/wp-content\/uploads\/2017\/01\/zielone.jpg 868w\" sizes=\"(max-width: 654px) 100vw, 654px\" \/><\/a><\/p>\n<p><strong>&#8222;AKTYWIZACJA NA ZIELONO \u2013 program aktywizacji zawodowej dla os\u00f3b od 30 r.\u017c. w powiatach wojew\u00f3dztwa dolno\u015bl\u0105skiego o najwy\u017cszym bezrobociu\u201d<\/strong>.<\/p>\n<p><u>Wsparcie oferowane w projekcie to:<\/u><\/p>\n<ul>\n<li>Zaprojektowanie <strong>\u015bcie\u017cki rozwoju<\/strong> zawodowego z doradc\u0105 zawodowym i psychologiem,<\/li>\n<li>Spotkania z <strong>po\u015brednikiem pracy<\/strong>, kt\u00f3ry pomo\u017ce znale\u017a\u0107 satysfakcjonuj\u0105ca prac\u0119, a tak\u017ce przygotowa\u0107 si\u0119 do spotkania z pracodawc\u0105,<\/li>\n<li><strong>Bezp\u0142atne szkolenia<\/strong> zwi\u0105zane z \u201ezielonymi zawodami\u201d\u00a0 takie jak:<\/li>\n<\/ul>\n<p><strong>&#8211; \u201eMonter system\u00f3w fotowoltaicznych oraz s\u0142onecznych system\u00f3w grzewczych z uprawnieniami energetycznymi do 1 kV\u201d<\/strong><\/p>\n<p><strong>&#8211; \u201eArchitekt i projektant wykonuj\u0105cy projekty budynk\u00f3w energooszcz\u0119dnych, zako\u0144czone egzaminem ECCC projektowanie CAD\u201d<\/strong><\/p>\n<ul>\n<li><strong>P\u0142atny 3 miesi\u0119czny sta\u017c zawodowy<\/strong>, podczas kt\u00f3rego uczestnicy zdob\u0119d\u0105 tak po\u017c\u0105dane przez pracodawc\u00f3w do\u015bwiadczenie w pracy zwi\u0105zanej z tzw. \u201ezielonymi miejscami pracy\u201d (odnawialne \u017ar\u00f3d\u0142a energii, transport, gospodarka odpadami) i otrzymaj\u0105 wynagrodzenie\u00a0<strong>1850 z\u0142 netto<\/strong> miesi\u0119cznie,<\/li>\n<li>Wsparcie finansowe na rzecz <strong>mobilno\u015bci geograficznej<\/strong> (koszty zwi\u0105zane z zakwaterowaniem lub dojazdem) dla uczestnik\u00f3w, kt\u00f3rzy zdecyduj\u0105 si\u0119 podj\u0105\u0107 prac\u0119 poza miejscem sta\u0142ego zamieszkania (w sumie 7560 z\u0142).<\/li>\n<li>Zwrot <strong>koszt\u00f3w dojazdu<\/strong> na szkolenie i sta\u017c.<\/li>\n<\/ul>\n<p><u>Do projektu zapraszamy osoby, kt\u00f3re:<\/u><\/p>\n<ul>\n<li>Maj\u0105 powy\u017cej <strong>30 lat<\/strong>,<\/li>\n<li>Posiadaj\u0105 adres zamieszkania w jednym z wymienionych powiat\u00f3w wojew\u00f3dztwa dolno\u015bl\u0105skiego: <strong>dzier\u017coniowskim<\/strong> wo\u0142owskim, g\u00f3rowskim, lw\u00f3weckim, jaworskim, jeleniog\u00f3rskim, luba\u0144skim, z\u0142otoryjskim, legnickim, wa\u0142brzyskim, k\u0142odzkim lub z\u0105bkowickim,<\/li>\n<li>Osoby <strong>niepracuj\u0105ce<\/strong> (bierne zawodowo lub bezrobotne)<\/li>\n<\/ul>\n<p>Szczeg\u00f3lnie zapraszamy<\/p>\n<ul>\n<li>Kobiety<\/li>\n<li>Osoby niepe\u0142nosprawne<\/li>\n<li>Osoby w wieku 50+<\/li>\n<li>Osoby d\u0142ugotrwale bezrobotne<\/li>\n<li>Osoby zamieszkuj\u0105ce obszary wiejskie<\/li>\n<\/ul>\n<p><strong>Udzia\u0142 w projekcie mo\u017ce realnie przyczyni\u0107 si\u0119 do aktywizacji zawodowej uczestnik\u00f3w, a tym samym do zmniejszenia bezrobocia w regionie.<\/strong><\/p>\n<p>&nbsp;<\/p>\n","protected":false},"excerpt":{"rendered":"<p>&#8222;AKTYWIZACJA NA ZIELONO \u2013 program aktywizacji zawodowej dla os\u00f3b od 30 r.\u017c. w powiatach wojew\u00f3dztwa dolno\u015bl\u0105skiego o najwy\u017cszym bezrobociu\u201d. Wsparcie oferowane w projekcie to: Zaprojektowanie \u015bcie\u017cki rozwoju zawodowego z doradc\u0105 [&hellip;]<\/p>\n","protected":false},"author":1,"featured_media":0,"comment_status":"closed","ping_status":"open","sticky":false,"template":"","format":"standard","meta":{"ngg_post_thumbnail":0,"footnotes":""},"categories":[1],"tags":[],"class_list":["post-4281","post","type-post","status-publish","format-standard","hentry","category-uncategorized"],"_links":{"self":[{"href":"https:\/\/bibliotekamoscisko.pl\/index.php?rest_route=\/wp\/v2\/posts\/4281","targetHints":{"allow":["GET"]}}],"collection":[{"href":"https:\/\/bibliotekamoscisko.pl\/index.php?rest_route=\/wp\/v2\/posts"}],"about":[{"href":"https:\/\/bibliotekamoscisko.pl\/index.php?rest_route=\/wp\/v2\/types\/post"}],"author":[{"embeddable":true,"href":"https:\/\/bibliotekamoscisko.pl\/index.php?rest_route=\/wp\/v2\/users\/1"}],"replies":[{"embeddable":true,"href":"https:\/\/bibliotekamoscisko.pl\/index.php?rest_route=%2Fwp%2Fv2%2Fcomments&post=4281"}],"version-history":[{"count":2,"href":"https:\/\/bibliotekamoscisko.pl\/index.php?rest_route=\/wp\/v2\/posts\/4281\/revisions"}],"predecessor-version":[{"id":4284,"href":"https:\/\/bibliotekamoscisko.pl\/index.php?rest_route=\/wp\/v2\/posts\/4281\/revisions\/4284"}],"wp:attachment":[{"href":"https:\/\/bibliotekamoscisko.pl\/index.php?rest_route=%2Fwp%2Fv2%2Fmedia&parent=4281"}],"wp:term":[{"taxonomy":"category","embeddable":true,"href":"https:\/\/bibliotekamoscisko.pl\/index.php?rest_route=%2Fwp%2Fv2%2Fcategories&post=4281"},{"taxonomy":"post_tag","embeddable":true,"href":"https:\/\/bibliotekamoscisko.pl\/index.php?rest_route=%2Fwp%2Fv2%2Ftags&post=4281"}],"curies":[{"name":"wp","href":"https:\/\/api.w.org\/{rel}","templated":true}]}}