{"id":4285,"date":"2017-01-11T14:18:39","date_gmt":"2017-01-11T14:18:39","guid":{"rendered":"http:\/\/bibliotekamoscisko.pl\/?p=4285"},"modified":"2017-01-11T14:18:39","modified_gmt":"2017-01-11T14:18:39","slug":"kto-w-nocy-nie-spi-aby-spac-mogl-ktos-czyli-rozmowa-o-ksiazce-agnieszki-fraczek-miasto-noca","status":"publish","type":"post","link":"https:\/\/bibliotekamoscisko.pl\/?p=4285","title":{"rendered":"Kto w nocy nie \u015bpi, aby spa\u0107 m\u00f3g\u0142 kto\u015b, czyli&#8230; rozmowa o ksi\u0105\u017cce  Agnieszki Fr\u0105czek ,,Miasto noc\u0105&#8221;"},"content":{"rendered":"<p>Biblioteka to w\u0142a\u015bciwe miejsce do rozm\u00f3w o ksi\u0105\u017ckach. Zimowa pora te\u017c jest bardzo odpowiedni czas. Gdy za oknem wida\u0107 \u015bnieg i skulonych od mrozu ludzi, to w przytulnej bibliotece mi\u0142o jest opowiada\u0107 o wy\u015bnionych marzeniach i s\u0142ucha\u0107 ciekawych historii.<\/p>\n<div id='gallery-1' class='gallery galleryid-4285 gallery-columns-3 gallery-size-thumbnail'><figure class='gallery-item'>\n\t\t\t<div class='gallery-icon landscape'>\n\t\t\t\t<a href='https:\/\/bibliotekamoscisko.pl\/?attachment_id=4286'><img decoding=\"async\" width=\"150\" height=\"150\" src=\"https:\/\/bibliotekamoscisko.pl\/wp-content\/uploads\/2017\/01\/noc1-150x150.jpg\" class=\"attachment-thumbnail size-thumbnail\" alt=\"\" srcset=\"https:\/\/bibliotekamoscisko.pl\/wp-content\/uploads\/2017\/01\/noc1-150x150.jpg 150w, https:\/\/bibliotekamoscisko.pl\/wp-content\/uploads\/2017\/01\/noc1-1x1.jpg 1w\" sizes=\"(max-width: 150px) 100vw, 150px\" \/><\/a>\n\t\t\t<\/div><\/figure><figure class='gallery-item'>\n\t\t\t<div class='gallery-icon landscape'>\n\t\t\t\t<a href='https:\/\/bibliotekamoscisko.pl\/?attachment_id=4287'><img decoding=\"async\" width=\"150\" height=\"150\" src=\"https:\/\/bibliotekamoscisko.pl\/wp-content\/uploads\/2017\/01\/noc2-150x150.jpg\" class=\"attachment-thumbnail size-thumbnail\" alt=\"\" srcset=\"https:\/\/bibliotekamoscisko.pl\/wp-content\/uploads\/2017\/01\/noc2-150x150.jpg 150w, https:\/\/bibliotekamoscisko.pl\/wp-content\/uploads\/2017\/01\/noc2-1x1.jpg 1w\" sizes=\"(max-width: 150px) 100vw, 150px\" \/><\/a>\n\t\t\t<\/div><\/figure><figure class='gallery-item'>\n\t\t\t<div class='gallery-icon landscape'>\n\t\t\t\t<a href='https:\/\/bibliotekamoscisko.pl\/?attachment_id=4288'><img decoding=\"async\" width=\"150\" height=\"150\" src=\"https:\/\/bibliotekamoscisko.pl\/wp-content\/uploads\/2017\/01\/noc3-150x150.jpg\" class=\"attachment-thumbnail size-thumbnail\" alt=\"\" srcset=\"https:\/\/bibliotekamoscisko.pl\/wp-content\/uploads\/2017\/01\/noc3-150x150.jpg 150w, https:\/\/bibliotekamoscisko.pl\/wp-content\/uploads\/2017\/01\/noc3-1x1.jpg 1w\" sizes=\"(max-width: 150px) 100vw, 150px\" \/><\/a>\n\t\t\t<\/div><\/figure>\n\t\t<\/div>\n\n<p>10 stycznia dzieci z <em>Dyskusyjnego Klubu Motyle Ksi\u0105\u017ckowe<\/em> spotka\u0142y si\u0119, by rozmawia\u0107 o wierszach Agnieszki Fr\u0105czek ze zbioru\u00a0\u00a0<em>Miasto noc\u0105.<\/em>\u00a0Ta wspania\u0142a ksi\u0105\u017cka zainspirowa\u0142a dzieci do wypowiedzi na\u00a0 tematy dotycz\u0105ce warto\u015bci wynikaj\u0105cych\u00a0 z podzia\u0142u doby na dwie cz\u0119\u015bci, a tak\u017ce doprowadzi\u0142a do konkluzji, \u017ce jedna z tych cz\u0119\u015bci jest bardziej aktywizuj\u0105ca od drugiej. Ale czy tak jest naprawd\u0119? Wed\u0142ug dzieci dzie\u0144 jest pi\u0119kny, s\u0142oneczny, mo\u017cna si\u0119 bawi\u0107, uczy\u0107, czyta\u0107. W nocy odpoczywamy, \u015bnimy, marzymy, obserwujemy gwiazdy.<\/p>\n<p>Dzi\u0119ki\u00a0 dowcipnym wierszom Agnieszki Fr\u0105czek oraz ilustracjom\u00a0 Magdy Kozie\u0142-Nowak s\u0142uchacze z rado\u015bci\u0105 odkryli, \u017ce kiedy oni noc\u0105 zasypiaj\u0105, wtedy inni ludzie pracuj\u0105, odwiedzaj\u0105 aptek\u0119 z powodu b\u00f3lu, jad\u0105 autobusem, lec\u0105 samolotem, pij\u0105 kaw\u0119 w bufecie, naprawiaj\u0105 dziur\u0119 w asfalcie czy jad\u0105 do po\u017caru. Ta niezwyk\u0142a ksi\u0105\u017cka pomog\u0142a w pe\u0142ni u\u015bwiadomi\u0107 dzieciom, \u017ce noc\u0105 \u017cycie tak\u017ce mo\u017ce by\u0107 interesuj\u0105ce, inspiruj\u0105ce i kolorowe\u2026 Pi\u0119kne jak we \u015bnie.<\/p>\n<p>Dlatego z fantazj\u0105 wsp\u00f3lnie narysowa\u0142y ilustracj\u0119 na cze\u015b\u0107 NOCY!<\/p>\n<p><em>\u00a0<\/em><em>\u00a0Maria Kirkiewicz<\/em><\/p>\n<p><em>moderator DKK<\/em><\/p>\n<p>&nbsp;<\/p>\n","protected":false},"excerpt":{"rendered":"<p>Biblioteka to w\u0142a\u015bciwe miejsce do rozm\u00f3w o ksi\u0105\u017ckach. Zimowa pora te\u017c jest bardzo odpowiedni czas. Gdy za oknem wida\u0107 \u015bnieg i skulonych od mrozu ludzi, to w przytulnej bibliotece mi\u0142o [&hellip;]<\/p>\n","protected":false},"author":1,"featured_media":0,"comment_status":"closed","ping_status":"open","sticky":false,"template":"","format":"standard","meta":{"ngg_post_thumbnail":0,"footnotes":""},"categories":[1],"tags":[],"class_list":["post-4285","post","type-post","status-publish","format-standard","hentry","category-uncategorized"],"_links":{"self":[{"href":"https:\/\/bibliotekamoscisko.pl\/index.php?rest_route=\/wp\/v2\/posts\/4285","targetHints":{"allow":["GET"]}}],"collection":[{"href":"https:\/\/bibliotekamoscisko.pl\/index.php?rest_route=\/wp\/v2\/posts"}],"about":[{"href":"https:\/\/bibliotekamoscisko.pl\/index.php?rest_route=\/wp\/v2\/types\/post"}],"author":[{"embeddable":true,"href":"https:\/\/bibliotekamoscisko.pl\/index.php?rest_route=\/wp\/v2\/users\/1"}],"replies":[{"embeddable":true,"href":"https:\/\/bibliotekamoscisko.pl\/index.php?rest_route=%2Fwp%2Fv2%2Fcomments&post=4285"}],"version-history":[{"count":1,"href":"https:\/\/bibliotekamoscisko.pl\/index.php?rest_route=\/wp\/v2\/posts\/4285\/revisions"}],"predecessor-version":[{"id":4289,"href":"https:\/\/bibliotekamoscisko.pl\/index.php?rest_route=\/wp\/v2\/posts\/4285\/revisions\/4289"}],"wp:attachment":[{"href":"https:\/\/bibliotekamoscisko.pl\/index.php?rest_route=%2Fwp%2Fv2%2Fmedia&parent=4285"}],"wp:term":[{"taxonomy":"category","embeddable":true,"href":"https:\/\/bibliotekamoscisko.pl\/index.php?rest_route=%2Fwp%2Fv2%2Fcategories&post=4285"},{"taxonomy":"post_tag","embeddable":true,"href":"https:\/\/bibliotekamoscisko.pl\/index.php?rest_route=%2Fwp%2Fv2%2Ftags&post=4285"}],"curies":[{"name":"wp","href":"https:\/\/api.w.org\/{rel}","templated":true}]}}