{"id":4335,"date":"2017-01-28T09:45:07","date_gmt":"2017-01-28T09:45:07","guid":{"rendered":"http:\/\/bibliotekamoscisko.pl\/?p=4335"},"modified":"2017-01-28T09:45:07","modified_gmt":"2017-01-28T09:45:07","slug":"mis-slezyslaw-wita-pierwszakow","status":"publish","type":"post","link":"https:\/\/bibliotekamoscisko.pl\/?p=4335","title":{"rendered":"Mi\u015b \u015al\u0119\u017cys\u0142aw  wita pierwszak\u00f3w"},"content":{"rendered":"<p>20 stycznia swoj\u0105 bibliotek\u0119 odwiedzi\u0142y dzieci z pierwszej klasy Szko\u0142y Podstawowej im. Jana Paw\u0142a II w Tuszynie pod opiek\u0105 Pani El\u017cbiety Sakowicz. Dzieci zapozna\u0142y si\u0119 z ksi\u0119gozbiorem i dowiedzia\u0142y w jaki spos\u00f3b wypo\u017cycza\u0107 ksi\u0105\u017cki i gazety. Uczniowie otrzymali swoje pierwsze karty czytelnika aby m\u00f3c samodzielnie korzysta\u0107 ze zbior\u00f3w bibliotecznych.<\/p>\n<p>Biblioteka to jednak nie tylko ksi\u0119gozbi\u00f3r i o jej r\u00f3\u017cnorodnych dodatkowych funkcjach s\u0142ucha\u0142y ze sporym zainteresowaniem. Szczeg\u00f3ln\u0105 ciekawo\u015b\u0107 wzbudzi\u0142a mo\u017cliwo\u015b\u0107 skorzystania z kurs\u00f3w i zaj\u0119\u0107 komputerowych.<\/p>\n<p>Nasz biblioteczny mi\u015b umieszczony w logo stal si\u0119 inspiracj\u0105 do dodatkowych zaj\u0119\u0107 plastycznych. U\u015bmiechni\u0119te obrazki z nied\u017awiadkiem mo\u017cna podziwia\u0107 w bibliotece. Galeria Szafa zaprasza.<\/p>\n<p><a href=\"http:\/\/bibliotekamoscisko.pl\/wp-content\/uploads\/2017\/01\/IMG_2478.jpg\"><img fetchpriority=\"high\" decoding=\"async\" class=\"aligncenter size-full wp-image-4336\" src=\"http:\/\/bibliotekamoscisko.pl\/wp-content\/uploads\/2017\/01\/IMG_2478.jpg\" alt=\"IMG_2478\" width=\"478\" height=\"640\" srcset=\"https:\/\/bibliotekamoscisko.pl\/wp-content\/uploads\/2017\/01\/IMG_2478.jpg 478w, https:\/\/bibliotekamoscisko.pl\/wp-content\/uploads\/2017\/01\/IMG_2478-224x300.jpg 224w, https:\/\/bibliotekamoscisko.pl\/wp-content\/uploads\/2017\/01\/IMG_2478-1x1.jpg 1w\" sizes=\"(max-width: 478px) 100vw, 478px\" \/><\/a><\/p>\n<div id='gallery-1' class='gallery galleryid-4335 gallery-columns-3 gallery-size-thumbnail'><figure class='gallery-item'>\n\t\t\t<div class='gallery-icon landscape'>\n\t\t\t\t<a href='https:\/\/bibliotekamoscisko.pl\/?attachment_id=4337'><img decoding=\"async\" width=\"150\" height=\"150\" src=\"https:\/\/bibliotekamoscisko.pl\/wp-content\/uploads\/2017\/01\/wizyta-pier-150x150.jpg\" class=\"attachment-thumbnail size-thumbnail\" alt=\"\" srcset=\"https:\/\/bibliotekamoscisko.pl\/wp-content\/uploads\/2017\/01\/wizyta-pier-150x150.jpg 150w, https:\/\/bibliotekamoscisko.pl\/wp-content\/uploads\/2017\/01\/wizyta-pier-1x1.jpg 1w\" sizes=\"(max-width: 150px) 100vw, 150px\" \/><\/a>\n\t\t\t<\/div><\/figure><figure class='gallery-item'>\n\t\t\t<div class='gallery-icon landscape'>\n\t\t\t\t<a href='https:\/\/bibliotekamoscisko.pl\/?attachment_id=4338'><img decoding=\"async\" width=\"150\" height=\"150\" src=\"https:\/\/bibliotekamoscisko.pl\/wp-content\/uploads\/2017\/01\/wizyta-pierwszak\u00f3w-150x150.jpg\" class=\"attachment-thumbnail size-thumbnail\" alt=\"\" srcset=\"https:\/\/bibliotekamoscisko.pl\/wp-content\/uploads\/2017\/01\/wizyta-pierwszak\u00f3w-150x150.jpg 150w, https:\/\/bibliotekamoscisko.pl\/wp-content\/uploads\/2017\/01\/wizyta-pierwszak\u00f3w-1x1.jpg 1w\" sizes=\"(max-width: 150px) 100vw, 150px\" \/><\/a>\n\t\t\t<\/div><\/figure>\n\t\t<\/div>\n\n<p>D.W.<\/p>\n","protected":false},"excerpt":{"rendered":"<p>20 stycznia swoj\u0105 bibliotek\u0119 odwiedzi\u0142y dzieci z pierwszej klasy Szko\u0142y Podstawowej im. Jana Paw\u0142a II w Tuszynie pod opiek\u0105 Pani El\u017cbiety Sakowicz. Dzieci zapozna\u0142y si\u0119 z ksi\u0119gozbiorem i dowiedzia\u0142y w [&hellip;]<\/p>\n","protected":false},"author":1,"featured_media":0,"comment_status":"closed","ping_status":"open","sticky":false,"template":"","format":"standard","meta":{"ngg_post_thumbnail":0,"footnotes":""},"categories":[1],"tags":[],"class_list":["post-4335","post","type-post","status-publish","format-standard","hentry","category-uncategorized"],"_links":{"self":[{"href":"https:\/\/bibliotekamoscisko.pl\/index.php?rest_route=\/wp\/v2\/posts\/4335","targetHints":{"allow":["GET"]}}],"collection":[{"href":"https:\/\/bibliotekamoscisko.pl\/index.php?rest_route=\/wp\/v2\/posts"}],"about":[{"href":"https:\/\/bibliotekamoscisko.pl\/index.php?rest_route=\/wp\/v2\/types\/post"}],"author":[{"embeddable":true,"href":"https:\/\/bibliotekamoscisko.pl\/index.php?rest_route=\/wp\/v2\/users\/1"}],"replies":[{"embeddable":true,"href":"https:\/\/bibliotekamoscisko.pl\/index.php?rest_route=%2Fwp%2Fv2%2Fcomments&post=4335"}],"version-history":[{"count":1,"href":"https:\/\/bibliotekamoscisko.pl\/index.php?rest_route=\/wp\/v2\/posts\/4335\/revisions"}],"predecessor-version":[{"id":4339,"href":"https:\/\/bibliotekamoscisko.pl\/index.php?rest_route=\/wp\/v2\/posts\/4335\/revisions\/4339"}],"wp:attachment":[{"href":"https:\/\/bibliotekamoscisko.pl\/index.php?rest_route=%2Fwp%2Fv2%2Fmedia&parent=4335"}],"wp:term":[{"taxonomy":"category","embeddable":true,"href":"https:\/\/bibliotekamoscisko.pl\/index.php?rest_route=%2Fwp%2Fv2%2Fcategories&post=4335"},{"taxonomy":"post_tag","embeddable":true,"href":"https:\/\/bibliotekamoscisko.pl\/index.php?rest_route=%2Fwp%2Fv2%2Ftags&post=4335"}],"curies":[{"name":"wp","href":"https:\/\/api.w.org\/{rel}","templated":true}]}}