{"id":438,"date":"2014-05-13T11:52:10","date_gmt":"2014-05-13T11:52:10","guid":{"rendered":"http:\/\/bibliotekamoscisko.pl\/?p=438"},"modified":"2014-05-13T12:21:39","modified_gmt":"2014-05-13T12:21:39","slug":"miedzynarodowy-dzien-rodzin","status":"publish","type":"post","link":"https:\/\/bibliotekamoscisko.pl\/?p=438","title":{"rendered":"Mi\u0119dzynarodowy Dzie\u0144 Rodzin"},"content":{"rendered":"<p><strong><span style=\"color: #5b5b5b;\">\u00a015 maja przypada 20. rocznica ustanowienia Mi\u0119dzynarodowego dnia Rodzin przez Organizacj\u0119 Narod\u00f3w Zjednoczonych. Tegoroczne obchody obj\u0119li honorowym patronatem Prezydent Rzeczypospolitej Polskiej Bronis\u0142aw Komorowski z Ma\u0142\u017conk\u0105.<\/span><\/strong><\/p>\n<p><strong><span style=\"color: #5b5b5b;\"> Gmina Dzier\u017coni\u00f3w i Biblioteka Publiczna Gminy Dzier\u017coni\u00f3w w Mo\u015bcisku r\u00f3wnie\u017c przy\u0142\u0105cz\u0105 si\u0119 w tym roku do wsp\u00f3lnego \u015bwi\u0119towania. Zapraszamy do Ostroszowic, gdzie 16 maja od godz. 17.00 b\u0119dzie mo\u017cna wsp\u00f3lnie sp\u0119dzi\u0107 czas w gronie rodzinnym i w\u015br\u00f3d przyjaci\u00f3\u0142. Spotkanie organizuje Salonik Kobiet Ambitnych, kt\u00f3ry w\u0142a\u015bnie rozpocz\u0105\u0142 \u00a0swoj\u0105 dzia\u0142alno\u015b\u0107 w Ostroszowicach, w\u0142\u0105czaj\u0105c si\u0119 aktywnie w \u017cycie kulturalne gminy.<\/span><\/strong><\/p>\n<p>D.W.<\/p>\n<p>&nbsp;<\/p>\n<p><a href=\"http:\/\/bibliotekamoscisko.pl\/wp-content\/uploads\/2014\/05\/plakat-salonik-gotowy.jpg\"><img fetchpriority=\"high\" decoding=\"async\" class=\"aligncenter wp-image-439 size-full\" src=\"http:\/\/bibliotekamoscisko.pl\/wp-content\/uploads\/2014\/05\/plakat-salonik-gotowy.jpg\" alt=\"Mi\u0119dzynarodowy Dzie\u0144 Rodzin\" width=\"2484\" height=\"3512\" \/><\/a><\/p>\n<p>&nbsp;<\/p>\n<p>&nbsp;<\/p>\n<p>&nbsp;<\/p>\n<p><a title=\"Mi\u0119dzynarodowy Dzie\u0144 rodzin\" href=\"http:\/\/www.prezydent.pl\/dla-rodziny\/mdr\/\" target=\"_blank\">http:\/\/www.prezydent.pl\/dla-rodziny\/mdr\/<\/a><\/p>\n","protected":false},"excerpt":{"rendered":"<p>\u00a015 maja przypada 20. rocznica ustanowienia Mi\u0119dzynarodowego dnia Rodzin przez Organizacj\u0119 Narod\u00f3w Zjednoczonych. Tegoroczne obchody obj\u0119li honorowym patronatem Prezydent Rzeczypospolitej Polskiej Bronis\u0142aw Komorowski z Ma\u0142\u017conk\u0105. Gmina Dzier\u017coni\u00f3w i Biblioteka Publiczna [&hellip;]<\/p>\n","protected":false},"author":1,"featured_media":0,"comment_status":"open","ping_status":"open","sticky":false,"template":"","format":"standard","meta":{"ngg_post_thumbnail":0,"footnotes":""},"categories":[1],"tags":[],"class_list":["post-438","post","type-post","status-publish","format-standard","hentry","category-uncategorized"],"_links":{"self":[{"href":"https:\/\/bibliotekamoscisko.pl\/index.php?rest_route=\/wp\/v2\/posts\/438","targetHints":{"allow":["GET"]}}],"collection":[{"href":"https:\/\/bibliotekamoscisko.pl\/index.php?rest_route=\/wp\/v2\/posts"}],"about":[{"href":"https:\/\/bibliotekamoscisko.pl\/index.php?rest_route=\/wp\/v2\/types\/post"}],"author":[{"embeddable":true,"href":"https:\/\/bibliotekamoscisko.pl\/index.php?rest_route=\/wp\/v2\/users\/1"}],"replies":[{"embeddable":true,"href":"https:\/\/bibliotekamoscisko.pl\/index.php?rest_route=%2Fwp%2Fv2%2Fcomments&post=438"}],"version-history":[{"count":7,"href":"https:\/\/bibliotekamoscisko.pl\/index.php?rest_route=\/wp\/v2\/posts\/438\/revisions"}],"predecessor-version":[{"id":448,"href":"https:\/\/bibliotekamoscisko.pl\/index.php?rest_route=\/wp\/v2\/posts\/438\/revisions\/448"}],"wp:attachment":[{"href":"https:\/\/bibliotekamoscisko.pl\/index.php?rest_route=%2Fwp%2Fv2%2Fmedia&parent=438"}],"wp:term":[{"taxonomy":"category","embeddable":true,"href":"https:\/\/bibliotekamoscisko.pl\/index.php?rest_route=%2Fwp%2Fv2%2Fcategories&post=438"},{"taxonomy":"post_tag","embeddable":true,"href":"https:\/\/bibliotekamoscisko.pl\/index.php?rest_route=%2Fwp%2Fv2%2Ftags&post=438"}],"curies":[{"name":"wp","href":"https:\/\/api.w.org\/{rel}","templated":true}]}}