{"id":4560,"date":"2017-03-16T12:04:43","date_gmt":"2017-03-16T12:04:43","guid":{"rendered":"http:\/\/bibliotekamoscisko.pl\/?p=4560"},"modified":"2017-03-16T12:04:43","modified_gmt":"2017-03-16T12:04:43","slug":"wielkanoc-za-progiem","status":"publish","type":"post","link":"https:\/\/bibliotekamoscisko.pl\/?p=4560","title":{"rendered":"Wielkanoc za progiem"},"content":{"rendered":"<h5><em>\u00a0\u00a0\u00a0\u00a0\u00a0\u00a0\u00a0\u00a0\u00a0\u00a0\u00a0\u00a0\u00a0\u00a0\u00a0\u00a0\u00a0\u00a0 Powiedzia\u0142a nam tu wasza kaczka,<\/em><\/h5>\n<h5><em>\u00a0\u00a0\u00a0\u00a0\u00a0\u00a0\u00a0\u00a0\u00a0\u00a0\u00a0\u00a0\u00a0\u00a0\u00a0\u00a0\u00a0\u00a0 \u017ce\u015bcie napiekli pszennego placka.<\/em><\/h5>\n<h5><em>\u00a0 \u00a0 \u00a0 \u00a0 \u00a0 \u00a0 \u00a0\u00a0 \u00a0\u00a0\u00a0 Powiedzia\u0142a nam tu wasza kura,<\/em><\/h5>\n<h5><em>\u00a0 \u00a0 \u00a0\u00a0 \u00a0\u00a0\u00a0\u00a0\u00a0\u00a0\u00a0\u00a0\u00a0\u00a0 \u017ce nanies\u0142a jaj, a\u017c j\u0105 boli dziura.<\/em><\/h5>\n<h5><em>\u00a0\u00a0\u00a0\u00a0\u00a0\u00a0\u00a0\u00a0\u00a0\u00a0\u00a0\u00a0\u00a0\u00a0\u00a0\u00a0\u00a0\u00a0\u00a0\u00a0\u00a0\u00a0\u00a0\u00a0\u00a0\u00a0\u00a0\u00a0\u00a0\u00a0\u00a0\u00a0\u00a0\u00a0\u00a0\u00a0\u00a0\u00a0\u00a0\u00a0\u00a0\u00a0\u00a0\u00a0\u00a0\u00a0\u00a0 \/Cuda wianki. Polski folklor..\/<\/em><\/h5>\n<p>,,<em>Cuda wianki. Polski folklor dla m\u0142odszych i starszych<\/em>&#8221; to ksi\u0105\u017cka Marianny Oklejak, kt\u00f3ra zainspirowa\u0142a nas do dzia\u0142ania w dniu 8 marca podczas warsztatu prowadzonego w bibliotece przez\u00a0 pani\u0105 Emili\u0119 Wojdy\u0142o. To w\u0142a\u015bnie z tej ksi\u0105\u017cki mo\u017cna dowiedzie\u0107 si\u0119, \u017ce ludowy \u015bwiat nie jest ograniczony a wr\u0119cz przeciwnie &#8211; charakteryzuje si\u0119 swobod\u0105 i kreatywno\u015bci\u0105.\u00a0Z informacji na ok\u0142adce mo\u017cna dowiedzie\u0107 si\u0119, \u017ce:<\/p>\n<p><em>\u00a0\u00a0\u00a0 Polska kultura ludowa- pi\u0119kna i r\u00f3\u017cnorodna. to niezwyk\u0142y \u015bwiat, pe\u0142en zaskakuj\u0105cych barw,\u00a0 kszta\u0142t\u00f3w i rytm\u00f3w&#8230;<\/em><em>\u00a0\u00a0 Ogromnym walorem tej ksi\u0105\u017cki jest tekst wizualny, utrzymany w konwencji popkulturowo \u2013 komiksowej \u00a0i wykorzystuj\u0105cy estetyk\u0119 ludowej wycinanki.<\/em><\/p>\n<div id='gallery-1' class='gallery galleryid-4560 gallery-columns-3 gallery-size-thumbnail'><figure class='gallery-item'>\n\t\t\t<div class='gallery-icon landscape'>\n\t\t\t\t<a href='https:\/\/bibliotekamoscisko.pl\/?attachment_id=4561'><img decoding=\"async\" width=\"150\" height=\"150\" src=\"https:\/\/bibliotekamoscisko.pl\/wp-content\/uploads\/2017\/03\/DSC_0319-150x150.jpg\" class=\"attachment-thumbnail size-thumbnail\" alt=\"\" srcset=\"https:\/\/bibliotekamoscisko.pl\/wp-content\/uploads\/2017\/03\/DSC_0319-150x150.jpg 150w, https:\/\/bibliotekamoscisko.pl\/wp-content\/uploads\/2017\/03\/DSC_0319-1x1.jpg 1w\" sizes=\"(max-width: 150px) 100vw, 150px\" \/><\/a>\n\t\t\t<\/div><\/figure><figure class='gallery-item'>\n\t\t\t<div class='gallery-icon landscape'>\n\t\t\t\t<a href='https:\/\/bibliotekamoscisko.pl\/?attachment_id=4562'><img decoding=\"async\" width=\"150\" height=\"150\" src=\"https:\/\/bibliotekamoscisko.pl\/wp-content\/uploads\/2017\/03\/DSC_0375-150x150.jpg\" class=\"attachment-thumbnail size-thumbnail\" alt=\"\" srcset=\"https:\/\/bibliotekamoscisko.pl\/wp-content\/uploads\/2017\/03\/DSC_0375-150x150.jpg 150w, https:\/\/bibliotekamoscisko.pl\/wp-content\/uploads\/2017\/03\/DSC_0375-1x1.jpg 1w\" sizes=\"(max-width: 150px) 100vw, 150px\" \/><\/a>\n\t\t\t<\/div><\/figure><figure class='gallery-item'>\n\t\t\t<div class='gallery-icon landscape'>\n\t\t\t\t<a href='https:\/\/bibliotekamoscisko.pl\/?attachment_id=4563'><img decoding=\"async\" width=\"150\" height=\"150\" src=\"https:\/\/bibliotekamoscisko.pl\/wp-content\/uploads\/2017\/03\/DSC_0308-150x150.jpg\" class=\"attachment-thumbnail size-thumbnail\" alt=\"\" srcset=\"https:\/\/bibliotekamoscisko.pl\/wp-content\/uploads\/2017\/03\/DSC_0308-150x150.jpg 150w, https:\/\/bibliotekamoscisko.pl\/wp-content\/uploads\/2017\/03\/DSC_0308-1x1.jpg 1w\" sizes=\"(max-width: 150px) 100vw, 150px\" \/><\/a>\n\t\t\t<\/div><\/figure>\n\t\t<\/div>\n\n<p>Grupa Tw\u00f3rcza dzia\u0142aj\u0105ca przy bibliotece w Ostroszowicach postanowi\u0142a wykorzysta\u0107 inspiracje zawarte w ksi\u0105\u017cce podczas zaj\u0119\u0107 z ozdabiania jaj wielkanocnych. Podczas mozolnej\u00a0i tw\u00f3rczej pracy, nie by\u0142o ko\u0144ca opowiadaniom o kulturze ludowej okresu wielkanocnego, domowych tradycjach w Polsce i za granic\u0105.<\/p>\n<p>Sam proces tworzenia cudeniek z jaj to tylko pretekst do tego, aby spotka\u0107 si\u0119 w bibliotece, wspomina\u0107 dobre czasy i marzy\u0107&#8230; oraz upi\u0119ksza\u0107 \u015bwiat w optymistycznym nastroju.<\/p>\n<p>mk<\/p>\n<p>&nbsp;<\/p>\n<p>&nbsp;<\/p>\n","protected":false},"excerpt":{"rendered":"<p>\u00a0\u00a0\u00a0\u00a0\u00a0\u00a0\u00a0\u00a0\u00a0\u00a0\u00a0\u00a0\u00a0\u00a0\u00a0\u00a0\u00a0\u00a0 Powiedzia\u0142a nam tu wasza kaczka, \u00a0\u00a0\u00a0\u00a0\u00a0\u00a0\u00a0\u00a0\u00a0\u00a0\u00a0\u00a0\u00a0\u00a0\u00a0\u00a0\u00a0\u00a0 \u017ce\u015bcie napiekli pszennego placka. \u00a0 \u00a0 \u00a0 \u00a0 \u00a0 \u00a0 \u00a0\u00a0 \u00a0\u00a0\u00a0 Powiedzia\u0142a nam tu wasza kura, \u00a0 \u00a0 \u00a0\u00a0 \u00a0\u00a0\u00a0\u00a0\u00a0\u00a0\u00a0\u00a0\u00a0\u00a0 \u017ce nanies\u0142a [&hellip;]<\/p>\n","protected":false},"author":1,"featured_media":0,"comment_status":"closed","ping_status":"open","sticky":false,"template":"","format":"standard","meta":{"ngg_post_thumbnail":0,"footnotes":""},"categories":[1],"tags":[],"class_list":["post-4560","post","type-post","status-publish","format-standard","hentry","category-uncategorized"],"_links":{"self":[{"href":"https:\/\/bibliotekamoscisko.pl\/index.php?rest_route=\/wp\/v2\/posts\/4560","targetHints":{"allow":["GET"]}}],"collection":[{"href":"https:\/\/bibliotekamoscisko.pl\/index.php?rest_route=\/wp\/v2\/posts"}],"about":[{"href":"https:\/\/bibliotekamoscisko.pl\/index.php?rest_route=\/wp\/v2\/types\/post"}],"author":[{"embeddable":true,"href":"https:\/\/bibliotekamoscisko.pl\/index.php?rest_route=\/wp\/v2\/users\/1"}],"replies":[{"embeddable":true,"href":"https:\/\/bibliotekamoscisko.pl\/index.php?rest_route=%2Fwp%2Fv2%2Fcomments&post=4560"}],"version-history":[{"count":1,"href":"https:\/\/bibliotekamoscisko.pl\/index.php?rest_route=\/wp\/v2\/posts\/4560\/revisions"}],"predecessor-version":[{"id":4564,"href":"https:\/\/bibliotekamoscisko.pl\/index.php?rest_route=\/wp\/v2\/posts\/4560\/revisions\/4564"}],"wp:attachment":[{"href":"https:\/\/bibliotekamoscisko.pl\/index.php?rest_route=%2Fwp%2Fv2%2Fmedia&parent=4560"}],"wp:term":[{"taxonomy":"category","embeddable":true,"href":"https:\/\/bibliotekamoscisko.pl\/index.php?rest_route=%2Fwp%2Fv2%2Fcategories&post=4560"},{"taxonomy":"post_tag","embeddable":true,"href":"https:\/\/bibliotekamoscisko.pl\/index.php?rest_route=%2Fwp%2Fv2%2Ftags&post=4560"}],"curies":[{"name":"wp","href":"https:\/\/api.w.org\/{rel}","templated":true}]}}