{"id":460,"date":"2014-05-15T09:39:28","date_gmt":"2014-05-15T09:39:28","guid":{"rendered":"http:\/\/bibliotekamoscisko.pl\/?p=460"},"modified":"2014-05-15T10:18:44","modified_gmt":"2014-05-15T10:18:44","slug":"dolnoslaski-dzien-bibliotekarza-i-bibliotek","status":"publish","type":"post","link":"https:\/\/bibliotekamoscisko.pl\/?p=460","title":{"rendered":"Dolno\u015bl\u0105ski Dzie\u0144 Bibliotekarza i Bibliotek"},"content":{"rendered":"<p>W dniu 14.05.2014r. w ole\u015bnickiej Bibliotece Publicznej odby\u0142o si\u0119 spotkanie\u00a0 z okazji Dolno\u015bl\u0105skiego Dnia Bibliotekarza i Bibliotek. Uroczysto\u015b\u0107 poprowadzi\u0142a Anna Zasada, dyrektor OBP oraz Joanna Golczyk, przewodnicz\u0105ca Dolno\u015bl\u0105skiego Stowarzyszenia Bibliotekarzy Polskich.<\/p>\n<p>Z przem\u00f3wieniem do go\u015bci zwr\u00f3ci\u0142 si\u0119 zaproszony do Ole\u015bnicy Minister Kultury i Dziedzictwa Narodowego Bogdan Zdrojewski, kt\u00f3ry wr\u0119czy\u0142 jednocze\u015bnie Br\u0105zowe Krzy\u017ce Zas\u0142ugi bibliotekarzom z\u00a0 Ole\u015bnicy i Wroc\u0142awia.<br \/>\nMinister wr\u0119czy\u0142 r\u00f3wnie\u017c 15 osobom odznaki honorowe\u00a0<em>Zas\u0142u\u017cony dla kultury polskiej<\/em>\u00a0a wraz z Grzegorzem Gaudenem, dyrektorem Instytutu Ksi\u0105\u017cki, uhonorowa\u0142 statuetkami samorz\u0105dowc\u00f3w, w kt\u00f3rych gminach zako\u0144czono projekty Biblioteki+. Odznak\u0119 honorow\u0105 otrzyma\u0142a\u00a0 Justyna Kaczorowska- dyrektor Biblioteki Publicznej Gminy Dzier\u017coni\u00f3w, a jedna ze statuetek trafi\u0142a do W\u00f3jta Gminy Dzier\u017coni\u00f3w Pana Marka Chmielewskiego.<\/p>\n<p>W\u015br\u00f3d go\u015bci obecni byli m.in.: europos\u0142anka Lidia Geringer de Oedenberg, Wojewoda Dolno\u015bl\u0105ski Tomasz Smolarz, Starosta Ole\u015bnicki Zbigniew Potyra\u0142a, \u00a0dyrektor Dolno\u015bl\u0105skiej Biblioteki Publicznej Andrzej Tyws i dyrektor Instytutu Ksi\u0105\u017cki Grzegorz Gauden. Zaproszeni go\u015bcie mieli mo\u017cliwo\u015b\u0107 wys\u0142uchania i obejrzenia prezentacji Andrzeja Tywsa \u201eNowe twarze bibliotek\u201d, gdzie zaprezentowano tak\u017ce\u00a0 Bibliotek\u0119 Publiczn\u0105 Gminy Dzier\u017coni\u00f3w z\/s w Mo\u015bcisku.<\/p>\n<div id='gallery-1' class='gallery galleryid-460 gallery-columns-3 gallery-size-thumbnail'><figure class='gallery-item'>\n\t\t\t<div class='gallery-icon landscape'>\n\t\t\t\t<a href='https:\/\/bibliotekamoscisko.pl\/?attachment_id=461'><img decoding=\"async\" width=\"150\" height=\"150\" src=\"https:\/\/bibliotekamoscisko.pl\/wp-content\/uploads\/2014\/05\/037-150x150.jpg\" class=\"attachment-thumbnail size-thumbnail\" alt=\"\" aria-describedby=\"gallery-1-461\" \/><\/a>\n\t\t\t<\/div>\n\t\t\t\t<figcaption class='wp-caption-text gallery-caption' id='gallery-1-461'>\n\t\t\t\twr\u0119czenie odznaki i statuetki\n\t\t\t\t<\/figcaption><\/figure><figure class='gallery-item'>\n\t\t\t<div class='gallery-icon landscape'>\n\t\t\t\t<a href='https:\/\/bibliotekamoscisko.pl\/?attachment_id=463'><img decoding=\"async\" width=\"150\" height=\"150\" src=\"https:\/\/bibliotekamoscisko.pl\/wp-content\/uploads\/2014\/05\/SAM_0662-150x150.jpg\" class=\"attachment-thumbnail size-thumbnail\" alt=\"\" aria-describedby=\"gallery-1-463\" \/><\/a>\n\t\t\t<\/div>\n\t\t\t\t<figcaption class='wp-caption-text gallery-caption' id='gallery-1-463'>\n\t\t\t\tDzie\u0144 Bibliotek i Bibliotekarza\n\t\t\t\t<\/figcaption><\/figure>\n\t\t<\/div>\n\n<p>Spotkanie u\u015bwietni\u0142 wyst\u0119p ch\u00f3ru Uniwersytetu Trzeciego Wieku, dzia\u0142aj\u0105cego przy ole\u015bnickiej bibliotece oraz otwarcie mi\u0119dzynarodowej wystawy graficznej o tematyce dolno\u015bl\u0105skiej.<\/p>\n<p><a title=\"wi\u0119cej\" href=\"http:\/\/olesnica24.com\/Galeria,index,306,Dzien-Bibliotekarza\" target=\"_blank\">http:\/\/olesnica24.com\/Galeria,index,306,Dzien-Bibliotekarza<\/a><\/p>\n<p>J.K.<\/p>\n","protected":false},"excerpt":{"rendered":"<p>W dniu 14.05.2014r. w ole\u015bnickiej Bibliotece Publicznej odby\u0142o si\u0119 spotkanie\u00a0 z okazji Dolno\u015bl\u0105skiego Dnia Bibliotekarza i Bibliotek. Uroczysto\u015b\u0107 poprowadzi\u0142a Anna Zasada, dyrektor OBP oraz Joanna Golczyk, przewodnicz\u0105ca Dolno\u015bl\u0105skiego Stowarzyszenia Bibliotekarzy [&hellip;]<\/p>\n","protected":false},"author":1,"featured_media":461,"comment_status":"open","ping_status":"open","sticky":false,"template":"","format":"standard","meta":{"ngg_post_thumbnail":0,"footnotes":""},"categories":[1],"tags":[],"class_list":["post-460","post","type-post","status-publish","format-standard","has-post-thumbnail","hentry","category-uncategorized"],"_links":{"self":[{"href":"https:\/\/bibliotekamoscisko.pl\/index.php?rest_route=\/wp\/v2\/posts\/460","targetHints":{"allow":["GET"]}}],"collection":[{"href":"https:\/\/bibliotekamoscisko.pl\/index.php?rest_route=\/wp\/v2\/posts"}],"about":[{"href":"https:\/\/bibliotekamoscisko.pl\/index.php?rest_route=\/wp\/v2\/types\/post"}],"author":[{"embeddable":true,"href":"https:\/\/bibliotekamoscisko.pl\/index.php?rest_route=\/wp\/v2\/users\/1"}],"replies":[{"embeddable":true,"href":"https:\/\/bibliotekamoscisko.pl\/index.php?rest_route=%2Fwp%2Fv2%2Fcomments&post=460"}],"version-history":[{"count":3,"href":"https:\/\/bibliotekamoscisko.pl\/index.php?rest_route=\/wp\/v2\/posts\/460\/revisions"}],"predecessor-version":[{"id":466,"href":"https:\/\/bibliotekamoscisko.pl\/index.php?rest_route=\/wp\/v2\/posts\/460\/revisions\/466"}],"wp:featuredmedia":[{"embeddable":true,"href":"https:\/\/bibliotekamoscisko.pl\/index.php?rest_route=\/wp\/v2\/media\/461"}],"wp:attachment":[{"href":"https:\/\/bibliotekamoscisko.pl\/index.php?rest_route=%2Fwp%2Fv2%2Fmedia&parent=460"}],"wp:term":[{"taxonomy":"category","embeddable":true,"href":"https:\/\/bibliotekamoscisko.pl\/index.php?rest_route=%2Fwp%2Fv2%2Fcategories&post=460"},{"taxonomy":"post_tag","embeddable":true,"href":"https:\/\/bibliotekamoscisko.pl\/index.php?rest_route=%2Fwp%2Fv2%2Ftags&post=460"}],"curies":[{"name":"wp","href":"https:\/\/api.w.org\/{rel}","templated":true}]}}