{"id":4618,"date":"2017-03-23T14:49:15","date_gmt":"2017-03-23T14:49:15","guid":{"rendered":"http:\/\/bibliotekamoscisko.pl\/?p=4618"},"modified":"2017-03-23T14:49:15","modified_gmt":"2017-03-23T14:49:15","slug":"przyszla-juz-wiosenka","status":"publish","type":"post","link":"https:\/\/bibliotekamoscisko.pl\/?p=4618","title":{"rendered":"Przysz\u0142a ju\u017c wiosenka!"},"content":{"rendered":"<h5><em>Czy to bajka, czy nie bajka,<\/em><\/h5>\n<h5><em>My\u015blcie sobie, jak tam chcecie.\u00a0\u00a0\u00a0\u00a0\u00a0\u00a0\u00a0\u00a0\u00a0\u00a0\u00a0\u00a0\u00a0\u00a0\u00a0\u00a0\u00a0\u00a0\u00a0\u00a0\u00a0\u00a0\u00a0\u00a0\u00a0\u00a0\u00a0\u00a0\u00a0\u00a0\u00a0\u00a0\u00a0\u00a0\u00a0\u00a0\u00a0\u00a0\u00a0\u00a0\u00a0\u00a0\u00a0\u00a0\u00a0\u00a0\u00a0\u00a0\u00a0\u00a0\u00a0\u00a0<\/em><\/h5>\n<h5><em>Czy to bajka, czy nie bajka,<\/em><\/h5>\n<h5><em>My\u015blcie sobie, jak tam chcecie.<\/em><\/h5>\n<h5><em>A ja przecie\u017c wam powiadam:<\/em><\/h5>\n<h5><em>Krasnoludki s\u0105 na \u015bwiecie!<\/em><\/h5>\n<p>\/Maria Konopnicka\/<\/p>\n<p style=\"text-align: center;\"><strong>\u00a0\u00a0\u00a0\u00a0\u00a0\u00a0\u00a0\u00a0\u00a0\u00a0\u00a0\u00a0\u00a0\u00a0\u00a0\u00a0\u00a0\u00a0\u00a0\u00a0\u00a0\u00a0\u00a0\u00a0\u00a0\u00a0\u00a0\u00a0\u00a0\u00a0\u00a0\u00a0\u00a0\u00a0\u00a0\u00a0\u00a0\u00a0\u00a0\u00a0\u00a0\u00a0\u00a0\u00a0\u00a0\u00a0\u00a0\u00a0\u00a0\u00a0\u00a0 Przysz\u0142a ju\u017c wiosenka!<\/strong><\/p>\n<p>Rola ba\u015bni w odkrywaniu przez dzieci \u015bwiata przyrody jest nie do zast\u0105pienia.\u00a0Dzieci uwielbiaj\u0105 ba\u015bnie, gdy\u017c nie ukrywaj\u0105 one prawdy o tym, \u017ce w \u015bwiecie istnieje nie tylko dobro, ale i z\u0142o, chciwo\u015b\u0107, niesprawiedliwo\u015b\u0107 i przemoc. Ucz\u0105 odwagi, zaradno\u015bci, wytrwa\u0142o\u015bci, cierpliwo\u015bci w d\u0105\u017ceniu do celu a jednocze\u015bnie wsp\u00f3\u0142czucia dla s\u0142abszych oraz dzielenia si\u0119 dobrem z innymi.<\/p>\n<p>We wtorek 21 marca tu\u017c przed poszukiwaniem wiosny w najbli\u017cszym otoczeniu, dzieci z klasy pierwszej spotka\u0142y si\u0119 w bibliotece w Ostroszowicach,aby pos\u0142ucha\u0107 ba\u015bni Marii Konopnickiej \u00a0<em>O krasnoludkach i sierotce Marysi.<\/em>\u00a0 Dwa egzemplarze tej samej ksi\u0105\u017cki, r\u00f3\u017cni\u0105ce si\u0119 ogromn\u0105 r\u00f3\u017cnic\u0105 czasu wydania\u00a0zadzia\u0142a\u0142y niezwykle mocno na dzieci\u0119c\u0105 wyobra\u017ani\u0119. Przepi\u0119kne ilustracje Jana Marcina Szancera pomog\u0142y s\u0142uchaczom wyobrazi\u0107 sobie \u015bwiat magiczny, cudownie opisany przez pisark\u0119. Archaiczny j\u0119zyk utworu nie przeszkadza\u0142 w uwa\u017cnym s\u0142uchaniu malowniczych opowiada\u0144 o krasnoludkach, Kr\u00f3lu B\u0142ystku, Kosza\u0142ku -Opa\u0142ku , Sierotce Marysi, Kryszta\u0142owej Grocie czy G\u0142odowej W\u00f3lce.\u00a0Ta ba\u015b\u0144 okaza\u0142a si\u0119 kluczem do dzieci\u0119cych serc.<\/p>\n<div id='gallery-1' class='gallery galleryid-4618 gallery-columns-3 gallery-size-thumbnail'><figure class='gallery-item'>\n\t\t\t<div class='gallery-icon landscape'>\n\t\t\t\t<a href='https:\/\/bibliotekamoscisko.pl\/?attachment_id=4619'><img decoding=\"async\" width=\"150\" height=\"150\" src=\"https:\/\/bibliotekamoscisko.pl\/wp-content\/uploads\/2017\/03\/DSC_0423-150x150.jpg\" class=\"attachment-thumbnail size-thumbnail\" alt=\"\" srcset=\"https:\/\/bibliotekamoscisko.pl\/wp-content\/uploads\/2017\/03\/DSC_0423-150x150.jpg 150w, https:\/\/bibliotekamoscisko.pl\/wp-content\/uploads\/2017\/03\/DSC_0423-1x1.jpg 1w\" sizes=\"(max-width: 150px) 100vw, 150px\" \/><\/a>\n\t\t\t<\/div><\/figure><figure class='gallery-item'>\n\t\t\t<div class='gallery-icon landscape'>\n\t\t\t\t<a href='https:\/\/bibliotekamoscisko.pl\/?attachment_id=4620'><img decoding=\"async\" width=\"150\" height=\"150\" src=\"https:\/\/bibliotekamoscisko.pl\/wp-content\/uploads\/2017\/03\/DSC_0412-150x150.jpg\" class=\"attachment-thumbnail size-thumbnail\" alt=\"\" srcset=\"https:\/\/bibliotekamoscisko.pl\/wp-content\/uploads\/2017\/03\/DSC_0412-150x150.jpg 150w, https:\/\/bibliotekamoscisko.pl\/wp-content\/uploads\/2017\/03\/DSC_0412-1x1.jpg 1w\" sizes=\"(max-width: 150px) 100vw, 150px\" \/><\/a>\n\t\t\t<\/div><\/figure><figure class='gallery-item'>\n\t\t\t<div class='gallery-icon landscape'>\n\t\t\t\t<a href='https:\/\/bibliotekamoscisko.pl\/?attachment_id=4621'><img decoding=\"async\" width=\"150\" height=\"150\" src=\"https:\/\/bibliotekamoscisko.pl\/wp-content\/uploads\/2017\/03\/DSC_0439-150x150.jpg\" class=\"attachment-thumbnail size-thumbnail\" alt=\"\" srcset=\"https:\/\/bibliotekamoscisko.pl\/wp-content\/uploads\/2017\/03\/DSC_0439-150x150.jpg 150w, https:\/\/bibliotekamoscisko.pl\/wp-content\/uploads\/2017\/03\/DSC_0439-1x1.jpg 1w\" sizes=\"(max-width: 150px) 100vw, 150px\" \/><\/a>\n\t\t\t<\/div><\/figure>\n\t\t<\/div>\n\n<p>Zaraz po za\u015bpiewaniu wiosennej piosenki dzieci ze swoj\u0105 pani\u0105 Alicj\u0105 Najwer uda\u0142y si\u0119 na poszukiwanie wiosny\u00a0 i&#8230;krasnoludk\u00f3w w Ostroszowicach.<\/p>\n<p>mk<\/p>\n","protected":false},"excerpt":{"rendered":"<p>Czy to bajka, czy nie bajka, My\u015blcie sobie, jak tam chcecie.\u00a0\u00a0\u00a0\u00a0\u00a0\u00a0\u00a0\u00a0\u00a0\u00a0\u00a0\u00a0\u00a0\u00a0\u00a0\u00a0\u00a0\u00a0\u00a0\u00a0\u00a0\u00a0\u00a0\u00a0\u00a0\u00a0\u00a0\u00a0\u00a0\u00a0\u00a0\u00a0\u00a0\u00a0\u00a0\u00a0\u00a0\u00a0\u00a0\u00a0\u00a0\u00a0\u00a0\u00a0\u00a0\u00a0\u00a0\u00a0\u00a0\u00a0\u00a0\u00a0 Czy to bajka, czy nie bajka, My\u015blcie sobie, jak tam chcecie. A ja przecie\u017c wam powiadam: Krasnoludki s\u0105 na [&hellip;]<\/p>\n","protected":false},"author":1,"featured_media":0,"comment_status":"closed","ping_status":"open","sticky":false,"template":"","format":"standard","meta":{"ngg_post_thumbnail":0,"footnotes":""},"categories":[1],"tags":[],"class_list":["post-4618","post","type-post","status-publish","format-standard","hentry","category-uncategorized"],"_links":{"self":[{"href":"https:\/\/bibliotekamoscisko.pl\/index.php?rest_route=\/wp\/v2\/posts\/4618","targetHints":{"allow":["GET"]}}],"collection":[{"href":"https:\/\/bibliotekamoscisko.pl\/index.php?rest_route=\/wp\/v2\/posts"}],"about":[{"href":"https:\/\/bibliotekamoscisko.pl\/index.php?rest_route=\/wp\/v2\/types\/post"}],"author":[{"embeddable":true,"href":"https:\/\/bibliotekamoscisko.pl\/index.php?rest_route=\/wp\/v2\/users\/1"}],"replies":[{"embeddable":true,"href":"https:\/\/bibliotekamoscisko.pl\/index.php?rest_route=%2Fwp%2Fv2%2Fcomments&post=4618"}],"version-history":[{"count":1,"href":"https:\/\/bibliotekamoscisko.pl\/index.php?rest_route=\/wp\/v2\/posts\/4618\/revisions"}],"predecessor-version":[{"id":4622,"href":"https:\/\/bibliotekamoscisko.pl\/index.php?rest_route=\/wp\/v2\/posts\/4618\/revisions\/4622"}],"wp:attachment":[{"href":"https:\/\/bibliotekamoscisko.pl\/index.php?rest_route=%2Fwp%2Fv2%2Fmedia&parent=4618"}],"wp:term":[{"taxonomy":"category","embeddable":true,"href":"https:\/\/bibliotekamoscisko.pl\/index.php?rest_route=%2Fwp%2Fv2%2Fcategories&post=4618"},{"taxonomy":"post_tag","embeddable":true,"href":"https:\/\/bibliotekamoscisko.pl\/index.php?rest_route=%2Fwp%2Fv2%2Ftags&post=4618"}],"curies":[{"name":"wp","href":"https:\/\/api.w.org\/{rel}","templated":true}]}}