{"id":467,"date":"2014-05-16T09:39:12","date_gmt":"2014-05-16T09:39:12","guid":{"rendered":"http:\/\/bibliotekamoscisko.pl\/?p=467"},"modified":"2014-05-16T09:39:12","modified_gmt":"2014-05-16T09:39:12","slug":"czytanie-polaczylo-pokolenia","status":"publish","type":"post","link":"https:\/\/bibliotekamoscisko.pl\/?p=467","title":{"rendered":"Czytanie po\u0142\u0105czy\u0142o pokolenia"},"content":{"rendered":"<p>Ju\u017c po raz jedenasty w dniach 8-15.05.2014 r. Stowarzyszenie Bibliotekarzy Polskich zorganizowa\u0142o Tydzie\u0144 Bibliotek \u2013 program promocji czytelnictwa i bibliotek. W tym roku odby\u0142 si\u0119 on pod has\u0142em \u201eCzytanie \u0142\u0105czy pokolenia\u201d. \u00a0Na bibliotecznych p\u00f3\u0142kach znale\u017a\u0107 mo\u017cna zar\u00f3wno dokumenty przesz\u0142o\u015bci jak i teksty wsp\u00f3\u0142czesne, starodruki i tu\u017c obok nich e-booki.\u00a0 Nowoczesne technologie dope\u0142niaj\u0105 materia\u0142y z ubieg\u0142ych lat i otwieraj\u0105 nowe mo\u017cliwo\u015bci obcowania z literatur\u0105 i wiedz\u0105.<\/p>\n<p>Tak\u017ce Biblioteka Publiczna Gminy Dzier\u017coni\u00f3w z\/s w Mo\u015bcisku w\u0142\u0105czy\u0142a si\u0119 w obchody tegorocznego Tygodnia Bibliotek. 15 maja czytelni\u0119 odwiedzi\u0142y dzieci z II kl. Zespo\u0142u Szkolno-Przedszkolnego w Mo\u015bcisku wraz ze swoj\u0105 wychowawczyni\u0105 Henryk\u0105 Latacz.<\/p>\n\n<p>Dzieci mia\u0142y okazj\u0119 zapozna\u0107 si\u0119 z histori\u0105 miejscowo\u015bci,\u00a0 w kt\u00f3rej przysz\u0142o im \u017cy\u0107. Bibliotekarka Justyna Bartkowiak w ciekawy spos\u00f3b przedstawi\u0142a w prezentacji multimedialnej cz\u0119sto pomijane fakty z przesz\u0142o\u015bci naszej miejscowo\u015bci. Zwr\u00f3ci\u0142a uwag\u0119 zar\u00f3wno na jasne jak i ciemne karty przesz\u0142o\u015bci. Stoi tu przepi\u0119kny ko\u015bci\u00f3\u0142 \u015bw. Jana Chrzciciela z XIII w., wpisany do rejestru zabytk\u00f3w. Niewiele os\u00f3b jednak pami\u0119ta \u017ce w czasie II wojny \u015bwiatowej na tym terenie funkcjonowa\u0142a filia obozu koncentracyjnego &#8222;Gross-Rosen&#8221;.<\/p>\n<div id='gallery-2' class='gallery galleryid-467 gallery-columns-3 gallery-size-thumbnail'><figure class='gallery-item'>\n\t\t\t<div class='gallery-icon portrait'>\n\t\t\t\t<a href='https:\/\/bibliotekamoscisko.pl\/?attachment_id=479'><img decoding=\"async\" width=\"150\" height=\"150\" src=\"https:\/\/bibliotekamoscisko.pl\/wp-content\/uploads\/2014\/05\/rysunki8-150x150.jpg\" class=\"attachment-thumbnail size-thumbnail\" alt=\"\" aria-describedby=\"gallery-2-479\" \/><\/a>\n\t\t\t<\/div>\n\t\t\t\t<figcaption class='wp-caption-text gallery-caption' id='gallery-2-479'>\n\t\t\t\tOli\n\t\t\t\t<\/figcaption><\/figure>\n\t\t<\/div>\n\n<p>Najciekawszy okaza\u0142 si\u0119\u00a0 moment, kiedy mo\u017cna by\u0142o zajrze\u0107 do starych kronik Mo\u015bciska i odczytywa\u0107 na g\u0142os interesuj\u0105ce fragmenty. Trudno by\u0142o si\u0119 oderwa\u0107 od tego cennego \u00a0\u015bwiadectwa minionych pokole\u0144. Czytanie po\u0142\u0105czy\u0142o pokolenia. Mamy nadziej\u0119, \u017ce w\u015br\u00f3d m\u0142odego pokolenia rosn\u0105 przyszli kronikarze, kt\u00f3rzy b\u0119d\u0105 kontynuowa\u0107 wpisy do kolejnych tom\u00f3w kronik.<\/p>\n<p>D.W.<\/p>\n","protected":false},"excerpt":{"rendered":"<p>Ju\u017c po raz jedenasty w dniach 8-15.05.2014 r. Stowarzyszenie Bibliotekarzy Polskich zorganizowa\u0142o Tydzie\u0144 Bibliotek \u2013 program promocji czytelnictwa i bibliotek. W tym roku odby\u0142 si\u0119 on pod has\u0142em \u201eCzytanie \u0142\u0105czy [&hellip;]<\/p>\n","protected":false},"author":1,"featured_media":0,"comment_status":"open","ping_status":"open","sticky":false,"template":"","format":"standard","meta":{"ngg_post_thumbnail":0,"footnotes":""},"categories":[1],"tags":[],"class_list":["post-467","post","type-post","status-publish","format-standard","hentry","category-uncategorized"],"_links":{"self":[{"href":"https:\/\/bibliotekamoscisko.pl\/index.php?rest_route=\/wp\/v2\/posts\/467","targetHints":{"allow":["GET"]}}],"collection":[{"href":"https:\/\/bibliotekamoscisko.pl\/index.php?rest_route=\/wp\/v2\/posts"}],"about":[{"href":"https:\/\/bibliotekamoscisko.pl\/index.php?rest_route=\/wp\/v2\/types\/post"}],"author":[{"embeddable":true,"href":"https:\/\/bibliotekamoscisko.pl\/index.php?rest_route=\/wp\/v2\/users\/1"}],"replies":[{"embeddable":true,"href":"https:\/\/bibliotekamoscisko.pl\/index.php?rest_route=%2Fwp%2Fv2%2Fcomments&post=467"}],"version-history":[{"count":1,"href":"https:\/\/bibliotekamoscisko.pl\/index.php?rest_route=\/wp\/v2\/posts\/467\/revisions"}],"predecessor-version":[{"id":480,"href":"https:\/\/bibliotekamoscisko.pl\/index.php?rest_route=\/wp\/v2\/posts\/467\/revisions\/480"}],"wp:attachment":[{"href":"https:\/\/bibliotekamoscisko.pl\/index.php?rest_route=%2Fwp%2Fv2%2Fmedia&parent=467"}],"wp:term":[{"taxonomy":"category","embeddable":true,"href":"https:\/\/bibliotekamoscisko.pl\/index.php?rest_route=%2Fwp%2Fv2%2Fcategories&post=467"},{"taxonomy":"post_tag","embeddable":true,"href":"https:\/\/bibliotekamoscisko.pl\/index.php?rest_route=%2Fwp%2Fv2%2Ftags&post=467"}],"curies":[{"name":"wp","href":"https:\/\/api.w.org\/{rel}","templated":true}]}}