{"id":4726,"date":"2017-04-10T06:32:16","date_gmt":"2017-04-10T06:32:16","guid":{"rendered":"http:\/\/bibliotekamoscisko.pl\/?p=4726"},"modified":"2017-04-10T06:32:16","modified_gmt":"2017-04-10T06:32:16","slug":"zakumplowalismy-sie-z-tradycja","status":"publish","type":"post","link":"https:\/\/bibliotekamoscisko.pl\/?p=4726","title":{"rendered":"Zakumplowali\u015bmy si\u0119 z Tradycj\u0105!"},"content":{"rendered":"<div>Ksi\u0105\u017cka Marianny Oklejak <em>Cuda wianki<\/em> po raz kolejny zainspirowa\u0142a dzieci z klasy trzeciej do dzia\u0142ania. W naszej bibliotece wsp\u00f3lnie z nauczycielk\u0105 El\u017cbiet\u0105 Juziuk-Janick\u0105 realizowany jest program czytelniczy pod has\u0142em:<\/div>\n<div><strong>Artystycznie &#8211; Humor &#8211; Dowcip\u00a0 -Wychowanie. \u00a0<\/strong>W ramach tego programu w dniu 31 marca wykonali\u015bmy dwie palmy wielkanocne. Pi\u0119kna wiosenna pogoda za oknami dodawa\u0142a uroku tw\u00f3rczej pracy.<\/div>\n<div>Dzi\u0119ki wielkiemu zaanga\u017cowaniu wielu os\u00f3b powsta\u0142y kolorowe i niezwykle efektowne palmy. Polski folklor jest wspania\u0142y!<\/div>\n<h5>\u00a0<em>B\u0119d\u0119 ci\u0119 chwali\u0142 ,<\/em><\/h5>\n<h5><em>\u017ce\u015b jest dobry Panie<\/em><\/h5>\n<h5><em>gdy sobie podjem szynki na \u015bniadanie!<\/em><\/h5>\n<p><a href=\"http:\/\/bibliotekamoscisko.pl\/wp-content\/uploads\/2017\/04\/palmy.jpg\"><img fetchpriority=\"high\" decoding=\"async\" class=\"size-full wp-image-4727\" src=\"http:\/\/bibliotekamoscisko.pl\/wp-content\/uploads\/2017\/04\/palmy.jpg\" alt=\"????????????????????????????????????\" width=\"800\" height=\"535\" srcset=\"https:\/\/bibliotekamoscisko.pl\/wp-content\/uploads\/2017\/04\/palmy.jpg 800w, https:\/\/bibliotekamoscisko.pl\/wp-content\/uploads\/2017\/04\/palmy-300x201.jpg 300w, https:\/\/bibliotekamoscisko.pl\/wp-content\/uploads\/2017\/04\/palmy-768x514.jpg 768w, https:\/\/bibliotekamoscisko.pl\/wp-content\/uploads\/2017\/04\/palmy-1x1.jpg 1w\" sizes=\"(max-width: 800px) 100vw, 800px\" \/><\/a><\/p>\n<div>Ludowe m\u0105dro\u015bci zawarte w ksi\u0105\u017cce ,,Cuda wianki&#8221; dodaj\u0105 otuchy<\/div>\n<div>i przede wszystkim pozwalaj\u0105 zachwyci\u0107 si\u0119 polsk\u0105 tradycj\u0105.<\/div>\n<div>\u00a0Serdecznie dzi\u0119kuj\u0119 paniom:<\/div>\n<div>Izabeli Gawe\u0142ek, Oldze Kuchnio, Emilii Wojdy\u0142o i El\u017cbiecie \u017bmigrodzkiej za pomoc w realizacji naszego spotkania.<\/div>\n<div><\/div>\n<div>Maria Kirkiewicz<\/div>\n<div><\/div>\n","protected":false},"excerpt":{"rendered":"<p>Ksi\u0105\u017cka Marianny Oklejak Cuda wianki po raz kolejny zainspirowa\u0142a dzieci z klasy trzeciej do dzia\u0142ania. W naszej bibliotece wsp\u00f3lnie z nauczycielk\u0105 El\u017cbiet\u0105 Juziuk-Janick\u0105 realizowany jest program czytelniczy pod has\u0142em: Artystycznie [&hellip;]<\/p>\n","protected":false},"author":1,"featured_media":0,"comment_status":"closed","ping_status":"open","sticky":false,"template":"","format":"standard","meta":{"ngg_post_thumbnail":0,"footnotes":""},"categories":[1],"tags":[],"class_list":["post-4726","post","type-post","status-publish","format-standard","hentry","category-uncategorized"],"_links":{"self":[{"href":"https:\/\/bibliotekamoscisko.pl\/index.php?rest_route=\/wp\/v2\/posts\/4726","targetHints":{"allow":["GET"]}}],"collection":[{"href":"https:\/\/bibliotekamoscisko.pl\/index.php?rest_route=\/wp\/v2\/posts"}],"about":[{"href":"https:\/\/bibliotekamoscisko.pl\/index.php?rest_route=\/wp\/v2\/types\/post"}],"author":[{"embeddable":true,"href":"https:\/\/bibliotekamoscisko.pl\/index.php?rest_route=\/wp\/v2\/users\/1"}],"replies":[{"embeddable":true,"href":"https:\/\/bibliotekamoscisko.pl\/index.php?rest_route=%2Fwp%2Fv2%2Fcomments&post=4726"}],"version-history":[{"count":1,"href":"https:\/\/bibliotekamoscisko.pl\/index.php?rest_route=\/wp\/v2\/posts\/4726\/revisions"}],"predecessor-version":[{"id":4728,"href":"https:\/\/bibliotekamoscisko.pl\/index.php?rest_route=\/wp\/v2\/posts\/4726\/revisions\/4728"}],"wp:attachment":[{"href":"https:\/\/bibliotekamoscisko.pl\/index.php?rest_route=%2Fwp%2Fv2%2Fmedia&parent=4726"}],"wp:term":[{"taxonomy":"category","embeddable":true,"href":"https:\/\/bibliotekamoscisko.pl\/index.php?rest_route=%2Fwp%2Fv2%2Fcategories&post=4726"},{"taxonomy":"post_tag","embeddable":true,"href":"https:\/\/bibliotekamoscisko.pl\/index.php?rest_route=%2Fwp%2Fv2%2Ftags&post=4726"}],"curies":[{"name":"wp","href":"https:\/\/api.w.org\/{rel}","templated":true}]}}