{"id":4811,"date":"2017-04-21T12:26:21","date_gmt":"2017-04-21T12:26:21","guid":{"rendered":"http:\/\/bibliotekamoscisko.pl\/?p=4811"},"modified":"2017-04-21T12:26:21","modified_gmt":"2017-04-21T12:26:21","slug":"akcja-zonkile-w-bibliotece-czyli-zbiorowa-pamiec-o-bohaterach","status":"publish","type":"post","link":"https:\/\/bibliotekamoscisko.pl\/?p=4811","title":{"rendered":"Akcja \u017bonkile w Bibliotece czyli zbiorowa pami\u0119\u0107 o bohaterach"},"content":{"rendered":"<p><a href=\"http:\/\/bibliotekamoscisko.pl\/wp-content\/uploads\/2017\/04\/powstanie-warszawskie-plakat.jpg\"><img fetchpriority=\"high\" decoding=\"async\" class=\"aligncenter size-medium wp-image-4819\" src=\"http:\/\/bibliotekamoscisko.pl\/wp-content\/uploads\/2017\/04\/powstanie-warszawskie-plakat-300x211.jpg\" alt=\"powstanie warszawskie plakat\" width=\"300\" height=\"211\" srcset=\"https:\/\/bibliotekamoscisko.pl\/wp-content\/uploads\/2017\/04\/powstanie-warszawskie-plakat-300x211.jpg 300w, https:\/\/bibliotekamoscisko.pl\/wp-content\/uploads\/2017\/04\/powstanie-warszawskie-plakat-768x539.jpg 768w, https:\/\/bibliotekamoscisko.pl\/wp-content\/uploads\/2017\/04\/powstanie-warszawskie-plakat-1x1.jpg 1w, https:\/\/bibliotekamoscisko.pl\/wp-content\/uploads\/2017\/04\/powstanie-warszawskie-plakat.jpg 906w\" sizes=\"(max-width: 300px) 100vw, 300px\" \/><\/a><\/p>\n<p>Film Kamy Veymont ,,Nie by\u0142o \u017cadnej nadziei. Powstanie w getcie warszawskim 1943&#8243; wy\u015bwietlony w bibliotece w Ostroszowicach\u00a0 poruszy\u0142 m\u0142odych widz\u00f3w do g\u0142\u0119bi.<\/p>\n<p><em>Wzruszy\u0142am si\u0119 i pop\u0142aka\u0142am podczas filmu.\u00a0<\/em><em>Jak by\u0142am w Warszawie to widzia\u0142am to miejsce gdzie by\u0142o getto<\/em>&#8230; opowiada\u0142a z przej\u0119ciem Iga po obejrzeniu filmu.<\/p>\n<p><em>Jak si\u0119 przygl\u0105dasz z\u0142u i odwracasz g\u0142ow\u0119 albo nie pomagasz, kiedy mo\u017cesz pom\u00f3c, to stajesz si\u0119 wsp\u00f3\u0142odpowiedzialny. Bo twoje odwr\u00f3cenie g\u0142owy pomaga tym, kt\u00f3rzy dopuszczaj\u0105 si\u0119 z\u0142a. A takich wypadk\u00f3w by\u0142o dziesi\u0105tki. O wiele wygodniej i przyjemniej jest p\u00f3j\u015b\u0107 do kawiarni i delektowa\u0107 si\u0119 ciastkiem, ni\u017c patrze\u0107, jak si\u0119 ludzi rozstrzeliwuje.\u00a0<\/em>\u00a0Te znamienne s\u0142owa Marka Edelmana w pe\u0142ni mo\u017cna potwierdzi\u0107 szczeg\u00f3lnie po obejrzeniu\u00a0 niezwykle przejmuj\u0105cego \u015bwiadectwa o \u017bydach walcz\u0105cych w nier\u00f3wnej walce o godno\u015b\u0107.<\/p>\n<p style=\"text-align: center;\"><strong>Dzie\u0144 dobry, nazywam si\u0119 Ania,\u00a0<\/strong><strong>Dzie\u0144 dobry, nazywam si\u0119 Kacper &#8230;<\/strong><\/p>\n<p>Tymi s\u0142owami witali przechodz\u0105cych obok biblioteki w Ostroszowicach wolontariusze zaanga\u017cowani w akcj\u0119 spo\u0142eczno-edukacyjn\u0105 \u017bonkile,kt\u00f3ra odby\u0142a si\u0119 w ramach obchod\u00f3w 74 rocznicy powstania w getcie warszawskim. Przechodnie z rado\u015bci\u0105 przyjmowali\u00a0 papierowe kwiaty pami\u0119ci i doskonale wiedzieli o\u00a0 takiej akcji. \u017bonkile zwi\u0105zane s\u0105 z postaci\u0105 Marka Edelmana, ostatniego przyw\u00f3dcy \u017bydowskiej Organizacji Bojowej. W rozmowie z Hann\u0105 Krall, w ksi\u0105\u017cce \u201eZd\u0105\u017cy\u0107 przed Panem Bogiem\u201d Marek Edelman powiedzia\u0142, \u017ce co roku otrzymuje bukiet \u017c\u00f3\u0142tych kwiat\u00f3w. Kwiaty trafia\u0142y do niego zawsze bez wzgl\u0119du na to gdzie si\u0119 znajdowa\u0142.\u00a0Nadawca pozosta\u0142 anonimowy. Gdy Marek Edelman przychodzi\u0142 19 kwietnia pod pomnik Bohater\u00f3w Getta a z biegiem czasu wraz z nim przychodzi\u0142o coraz wi\u0119cej ludzi, w miejscach pami\u0119ci k\u0142ad\u0142 \u017c\u00f3\u0142te kwiaty. \u017b\u00f3\u0142ty \u017conkil jest symbolem zbiorowej pami\u0119ci\u201d<\/p>\n<div id='gallery-1' class='gallery galleryid-4811 gallery-columns-3 gallery-size-thumbnail'><figure class='gallery-item'>\n\t\t\t<div class='gallery-icon landscape'>\n\t\t\t\t<a href='https:\/\/bibliotekamoscisko.pl\/?attachment_id=4812'><img decoding=\"async\" width=\"150\" height=\"150\" src=\"https:\/\/bibliotekamoscisko.pl\/wp-content\/uploads\/2017\/04\/DSC_0896-150x150.jpg\" class=\"attachment-thumbnail size-thumbnail\" alt=\"\" srcset=\"https:\/\/bibliotekamoscisko.pl\/wp-content\/uploads\/2017\/04\/DSC_0896-150x150.jpg 150w, https:\/\/bibliotekamoscisko.pl\/wp-content\/uploads\/2017\/04\/DSC_0896-1x1.jpg 1w\" sizes=\"(max-width: 150px) 100vw, 150px\" \/><\/a>\n\t\t\t<\/div><\/figure><figure class='gallery-item'>\n\t\t\t<div class='gallery-icon landscape'>\n\t\t\t\t<a href='https:\/\/bibliotekamoscisko.pl\/?attachment_id=4813'><img decoding=\"async\" width=\"150\" height=\"150\" src=\"https:\/\/bibliotekamoscisko.pl\/wp-content\/uploads\/2017\/04\/DSC_0910-150x150.jpg\" class=\"attachment-thumbnail size-thumbnail\" alt=\"\" srcset=\"https:\/\/bibliotekamoscisko.pl\/wp-content\/uploads\/2017\/04\/DSC_0910-150x150.jpg 150w, https:\/\/bibliotekamoscisko.pl\/wp-content\/uploads\/2017\/04\/DSC_0910-1x1.jpg 1w\" sizes=\"(max-width: 150px) 100vw, 150px\" \/><\/a>\n\t\t\t<\/div><\/figure><figure class='gallery-item'>\n\t\t\t<div class='gallery-icon landscape'>\n\t\t\t\t<a href='https:\/\/bibliotekamoscisko.pl\/?attachment_id=4814'><img loading=\"lazy\" decoding=\"async\" width=\"150\" height=\"150\" src=\"https:\/\/bibliotekamoscisko.pl\/wp-content\/uploads\/2017\/04\/DSC_0913-150x150.jpg\" class=\"attachment-thumbnail size-thumbnail\" alt=\"\" srcset=\"https:\/\/bibliotekamoscisko.pl\/wp-content\/uploads\/2017\/04\/DSC_0913-150x150.jpg 150w, https:\/\/bibliotekamoscisko.pl\/wp-content\/uploads\/2017\/04\/DSC_0913-1x1.jpg 1w\" sizes=\"(max-width: 150px) 100vw, 150px\" \/><\/a>\n\t\t\t<\/div><\/figure><figure class='gallery-item'>\n\t\t\t<div class='gallery-icon landscape'>\n\t\t\t\t<a href='https:\/\/bibliotekamoscisko.pl\/?attachment_id=4815'><img loading=\"lazy\" decoding=\"async\" width=\"150\" height=\"150\" src=\"https:\/\/bibliotekamoscisko.pl\/wp-content\/uploads\/2017\/04\/DSC_0938-150x150.jpg\" class=\"attachment-thumbnail size-thumbnail\" alt=\"\" srcset=\"https:\/\/bibliotekamoscisko.pl\/wp-content\/uploads\/2017\/04\/DSC_0938-150x150.jpg 150w, https:\/\/bibliotekamoscisko.pl\/wp-content\/uploads\/2017\/04\/DSC_0938-1x1.jpg 1w\" sizes=\"(max-width: 150px) 100vw, 150px\" \/><\/a>\n\t\t\t<\/div><\/figure><figure class='gallery-item'>\n\t\t\t<div class='gallery-icon landscape'>\n\t\t\t\t<a href='https:\/\/bibliotekamoscisko.pl\/?attachment_id=4816'><img loading=\"lazy\" decoding=\"async\" width=\"150\" height=\"150\" src=\"https:\/\/bibliotekamoscisko.pl\/wp-content\/uploads\/2017\/04\/DSC_0950-150x150.jpg\" class=\"attachment-thumbnail size-thumbnail\" alt=\"\" srcset=\"https:\/\/bibliotekamoscisko.pl\/wp-content\/uploads\/2017\/04\/DSC_0950-150x150.jpg 150w, https:\/\/bibliotekamoscisko.pl\/wp-content\/uploads\/2017\/04\/DSC_0950-1x1.jpg 1w\" sizes=\"(max-width: 150px) 100vw, 150px\" \/><\/a>\n\t\t\t<\/div><\/figure><figure class='gallery-item'>\n\t\t\t<div class='gallery-icon landscape'>\n\t\t\t\t<a href='https:\/\/bibliotekamoscisko.pl\/?attachment_id=4817'><img loading=\"lazy\" decoding=\"async\" width=\"150\" height=\"150\" src=\"https:\/\/bibliotekamoscisko.pl\/wp-content\/uploads\/2017\/04\/DSC_0956-150x150.jpg\" class=\"attachment-thumbnail size-thumbnail\" alt=\"\" srcset=\"https:\/\/bibliotekamoscisko.pl\/wp-content\/uploads\/2017\/04\/DSC_0956-150x150.jpg 150w, https:\/\/bibliotekamoscisko.pl\/wp-content\/uploads\/2017\/04\/DSC_0956-1x1.jpg 1w\" sizes=\"(max-width: 150px) 100vw, 150px\" \/><\/a>\n\t\t\t<\/div><\/figure>\n\t\t<\/div>\n\n<p>M. K.<\/p>\n<p>Biblioteka w Tuszynie r\u00f3wnie\u017c wype\u0142ni\u0142a si\u0119 \u017conkilami, kt\u00f3rych szablony wci\u0105\u017c trzeba by\u0142o dodrukowywa\u0107 dla kolejnych ch\u0119tnych. Do pi\u0105tku dost\u0119pne by\u0142y wszystkie materia\u0142y zwi\u0105zane z tematem powstania w getcie warszawskim. Trudno by\u0142o zrobi\u0107 wsp\u00f3lne zdj\u0119cie naszym papierowym kwiatom &#8211; znika\u0142y za drzwiami biblioteki tu\u017c po z\u0142o\u017ceniu, przypi\u0119te do ubra\u0144.<\/p>\n<p><a href=\"http:\/\/bibliotekamoscisko.pl\/wp-content\/uploads\/2017\/04\/IMG_2770.jpg\"><img loading=\"lazy\" decoding=\"async\" class=\"aligncenter size-medium wp-image-4820\" src=\"http:\/\/bibliotekamoscisko.pl\/wp-content\/uploads\/2017\/04\/IMG_2770-300x224.jpg\" alt=\"IMG_2770\" width=\"300\" height=\"224\" srcset=\"https:\/\/bibliotekamoscisko.pl\/wp-content\/uploads\/2017\/04\/IMG_2770-300x224.jpg 300w, https:\/\/bibliotekamoscisko.pl\/wp-content\/uploads\/2017\/04\/IMG_2770-768x574.jpg 768w, https:\/\/bibliotekamoscisko.pl\/wp-content\/uploads\/2017\/04\/IMG_2770-1024x765.jpg 1024w, https:\/\/bibliotekamoscisko.pl\/wp-content\/uploads\/2017\/04\/IMG_2770-1x1.jpg 1w, https:\/\/bibliotekamoscisko.pl\/wp-content\/uploads\/2017\/04\/IMG_2770.jpg 1296w\" sizes=\"(max-width: 300px) 100vw, 300px\" \/><\/a><\/p>\n<p>D.W.<\/p>\n","protected":false},"excerpt":{"rendered":"<p>Film Kamy Veymont ,,Nie by\u0142o \u017cadnej nadziei. Powstanie w getcie warszawskim 1943&#8243; wy\u015bwietlony w bibliotece w Ostroszowicach\u00a0 poruszy\u0142 m\u0142odych widz\u00f3w do g\u0142\u0119bi. Wzruszy\u0142am si\u0119 i pop\u0142aka\u0142am podczas filmu.\u00a0Jak by\u0142am w [&hellip;]<\/p>\n","protected":false},"author":1,"featured_media":0,"comment_status":"closed","ping_status":"open","sticky":false,"template":"","format":"standard","meta":{"ngg_post_thumbnail":0,"footnotes":""},"categories":[1],"tags":[],"class_list":["post-4811","post","type-post","status-publish","format-standard","hentry","category-uncategorized"],"_links":{"self":[{"href":"https:\/\/bibliotekamoscisko.pl\/index.php?rest_route=\/wp\/v2\/posts\/4811","targetHints":{"allow":["GET"]}}],"collection":[{"href":"https:\/\/bibliotekamoscisko.pl\/index.php?rest_route=\/wp\/v2\/posts"}],"about":[{"href":"https:\/\/bibliotekamoscisko.pl\/index.php?rest_route=\/wp\/v2\/types\/post"}],"author":[{"embeddable":true,"href":"https:\/\/bibliotekamoscisko.pl\/index.php?rest_route=\/wp\/v2\/users\/1"}],"replies":[{"embeddable":true,"href":"https:\/\/bibliotekamoscisko.pl\/index.php?rest_route=%2Fwp%2Fv2%2Fcomments&post=4811"}],"version-history":[{"count":1,"href":"https:\/\/bibliotekamoscisko.pl\/index.php?rest_route=\/wp\/v2\/posts\/4811\/revisions"}],"predecessor-version":[{"id":4821,"href":"https:\/\/bibliotekamoscisko.pl\/index.php?rest_route=\/wp\/v2\/posts\/4811\/revisions\/4821"}],"wp:attachment":[{"href":"https:\/\/bibliotekamoscisko.pl\/index.php?rest_route=%2Fwp%2Fv2%2Fmedia&parent=4811"}],"wp:term":[{"taxonomy":"category","embeddable":true,"href":"https:\/\/bibliotekamoscisko.pl\/index.php?rest_route=%2Fwp%2Fv2%2Fcategories&post=4811"},{"taxonomy":"post_tag","embeddable":true,"href":"https:\/\/bibliotekamoscisko.pl\/index.php?rest_route=%2Fwp%2Fv2%2Ftags&post=4811"}],"curies":[{"name":"wp","href":"https:\/\/api.w.org\/{rel}","templated":true}]}}