{"id":4822,"date":"2017-04-21T12:28:53","date_gmt":"2017-04-21T12:28:53","guid":{"rendered":"http:\/\/bibliotekamoscisko.pl\/?p=4822"},"modified":"2017-04-21T12:28:53","modified_gmt":"2017-04-21T12:28:53","slug":"19-kwietnia-pamietamy","status":"publish","type":"post","link":"https:\/\/bibliotekamoscisko.pl\/?p=4822","title":{"rendered":"19 kwietnia &#8211; pami\u0119tamy"},"content":{"rendered":"<p><strong>\u00a0\u00a0<\/strong>19 kwietnia 2017 roku delegacja z\u0142o\u017cona z przedstawicieli Biblioteki Publicznej Gminy Dzier\u017coni\u00f3w im. W\u0142adys\u0142awa Reymonta, Saloniku Kobiet Ambitnych oraz Stowarzyszenia Przyjaci\u00f3\u0142 G\u00f3r Sowich w Ostroszowicach z\u0142o\u017cy\u0142a kwiaty przy pomniku pod Synagog\u0105 w Dzier\u017coniowie, oddaj\u0105c ho\u0142d bohaterom powstania w getcie warszawskim, dla kt\u00f3rych\u00a0dokonanie wyboru mi\u0119dzy \u017cyciem a \u015bmierci\u0105 by\u0142o ostatni\u0105 szans\u0105 zachowania godno\u015bci.<\/p>\n<p><a href=\"http:\/\/bibliotekamoscisko.pl\/wp-content\/uploads\/2017\/04\/DSC_0974.jpg\"><img fetchpriority=\"high\" decoding=\"async\" class=\"aligncenter size-medium wp-image-4818\" src=\"http:\/\/bibliotekamoscisko.pl\/wp-content\/uploads\/2017\/04\/DSC_0974-300x201.jpg\" alt=\"DSC_0974\" width=\"300\" height=\"201\" srcset=\"https:\/\/bibliotekamoscisko.pl\/wp-content\/uploads\/2017\/04\/DSC_0974-300x201.jpg 300w, https:\/\/bibliotekamoscisko.pl\/wp-content\/uploads\/2017\/04\/DSC_0974-768x513.jpg 768w, https:\/\/bibliotekamoscisko.pl\/wp-content\/uploads\/2017\/04\/DSC_0974-1024x684.jpg 1024w, https:\/\/bibliotekamoscisko.pl\/wp-content\/uploads\/2017\/04\/DSC_0974-1x1.jpg 1w\" sizes=\"(max-width: 300px) 100vw, 300px\" \/><\/a><\/p>\n<p>Maria Kirkierwicz<\/p>\n","protected":false},"excerpt":{"rendered":"<p>\u00a0\u00a019 kwietnia 2017 roku delegacja z\u0142o\u017cona z przedstawicieli Biblioteki Publicznej Gminy Dzier\u017coni\u00f3w im. W\u0142adys\u0142awa Reymonta, Saloniku Kobiet Ambitnych oraz Stowarzyszenia Przyjaci\u00f3\u0142 G\u00f3r Sowich w Ostroszowicach z\u0142o\u017cy\u0142a kwiaty przy pomniku pod [&hellip;]<\/p>\n","protected":false},"author":1,"featured_media":0,"comment_status":"closed","ping_status":"open","sticky":false,"template":"","format":"standard","meta":{"ngg_post_thumbnail":0,"footnotes":""},"categories":[1],"tags":[],"class_list":["post-4822","post","type-post","status-publish","format-standard","hentry","category-uncategorized"],"_links":{"self":[{"href":"https:\/\/bibliotekamoscisko.pl\/index.php?rest_route=\/wp\/v2\/posts\/4822","targetHints":{"allow":["GET"]}}],"collection":[{"href":"https:\/\/bibliotekamoscisko.pl\/index.php?rest_route=\/wp\/v2\/posts"}],"about":[{"href":"https:\/\/bibliotekamoscisko.pl\/index.php?rest_route=\/wp\/v2\/types\/post"}],"author":[{"embeddable":true,"href":"https:\/\/bibliotekamoscisko.pl\/index.php?rest_route=\/wp\/v2\/users\/1"}],"replies":[{"embeddable":true,"href":"https:\/\/bibliotekamoscisko.pl\/index.php?rest_route=%2Fwp%2Fv2%2Fcomments&post=4822"}],"version-history":[{"count":1,"href":"https:\/\/bibliotekamoscisko.pl\/index.php?rest_route=\/wp\/v2\/posts\/4822\/revisions"}],"predecessor-version":[{"id":4823,"href":"https:\/\/bibliotekamoscisko.pl\/index.php?rest_route=\/wp\/v2\/posts\/4822\/revisions\/4823"}],"wp:attachment":[{"href":"https:\/\/bibliotekamoscisko.pl\/index.php?rest_route=%2Fwp%2Fv2%2Fmedia&parent=4822"}],"wp:term":[{"taxonomy":"category","embeddable":true,"href":"https:\/\/bibliotekamoscisko.pl\/index.php?rest_route=%2Fwp%2Fv2%2Fcategories&post=4822"},{"taxonomy":"post_tag","embeddable":true,"href":"https:\/\/bibliotekamoscisko.pl\/index.php?rest_route=%2Fwp%2Fv2%2Ftags&post=4822"}],"curies":[{"name":"wp","href":"https:\/\/api.w.org\/{rel}","templated":true}]}}