{"id":4933,"date":"2017-05-12T12:08:44","date_gmt":"2017-05-12T12:08:44","guid":{"rendered":"http:\/\/bibliotekamoscisko.pl\/?p=4933"},"modified":"2017-05-12T12:09:59","modified_gmt":"2017-05-12T12:09:59","slug":"haslo-biblioteka-oczywiscie","status":"publish","type":"post","link":"https:\/\/bibliotekamoscisko.pl\/?p=4933","title":{"rendered":"Has\u0142o: Biblioteka. Oczywi\u015bcie!"},"content":{"rendered":"<p style=\"text-align: center;\"><strong>Dostojnie i uroczy\u015bcie uczcili\u015bmy kolejny dzie\u0144 Tygodnia Bibliotek<\/strong><\/p>\n<p style=\"text-align: center;\"><strong>w Ostroszowicach \u015bpiewaj\u0105c Hymn Ksi\u0105\u017cki UNESCO.<\/strong><\/p>\n<p style=\"text-align: center;\"><strong>Has\u0142o: Biblioteka. Oczywi\u015bcie! dowiod\u0142o, \u017ce w bibliotece dziej\u0105 si\u0119 rzeczy niebanalne i pi\u0119kne.<\/strong><\/p>\n<p>&nbsp;<\/p>\n<p>\u015awiatowy Hymn Ksi\u0105\u017cki to projekt \u015awiatowej Stolicy Ksi\u0105\u017cki UNESCO Wroc\u0142aw 2016, kt\u00f3ry \u0142\u0105czy czytelnik\u00f3w na ca\u0142ym \u015bwiecie. Podczas Literackiego Woodstocku, kt\u00f3ry odby\u0142 si\u0119 w 2016 roku we Wroc\u0142awiu, przedstawiciele Dyskusyjnego Klubu Ksi\u0105\u017cki w Ostroszowicach mieli okazj\u0119 uczestniczy\u0107 w premierze tego hymnu. Wiersz\u00a0<em>W\u0142osek poety<\/em>\u00a0autorstwa Tadeusza R\u00f3\u017cewicza m\u00f3wi o roli i sile literatury symbolizowanej przez g\u0142os poety i stanowi tre\u015b\u0107 hymnu. Muzyk\u0119 stworzy\u0142 Jan Kanty Pawlu\u015bkiewicz, wybitny i wszechstronny polski kompozytor muzyki powa\u017cnej, piosenek i muzyki filmowej.<\/p>\n<p>10 maja w ostroszowickiej bibliotece odby\u0142y si\u0119 warsztaty \u015bpiewu Hymnu Ksi\u0105\u017cki. Uczniowie klasy pi\u0105tej z nauczycielk\u0105 \u015bpiewu El\u017cbiet\u0105 Juziuk-Janick\u0105 z ogromnym przej\u0119ciem przyst\u0105pili do pracy nad tym trudnym utworem. \u0106wiczenia emisyjne g\u0142osu, w\u0142a\u015bciwe odczytanie notacji muzycznej, a tak\u017ce rozumienie tekstu utworu spowodowa\u0142y \u017ce ch\u00f3ralny \u015bpiew sprawia\u0142 wszystkim prawdziw\u0105 frajd\u0119. Mo\u017ce w\u0142a\u015bnie dlatego w ko\u0144cowej fazie spotkania wykonanie tego Hymnu zabrzmia\u0142o imponuj\u0105co. Pi\u0119kne chwile prze\u017cywali\u015bmy, gdy przechodz\u0105cy obok biblioteki mieszka\u0144cy zatrzymywali si\u0119, by pos\u0142ucha\u0107 niecodziennego g\u0142osu poety.<\/p>\n<h4><em>,,Poeta to na pewno kto\u015b<\/em><\/h4>\n<h4 style=\"text-align: left;\"><em>S\u0142uchajcie g\u0142osu poety<\/em><\/h4>\n<h4 style=\"text-align: left;\"><em>Cho\u0107by ten g\u0142os<\/em><\/h4>\n<h4 style=\"text-align: left;\"><em>by\u0142 cienki jak w\u0142os<\/em><\/h4>\n<h4 style=\"text-align: left;\"><em>Jak jeden w\u0142os Julietty..&#8221;<\/em><\/h4>\n<div id='gallery-1' class='gallery galleryid-4933 gallery-columns-3 gallery-size-thumbnail'><figure class='gallery-item'>\n\t\t\t<div class='gallery-icon landscape'>\n\t\t\t\t<a href='https:\/\/bibliotekamoscisko.pl\/?attachment_id=4934'><img decoding=\"async\" width=\"150\" height=\"150\" src=\"https:\/\/bibliotekamoscisko.pl\/wp-content\/uploads\/2017\/05\/hymn-Ostro1-150x150.jpg\" class=\"attachment-thumbnail size-thumbnail\" alt=\"\" srcset=\"https:\/\/bibliotekamoscisko.pl\/wp-content\/uploads\/2017\/05\/hymn-Ostro1-150x150.jpg 150w, https:\/\/bibliotekamoscisko.pl\/wp-content\/uploads\/2017\/05\/hymn-Ostro1-1x1.jpg 1w\" sizes=\"(max-width: 150px) 100vw, 150px\" \/><\/a>\n\t\t\t<\/div><\/figure><figure class='gallery-item'>\n\t\t\t<div class='gallery-icon landscape'>\n\t\t\t\t<a href='https:\/\/bibliotekamoscisko.pl\/?attachment_id=4935'><img decoding=\"async\" width=\"150\" height=\"150\" src=\"https:\/\/bibliotekamoscisko.pl\/wp-content\/uploads\/2017\/05\/hymn-Ostro2-150x150.jpg\" class=\"attachment-thumbnail size-thumbnail\" alt=\"\" srcset=\"https:\/\/bibliotekamoscisko.pl\/wp-content\/uploads\/2017\/05\/hymn-Ostro2-150x150.jpg 150w, https:\/\/bibliotekamoscisko.pl\/wp-content\/uploads\/2017\/05\/hymn-Ostro2-1x1.jpg 1w\" sizes=\"(max-width: 150px) 100vw, 150px\" \/><\/a>\n\t\t\t<\/div><\/figure><figure class='gallery-item'>\n\t\t\t<div class='gallery-icon landscape'>\n\t\t\t\t<a href='https:\/\/bibliotekamoscisko.pl\/?attachment_id=4936'><img decoding=\"async\" width=\"150\" height=\"150\" src=\"https:\/\/bibliotekamoscisko.pl\/wp-content\/uploads\/2017\/05\/hymn-Ostro3-150x150.jpg\" class=\"attachment-thumbnail size-thumbnail\" alt=\"\" srcset=\"https:\/\/bibliotekamoscisko.pl\/wp-content\/uploads\/2017\/05\/hymn-Ostro3-150x150.jpg 150w, https:\/\/bibliotekamoscisko.pl\/wp-content\/uploads\/2017\/05\/hymn-Ostro3-1x1.jpg 1w\" sizes=\"(max-width: 150px) 100vw, 150px\" \/><\/a>\n\t\t\t<\/div><\/figure>\n\t\t<\/div>\n\n<p>M.K.<\/p>\n<h3><span style=\"color: #0000ff;\"><a style=\"color: #0000ff;\" href=\"https:\/\/www.youtube.com\/watch?v=BCjRDBt3Gok\">Pos\u0142uchaj<\/a>\u00a0hymnu<\/span><\/h3>\n","protected":false},"excerpt":{"rendered":"<p>Dostojnie i uroczy\u015bcie uczcili\u015bmy kolejny dzie\u0144 Tygodnia Bibliotek w Ostroszowicach \u015bpiewaj\u0105c Hymn Ksi\u0105\u017cki UNESCO. Has\u0142o: Biblioteka. Oczywi\u015bcie! dowiod\u0142o, \u017ce w bibliotece dziej\u0105 si\u0119 rzeczy niebanalne i pi\u0119kne. &nbsp; \u015awiatowy Hymn [&hellip;]<\/p>\n","protected":false},"author":1,"featured_media":0,"comment_status":"closed","ping_status":"open","sticky":false,"template":"","format":"standard","meta":{"ngg_post_thumbnail":0,"footnotes":""},"categories":[1],"tags":[],"class_list":["post-4933","post","type-post","status-publish","format-standard","hentry","category-uncategorized"],"_links":{"self":[{"href":"https:\/\/bibliotekamoscisko.pl\/index.php?rest_route=\/wp\/v2\/posts\/4933","targetHints":{"allow":["GET"]}}],"collection":[{"href":"https:\/\/bibliotekamoscisko.pl\/index.php?rest_route=\/wp\/v2\/posts"}],"about":[{"href":"https:\/\/bibliotekamoscisko.pl\/index.php?rest_route=\/wp\/v2\/types\/post"}],"author":[{"embeddable":true,"href":"https:\/\/bibliotekamoscisko.pl\/index.php?rest_route=\/wp\/v2\/users\/1"}],"replies":[{"embeddable":true,"href":"https:\/\/bibliotekamoscisko.pl\/index.php?rest_route=%2Fwp%2Fv2%2Fcomments&post=4933"}],"version-history":[{"count":3,"href":"https:\/\/bibliotekamoscisko.pl\/index.php?rest_route=\/wp\/v2\/posts\/4933\/revisions"}],"predecessor-version":[{"id":4939,"href":"https:\/\/bibliotekamoscisko.pl\/index.php?rest_route=\/wp\/v2\/posts\/4933\/revisions\/4939"}],"wp:attachment":[{"href":"https:\/\/bibliotekamoscisko.pl\/index.php?rest_route=%2Fwp%2Fv2%2Fmedia&parent=4933"}],"wp:term":[{"taxonomy":"category","embeddable":true,"href":"https:\/\/bibliotekamoscisko.pl\/index.php?rest_route=%2Fwp%2Fv2%2Fcategories&post=4933"},{"taxonomy":"post_tag","embeddable":true,"href":"https:\/\/bibliotekamoscisko.pl\/index.php?rest_route=%2Fwp%2Fv2%2Ftags&post=4933"}],"curies":[{"name":"wp","href":"https:\/\/api.w.org\/{rel}","templated":true}]}}