{"id":4966,"date":"2017-05-16T09:04:59","date_gmt":"2017-05-16T09:04:59","guid":{"rendered":"http:\/\/bibliotekamoscisko.pl\/?p=4966"},"modified":"2017-05-16T09:04:59","modified_gmt":"2017-05-16T09:04:59","slug":"z-ksiazka-na-walizkach","status":"publish","type":"post","link":"https:\/\/bibliotekamoscisko.pl\/?p=4966","title":{"rendered":"Z ksi\u0105\u017ck\u0105 na walizkach"},"content":{"rendered":"<h3 style=\"text-align: center;\"><span style=\"color: #0000ff;\">Przypominam o trwaj\u0105cym konkursie plastycznym! Warto wzi\u0105\u0107 do r\u0119ki o\u0142\u00f3wek, kredki i farby!<\/span><\/h3>\n<p><a href=\"http:\/\/bibliotekamoscisko.pl\/wp-content\/uploads\/2017\/05\/plakat-walizki-XIV-dla-bibliotek.jpg\"><img fetchpriority=\"high\" decoding=\"async\" class=\"alignright size-medium wp-image-4967\" src=\"http:\/\/bibliotekamoscisko.pl\/wp-content\/uploads\/2017\/05\/plakat-walizki-XIV-dla-bibliotek-210x300.jpg\" alt=\"plakat walizki XIV - dla bibliotek\" width=\"210\" height=\"300\" srcset=\"https:\/\/bibliotekamoscisko.pl\/wp-content\/uploads\/2017\/05\/plakat-walizki-XIV-dla-bibliotek-210x300.jpg 210w, https:\/\/bibliotekamoscisko.pl\/wp-content\/uploads\/2017\/05\/plakat-walizki-XIV-dla-bibliotek-768x1097.jpg 768w, https:\/\/bibliotekamoscisko.pl\/wp-content\/uploads\/2017\/05\/plakat-walizki-XIV-dla-bibliotek-717x1024.jpg 717w, https:\/\/bibliotekamoscisko.pl\/wp-content\/uploads\/2017\/05\/plakat-walizki-XIV-dla-bibliotek-1x1.jpg 1w\" sizes=\"(max-width: 210px) 100vw, 210px\" \/><\/a><a href=\"http:\/\/bibliotekamoscisko.pl\/wp-content\/uploads\/2017\/05\/KONKURS-plastyczno-literacki-A-to-historia-regulamin-plakat.jpg\"><img decoding=\"async\" class=\"alignright size-full wp-image-4968\" src=\"http:\/\/bibliotekamoscisko.pl\/wp-content\/uploads\/2017\/05\/KONKURS-plastyczno-literacki-A-to-historia-regulamin-plakat.jpg\" alt=\"KONKURS plastyczno-literacki - A to historia - regulamin -plakat\" width=\"1643\" height=\"2338\" srcset=\"https:\/\/bibliotekamoscisko.pl\/wp-content\/uploads\/2017\/05\/KONKURS-plastyczno-literacki-A-to-historia-regulamin-plakat.jpg 1643w, https:\/\/bibliotekamoscisko.pl\/wp-content\/uploads\/2017\/05\/KONKURS-plastyczno-literacki-A-to-historia-regulamin-plakat-211x300.jpg 211w, https:\/\/bibliotekamoscisko.pl\/wp-content\/uploads\/2017\/05\/KONKURS-plastyczno-literacki-A-to-historia-regulamin-plakat-768x1093.jpg 768w, https:\/\/bibliotekamoscisko.pl\/wp-content\/uploads\/2017\/05\/KONKURS-plastyczno-literacki-A-to-historia-regulamin-plakat-720x1024.jpg 720w, https:\/\/bibliotekamoscisko.pl\/wp-content\/uploads\/2017\/05\/KONKURS-plastyczno-literacki-A-to-historia-regulamin-plakat-1x1.jpg 1w\" sizes=\"(max-width: 1643px) 100vw, 1643px\" \/><\/a>To ju\u017c 14. edycja projektu. Has\u0142o tegorocznej walizki brzmi A TO HISTORIA!<br \/>\nW ci\u0105g trzech dni odb\u0119dzie si\u0119 77 spotka\u0144 z m\u0142odymi czytelnikami, kt\u00f3re mamy nadzieje&#8230; przejd\u0105 do historii!<\/p>\n<p>W tym roku biblioteka w Mo\u015bcisku r\u00f3wnie\u017c bierze udzia\u0142 w tym nietypowym wydarzeniu. \u00a0 \u00a0 \u00a0 \u00a0 \u00a0 \u00a0 9 czerwca odwiedzi nas\u00a0<strong>Renata Pi\u0105tkowska.<\/strong>\u00a0Autorka ma na swoim koncie blisko 30 tytu\u0142\u00f3w, m. in. \u201eOpowiadania dla przedszkolak\u00f3w\u201d, \u201eOpowiadania z piaskownicy\u201d, \u201eNie ma nudnych dni\u201d, \u201eSzcz\u0119\u015bcie \u015bpi na lewym boku\u201d, \u201eMruk\u201d, \u201eKt\u00f3ra to Malala?\u201d. Jest r\u00f3wnie\u017c laureatk\u0105 wielu presti\u017cowych nagr\u00f3d, a kilka jej ksi\u0105\u017cek znajduje si\u0119 na Z\u0142otej Li\u015bcie Fundacji ABC \u201eCa\u0142a Polska czyta dzieciom\u201d.<\/p>\n<p>Szczeg\u00f3\u0142y wkr\u00f3tce!<\/p>\n<p>&nbsp;<\/p>\n<p><strong>Projekt dofinansowano ze \u015brodk\u00f3w Ministra Kultury i Dziedzictwa Narodowego oraz Samorz\u0105d\u00f3w Wojew\u00f3dztwa Dolno\u015bl\u0105skiego, Gminy Wo\u0142\u00f3w i Powiatu Wo\u0142owskiego.<\/strong><\/p>\n<p>&nbsp;<\/p>\n","protected":false},"excerpt":{"rendered":"<p>Przypominam o trwaj\u0105cym konkursie plastycznym! Warto wzi\u0105\u0107 do r\u0119ki o\u0142\u00f3wek, kredki i farby! To ju\u017c 14. edycja projektu. Has\u0142o tegorocznej walizki brzmi A TO HISTORIA! W ci\u0105g trzech dni odb\u0119dzie [&hellip;]<\/p>\n","protected":false},"author":1,"featured_media":0,"comment_status":"closed","ping_status":"open","sticky":false,"template":"","format":"standard","meta":{"ngg_post_thumbnail":0,"footnotes":""},"categories":[1],"tags":[],"class_list":["post-4966","post","type-post","status-publish","format-standard","hentry","category-uncategorized"],"_links":{"self":[{"href":"https:\/\/bibliotekamoscisko.pl\/index.php?rest_route=\/wp\/v2\/posts\/4966","targetHints":{"allow":["GET"]}}],"collection":[{"href":"https:\/\/bibliotekamoscisko.pl\/index.php?rest_route=\/wp\/v2\/posts"}],"about":[{"href":"https:\/\/bibliotekamoscisko.pl\/index.php?rest_route=\/wp\/v2\/types\/post"}],"author":[{"embeddable":true,"href":"https:\/\/bibliotekamoscisko.pl\/index.php?rest_route=\/wp\/v2\/users\/1"}],"replies":[{"embeddable":true,"href":"https:\/\/bibliotekamoscisko.pl\/index.php?rest_route=%2Fwp%2Fv2%2Fcomments&post=4966"}],"version-history":[{"count":1,"href":"https:\/\/bibliotekamoscisko.pl\/index.php?rest_route=\/wp\/v2\/posts\/4966\/revisions"}],"predecessor-version":[{"id":4969,"href":"https:\/\/bibliotekamoscisko.pl\/index.php?rest_route=\/wp\/v2\/posts\/4966\/revisions\/4969"}],"wp:attachment":[{"href":"https:\/\/bibliotekamoscisko.pl\/index.php?rest_route=%2Fwp%2Fv2%2Fmedia&parent=4966"}],"wp:term":[{"taxonomy":"category","embeddable":true,"href":"https:\/\/bibliotekamoscisko.pl\/index.php?rest_route=%2Fwp%2Fv2%2Fcategories&post=4966"},{"taxonomy":"post_tag","embeddable":true,"href":"https:\/\/bibliotekamoscisko.pl\/index.php?rest_route=%2Fwp%2Fv2%2Ftags&post=4966"}],"curies":[{"name":"wp","href":"https:\/\/api.w.org\/{rel}","templated":true}]}}