{"id":498,"date":"2014-05-21T07:31:07","date_gmt":"2014-05-21T07:31:07","guid":{"rendered":"http:\/\/bibliotekamoscisko.pl\/?p=498"},"modified":"2014-05-21T07:44:32","modified_gmt":"2014-05-21T07:44:32","slug":"miedzynarodowe-obchody-dnia-rodziny","status":"publish","type":"post","link":"https:\/\/bibliotekamoscisko.pl\/?p=498","title":{"rendered":"Mi\u0119dzynarodowe Obchody Dnia Rodziny"},"content":{"rendered":"<p><strong>Salonik Kobiet Ambitnych<\/strong><\/p>\n<p><strong><em>\u00a0 \u00a0&#8222;Niby nic, a tak to si\u0119 zacz\u0119\u0142o, niby nic, zwyczajne &#8222;pa pa pa&#8221;. Jest w orkiestrach d\u0119tych jaka\u015b si\u0142a, bo to by\u0142o tak&#8230; &#8222;<\/em><\/strong><\/p>\n<p>Jak\u017ce mocno s\u0142owa piosenki \u015bpiewanej przez Halin\u0119 Kunick\u0105 mogli prze\u017cy\u0107 uczestnicy spotkania, kt\u00f3re odby\u0142o si\u0119 16 maja 2014 roku w Ostroszowicach z okazji\u00a0<strong>Gminnych Obchod\u00f3w Mi\u0119dzynarodowego Dnia Rodzin.<\/strong><\/p>\n<p>Spotkanie zorganizowane zosta\u0142o przez Panie nale\u017c\u0105ce do grupy teatralnej &#8222;Salonik Kobiet Ambitnych&#8221; dzia\u0142aj\u0105cej przy bibliotece w Ostroszowicach. Tym samym Panie, z w\u0142asnej inicjatywy, w\u0142\u0105czy\u0142y si\u0119 w Mi\u0119dzynarodowe Obchody Dnia Rodziny i odpowiedzia\u0142y na zaproszenie Pary Prezydenckiej Anny i Bronis\u0142awa Komorowskich.<\/p>\n<p>&nbsp;<\/p>\n<div id='gallery-1' class='gallery galleryid-498 gallery-columns-3 gallery-size-thumbnail'><figure class='gallery-item'>\n\t\t\t<div class='gallery-icon landscape'>\n\t\t\t\t<a href='https:\/\/bibliotekamoscisko.pl\/?attachment_id=505'><img decoding=\"async\" width=\"150\" height=\"138\" src=\"https:\/\/bibliotekamoscisko.pl\/wp-content\/uploads\/2014\/05\/DSC_0457-150x138.jpg\" class=\"attachment-thumbnail size-thumbnail\" alt=\"\" \/><\/a>\n\t\t\t<\/div><\/figure><figure class='gallery-item'>\n\t\t\t<div class='gallery-icon landscape'>\n\t\t\t\t<a href='https:\/\/bibliotekamoscisko.pl\/?attachment_id=508'><img decoding=\"async\" width=\"150\" height=\"124\" src=\"https:\/\/bibliotekamoscisko.pl\/wp-content\/uploads\/2014\/05\/DSC_0491-150x124.jpg\" class=\"attachment-thumbnail size-thumbnail\" alt=\"\" \/><\/a>\n\t\t\t<\/div><\/figure><figure class='gallery-item'>\n\t\t\t<div class='gallery-icon landscape'>\n\t\t\t\t<a href='https:\/\/bibliotekamoscisko.pl\/?attachment_id=509'><img decoding=\"async\" width=\"150\" height=\"127\" src=\"https:\/\/bibliotekamoscisko.pl\/wp-content\/uploads\/2014\/05\/DSC_0528-150x127.jpg\" class=\"attachment-thumbnail size-thumbnail\" alt=\"\" \/><\/a>\n\t\t\t<\/div><\/figure>\n\t\t<\/div>\n\n<p>Do wsp\u00f3\u0142pracy przy organizacji rodzinnej imprezy Ambitne Kobiety zaanga\u017cowa\u0142y:<br \/>\nw\u00f3jta Gminy Dzier\u017coni\u00f3w i Bibliotek\u0119 Publiczn\u0105 Gminy Dzier\u017coni\u00f3w, Wysp\u0119 Koni Ostroszowice, so\u0142tysa wsi Ostroszowice, lokalne grupy dzia\u0142ania, Ochotnicz\u0105 Stra\u017c Po\u017carn\u0105 z Ostroszowic, nauczycieli Zespo\u0142u Szkolno-Przedszkolnego w Ostroszowicach, Prezesa Ostroszowickiej Fabryki Mebli.<br \/>\nOczywi\u015bcie nikt nie zawi\u00f3d\u0142&#8230; Mimo deszczu najwa\u017cniejsi &#8211; czyli Rodziny &#8211; przyby\u0142y na spotkanie. Dotarli najwi\u0119ksi mi\u0142o\u015bnicy dzia\u0142a\u0144 niebanalnych. Go\u015bcili\u015bmy przyjaci\u00f3\u0142 z pobliskich miejscowo\u015bci oraz w\u0142adze Gminy w osobach: Pana W\u00f3jta Marka Chmielewskiego i pani Wicew\u00f3jt Jolanty Zarzeki.\u00a0 By\u0142a Pani Dyrektor Biblioteki Publicznej Gminy Dzier\u017coni\u00f3w &#8211; Justyna Kaczorowska, dotar\u0142 Prezes Ostroszowickiej Fabryki Mebli &#8211; Pan Ryszard Podolski. Jak zwykle mogli\u015bmy liczy\u0107 na ch\u0142opak\u00f3w z Ochotniczej Stra\u017cy Po\u017carnej w Ostroszowicach z Komendantem Robertem Rosiakiem na czele oraz na najwa\u017cniejsz\u0105 osob\u0119 we wsi czyli So\u0142tysa Krzysztofa Krupiarza.<\/p>\n<p>Spotkanie rozpocz\u0119to od obejrzenia kr\u00f3tkiego filmu jaki wp\u0142yn\u0105\u0142 z Kancelarii Prezydenta z przes\u0142aniem Pary Prezydenckiej na temat Rodziny i roli jak\u0105 powinna ona pe\u0142ni\u0107 w \u017cyciu ka\u017cdego cz\u0142owieka.<br \/>\nNast\u0119pnie panie z Saloniku Kobiet Ambitnych, w swoim debiutanckim wyst\u0119pie, przedstawi\u0142y &#8222;Rodzin\u0119 w poezji, piosence i sztuce&#8230;&#8221; Zebrani us\u0142yszeli wiersze i piosenki w ich wykonaniu. Mogli obejrze\u0107 przygotowan\u0105 przez nie prezentacj\u0119 multimedialn\u0105 na temat Rodziny w sztuce. Ca\u0142y program przedstawiony by\u0142 w pi\u0119knej scenerii i zosta\u0142 bardzo ciep\u0142o przyj\u0119ty.<br \/>\nG\u0142\u00f3wn\u0105 atrakcj\u0105 tego spotkania by\u0142 koncert Orkiestry D\u0119tej Komendy Wojew\u00f3dzkiej Policji we Wroc\u0142awiu. Koncert okaza\u0142 si\u0119 dla obecnych niesamowitym doznaniem. Pr\u00f3cz standardowego programu orkiestra gra\u0142a utwory na \u017cyczenie widowni. Publiczno\u015b\u0107 dzi\u0119kowa\u0142a graj\u0105cym owacjami na stoj\u0105co.<br \/>\nSalwy \u015bmiechu wywo\u0142a\u0142a recytacja wiersza Juliana Tuwima pt. Rzepka, kt\u00f3ra zosta\u0142a animowana z udzia\u0142em publiczno\u015bci.<br \/>\nSpotkanie zako\u0144czy\u0142 pokaz ratownictwa medycznego w wykonaniu studenta Ratownictwa Medycznego Aleksandra Jungmanna, kt\u00f3ry\u00a0 zebrani obejrzeli z du\u017cym zainteresowaniem.<\/p>\n<p>Dobrze sp\u0119dzony czas z Rodzinami w Ostroszowicach podczas ulewnego deszczu u\u015bwiadomi\u0142 wszystkim, \u017ce\u00a0<strong>w Rodzinie drzemie ogromna si\u0142a<\/strong>. Tego wieczoru byli\u015bmy razem, bo &#8222;<strong>W NASZEJ GMINIE JAK W RODZINIE&#8221;<\/strong>\u00a0jak widnia\u0142o na jednym z wykonanych w\u0142asnor\u0119cznie plakat\u00f3w. Mamy wspania\u0142e wspomnienia i obiecali\u015bmy sobie, \u017ce za rok znowu uczcimy to<br \/>\nwspania\u0142e \u015bwi\u0119to. Niech \u017ca\u0142uj\u0105 Ci, kt\u00f3rych nie by\u0142o&#8230;<\/p>\n<p>Maria Kirkiewicz<\/p>\n","protected":false},"excerpt":{"rendered":"<p>Salonik Kobiet Ambitnych \u00a0 \u00a0&#8222;Niby nic, a tak to si\u0119 zacz\u0119\u0142o, niby nic, zwyczajne &#8222;pa pa pa&#8221;. Jest w orkiestrach d\u0119tych jaka\u015b si\u0142a, bo to by\u0142o tak&#8230; &#8222; Jak\u017ce mocno [&hellip;]<\/p>\n","protected":false},"author":1,"featured_media":499,"comment_status":"open","ping_status":"open","sticky":false,"template":"","format":"standard","meta":{"ngg_post_thumbnail":0,"footnotes":""},"categories":[1],"tags":[],"class_list":["post-498","post","type-post","status-publish","format-standard","has-post-thumbnail","hentry","category-uncategorized"],"_links":{"self":[{"href":"https:\/\/bibliotekamoscisko.pl\/index.php?rest_route=\/wp\/v2\/posts\/498","targetHints":{"allow":["GET"]}}],"collection":[{"href":"https:\/\/bibliotekamoscisko.pl\/index.php?rest_route=\/wp\/v2\/posts"}],"about":[{"href":"https:\/\/bibliotekamoscisko.pl\/index.php?rest_route=\/wp\/v2\/types\/post"}],"author":[{"embeddable":true,"href":"https:\/\/bibliotekamoscisko.pl\/index.php?rest_route=\/wp\/v2\/users\/1"}],"replies":[{"embeddable":true,"href":"https:\/\/bibliotekamoscisko.pl\/index.php?rest_route=%2Fwp%2Fv2%2Fcomments&post=498"}],"version-history":[{"count":2,"href":"https:\/\/bibliotekamoscisko.pl\/index.php?rest_route=\/wp\/v2\/posts\/498\/revisions"}],"predecessor-version":[{"id":512,"href":"https:\/\/bibliotekamoscisko.pl\/index.php?rest_route=\/wp\/v2\/posts\/498\/revisions\/512"}],"wp:featuredmedia":[{"embeddable":true,"href":"https:\/\/bibliotekamoscisko.pl\/index.php?rest_route=\/wp\/v2\/media\/499"}],"wp:attachment":[{"href":"https:\/\/bibliotekamoscisko.pl\/index.php?rest_route=%2Fwp%2Fv2%2Fmedia&parent=498"}],"wp:term":[{"taxonomy":"category","embeddable":true,"href":"https:\/\/bibliotekamoscisko.pl\/index.php?rest_route=%2Fwp%2Fv2%2Fcategories&post=498"},{"taxonomy":"post_tag","embeddable":true,"href":"https:\/\/bibliotekamoscisko.pl\/index.php?rest_route=%2Fwp%2Fv2%2Ftags&post=498"}],"curies":[{"name":"wp","href":"https:\/\/api.w.org\/{rel}","templated":true}]}}