{"id":4998,"date":"2017-05-22T13:24:35","date_gmt":"2017-05-22T13:24:35","guid":{"rendered":"http:\/\/bibliotekamoscisko.pl\/?p=4998"},"modified":"2017-05-23T08:03:45","modified_gmt":"2017-05-23T08:03:45","slug":"konkurs-mamy-czas-ogloszenie-wynikow","status":"publish","type":"post","link":"https:\/\/bibliotekamoscisko.pl\/?p=4998","title":{"rendered":"Konkurs Mamy Czas &#8211; og\u0142oszenie wynik\u00f3w"},"content":{"rendered":"<h2 style=\"text-align: center;\"><strong>Kto zabierze swoj\u0105 Mam\u0119 do Zamku Ksi\u0105\u017c ???<\/strong><\/h2>\n<p><strong>Komisja postanowi\u0142a przyzna\u0107 nagrody w organizowanym przez Bibliotek\u0119 Publiczn\u0105 Gminy Dzier\u017coni\u00f3w im. W\u0142adys\u0142awa Reymonta konkursie literackim \u201eMamy Czas\u201d nast\u0119puj\u0105cym osobom:<a href=\"http:\/\/bibliotekamoscisko.pl\/wp-content\/uploads\/2017\/04\/Ksi\u0105\u017c.jpg\"><img decoding=\"async\" class=\"alignright size-thumbnail wp-image-4781\" src=\"http:\/\/bibliotekamoscisko.pl\/wp-content\/uploads\/2017\/04\/Ksi\u0105\u017c-150x150.jpg\" alt=\"Ksi\u0105\u017c\" width=\"150\" height=\"150\" srcset=\"https:\/\/bibliotekamoscisko.pl\/wp-content\/uploads\/2017\/04\/Ksi\u0105\u017c-150x150.jpg 150w, https:\/\/bibliotekamoscisko.pl\/wp-content\/uploads\/2017\/04\/Ksi\u0105\u017c-1x1.jpg 1w\" sizes=\"(max-width: 150px) 100vw, 150px\" \/><\/a><\/strong><\/p>\n<p>&nbsp;<\/p>\n<p><strong>\u00a0\u00a0\u00a0\u00a0\u00a0\u00a0\u00a0\u00a0\u00a0\u00a0\u00a0 \u00a0Ma\u0142gorzata Zag\u00f3rska<\/strong><\/p>\n<p><strong>\u00a0<\/strong><strong>\u00a0\u00a0\u00a0\u00a0\u00a0\u00a0\u00a0\u00a0\u00a0\u00a0\u00a0 \u00a0Antonina Gendasz<\/strong><\/p>\n<p><strong>\u00a0<\/strong><strong>\u00a0\u00a0\u00a0\u00a0\u00a0\u00a0\u00a0\u00a0\u00a0\u00a0\u00a0 \u00a0Karolina Turowska<\/strong><\/p>\n<p><strong>\u00a0 \u00a0 \u00a0 \u00a0 \u00a0 \u00a0 \u00a0 Natalia Nalewska<\/strong><\/p>\n<p><strong>\u00a0<\/strong><strong>\u00a0\u00a0\u00a0\u00a0\u00a0\u00a0\u00a0\u00a0\u00a0\u00a0\u00a0 \u00a0\u0141ukasz Florczak<\/strong><\/p>\n<p><strong>Nagrody, kt\u00f3rymi s\u0105 bilety wst\u0119pu dla dw\u00f3ch os\u00f3b (osoba doros\u0142a + dziecko) do Zamku Ksi\u0105\u017c, s\u0105 do odebrania w godzinach pracy Biblioteki w Mo\u015bcisku.<\/strong><\/p>\n<h2 style=\"text-align: center;\">\u00a0 <span style=\"text-decoration: underline;\"><span style=\"color: #339966; text-decoration: underline;\">\u00a0 <a style=\"color: #339966; text-decoration: underline;\" href=\"http:\/\/bibliotekamoscisko.pl\/wp-content\/uploads\/2017\/05\/nagrodzone-prace.pdf\" target=\"_blank\">nagrodzone prace &#8211; kliknij<\/a>\u00a0<\/span><\/span><\/h2>\n<p>Bardzo dzi\u0119kujemy opiekunom i nauczycielom za czas po\u015bwi\u0119cony dzieciom i przeprowadzenie dodatkowych zaj\u0119\u0107 zwi\u0105zanych z konkursem oraz Pani Krystynie Tercjak za bezinteresown\u0105 pomoc i zaanga\u017cowanie.<\/p>\n<h2 style=\"text-align: center;\"><span style=\"color: #3366ff;\"><strong>Nagrody ufundowane zosta\u0142y przez Zamek Ksi\u0105\u017c<\/strong><\/span><\/h2>\n<h2 style=\"text-align: center;\"><a href=\"http:\/\/bibliotekamoscisko.pl\/wp-content\/uploads\/2017\/05\/protok\u00f3\u0142-konkursu-Mamy-Czas-2017-1.pdf\">PROTOK\u00d3\u0141<\/a><\/h2>\n<p><strong>\u00a0<\/strong><\/p>\n","protected":false},"excerpt":{"rendered":"<p>Kto zabierze swoj\u0105 Mam\u0119 do Zamku Ksi\u0105\u017c ??? Komisja postanowi\u0142a przyzna\u0107 nagrody w organizowanym przez Bibliotek\u0119 Publiczn\u0105 Gminy Dzier\u017coni\u00f3w im. W\u0142adys\u0142awa Reymonta konkursie literackim \u201eMamy Czas\u201d nast\u0119puj\u0105cym osobom: &nbsp; \u00a0\u00a0\u00a0\u00a0\u00a0\u00a0\u00a0\u00a0\u00a0\u00a0\u00a0 [&hellip;]<\/p>\n","protected":false},"author":1,"featured_media":0,"comment_status":"closed","ping_status":"open","sticky":false,"template":"","format":"standard","meta":{"ngg_post_thumbnail":0,"footnotes":""},"categories":[1],"tags":[],"class_list":["post-4998","post","type-post","status-publish","format-standard","hentry","category-uncategorized"],"_links":{"self":[{"href":"https:\/\/bibliotekamoscisko.pl\/index.php?rest_route=\/wp\/v2\/posts\/4998","targetHints":{"allow":["GET"]}}],"collection":[{"href":"https:\/\/bibliotekamoscisko.pl\/index.php?rest_route=\/wp\/v2\/posts"}],"about":[{"href":"https:\/\/bibliotekamoscisko.pl\/index.php?rest_route=\/wp\/v2\/types\/post"}],"author":[{"embeddable":true,"href":"https:\/\/bibliotekamoscisko.pl\/index.php?rest_route=\/wp\/v2\/users\/1"}],"replies":[{"embeddable":true,"href":"https:\/\/bibliotekamoscisko.pl\/index.php?rest_route=%2Fwp%2Fv2%2Fcomments&post=4998"}],"version-history":[{"count":7,"href":"https:\/\/bibliotekamoscisko.pl\/index.php?rest_route=\/wp\/v2\/posts\/4998\/revisions"}],"predecessor-version":[{"id":5010,"href":"https:\/\/bibliotekamoscisko.pl\/index.php?rest_route=\/wp\/v2\/posts\/4998\/revisions\/5010"}],"wp:attachment":[{"href":"https:\/\/bibliotekamoscisko.pl\/index.php?rest_route=%2Fwp%2Fv2%2Fmedia&parent=4998"}],"wp:term":[{"taxonomy":"category","embeddable":true,"href":"https:\/\/bibliotekamoscisko.pl\/index.php?rest_route=%2Fwp%2Fv2%2Fcategories&post=4998"},{"taxonomy":"post_tag","embeddable":true,"href":"https:\/\/bibliotekamoscisko.pl\/index.php?rest_route=%2Fwp%2Fv2%2Ftags&post=4998"}],"curies":[{"name":"wp","href":"https:\/\/api.w.org\/{rel}","templated":true}]}}