{"id":5012,"date":"2017-05-27T10:58:53","date_gmt":"2017-05-27T10:58:53","guid":{"rendered":"http:\/\/bibliotekamoscisko.pl\/?p=5012"},"modified":"2017-05-27T11:20:44","modified_gmt":"2017-05-27T11:20:44","slug":"literackie-male-co-nieco-z-kubusiem-puchatkiem","status":"publish","type":"post","link":"https:\/\/bibliotekamoscisko.pl\/?p=5012","title":{"rendered":"Literackie ma\u0142e co nieco z Kubusiem Puchatkiem"},"content":{"rendered":"<h2 style=\"text-align: center;\">Od 27 maja zapraszamy do obejrzenia wystawy literackiej po\u015bwi\u0119conej postaci Kubusia Puchatka. Zorganizowana zosta\u0142a przez wydawnictwo Nasza Ksi\u0119garnia z okazji 90. urodzin misia.<\/h2>\n<p><em>Misia o Bardzo Ma\u0142ym Rozumku nikomu przedstawia\u0107 nie trzeba. Ka\u017cde dziecko wie, jak wygl\u0105da mi\u015b przytulanka, mi\u015b, z kt\u00f3rym \u0142atwiej si\u0119 zasypia, kt\u00f3ry cz\u0119sto bywa najlepszym przyjacielem i niestrudzonym towarzyszem zabaw.<\/em><em>Takiego w\u0142a\u015bnie misia mia\u0142 Christopher Robin \u2013 syn Alana Alexandra Milne\u2019a. To on zainspirowa\u0142 pisarza do stworzenia opowie\u015bci o Kubusiu Puchatku. Kubu\u015b najbardziej lubi historie o sobie samym, a motywacja jego dzia\u0142a\u0144 zwykle nie jest skomplikowana \u2013 mi\u015b zrobi wszystko, \u017ceby mie\u0107 pe\u0142en brzuszek. Najwa\u017cniejsze, \u017ceby w spi\u017carni nie zabrak\u0142o miodu! Puchatek jest te\u017c mistrzem w uk\u0142adaniu mruczanek \u2013 kr\u00f3tkich rymowanych historyjek, kt\u00f3re mo\u017cna mrucze\u0107 przy ka\u017cdej okazji.<\/em><\/p>\n<p><strong>Wystaw\u0119 mo\u017cna ogl\u0105da\u0107 w godz. 12:00-19:00 w czytelni Biblioteki Publicznej Gminy Dzier\u017coni\u00f3w im. W\u0142adys\u0142awa Reymonta do 3 lipca 2017 r.<\/strong><a href=\"http:\/\/bibliotekamoscisko.pl\/wp-content\/uploads\/2017\/05\/kubus-1-1.jpg\"><br \/>\n<\/a><\/p>\n<p><a href=\"http:\/\/bibliotekamoscisko.pl\/wp-content\/uploads\/2017\/05\/kubus-1-1.jpg\"><img fetchpriority=\"high\" decoding=\"async\" class=\"aligncenter size-full wp-image-5013\" src=\"http:\/\/bibliotekamoscisko.pl\/wp-content\/uploads\/2017\/05\/kubus-1-1.jpg\" alt=\"kubus 1 (1)\" width=\"700\" height=\"988\" srcset=\"https:\/\/bibliotekamoscisko.pl\/wp-content\/uploads\/2017\/05\/kubus-1-1.jpg 700w, https:\/\/bibliotekamoscisko.pl\/wp-content\/uploads\/2017\/05\/kubus-1-1-213x300.jpg 213w, https:\/\/bibliotekamoscisko.pl\/wp-content\/uploads\/2017\/05\/kubus-1-1-1x1.jpg 1w\" sizes=\"(max-width: 700px) 100vw, 700px\" \/><\/a><\/p>\n","protected":false},"excerpt":{"rendered":"<p>Od 27 maja zapraszamy do obejrzenia wystawy literackiej po\u015bwi\u0119conej postaci Kubusia Puchatka. Zorganizowana zosta\u0142a przez wydawnictwo Nasza Ksi\u0119garnia z okazji 90. urodzin misia. Misia o Bardzo Ma\u0142ym Rozumku nikomu przedstawia\u0107 [&hellip;]<\/p>\n","protected":false},"author":1,"featured_media":0,"comment_status":"closed","ping_status":"open","sticky":false,"template":"","format":"standard","meta":{"ngg_post_thumbnail":0,"footnotes":""},"categories":[1],"tags":[],"class_list":["post-5012","post","type-post","status-publish","format-standard","hentry","category-uncategorized"],"_links":{"self":[{"href":"https:\/\/bibliotekamoscisko.pl\/index.php?rest_route=\/wp\/v2\/posts\/5012","targetHints":{"allow":["GET"]}}],"collection":[{"href":"https:\/\/bibliotekamoscisko.pl\/index.php?rest_route=\/wp\/v2\/posts"}],"about":[{"href":"https:\/\/bibliotekamoscisko.pl\/index.php?rest_route=\/wp\/v2\/types\/post"}],"author":[{"embeddable":true,"href":"https:\/\/bibliotekamoscisko.pl\/index.php?rest_route=\/wp\/v2\/users\/1"}],"replies":[{"embeddable":true,"href":"https:\/\/bibliotekamoscisko.pl\/index.php?rest_route=%2Fwp%2Fv2%2Fcomments&post=5012"}],"version-history":[{"count":2,"href":"https:\/\/bibliotekamoscisko.pl\/index.php?rest_route=\/wp\/v2\/posts\/5012\/revisions"}],"predecessor-version":[{"id":5015,"href":"https:\/\/bibliotekamoscisko.pl\/index.php?rest_route=\/wp\/v2\/posts\/5012\/revisions\/5015"}],"wp:attachment":[{"href":"https:\/\/bibliotekamoscisko.pl\/index.php?rest_route=%2Fwp%2Fv2%2Fmedia&parent=5012"}],"wp:term":[{"taxonomy":"category","embeddable":true,"href":"https:\/\/bibliotekamoscisko.pl\/index.php?rest_route=%2Fwp%2Fv2%2Fcategories&post=5012"},{"taxonomy":"post_tag","embeddable":true,"href":"https:\/\/bibliotekamoscisko.pl\/index.php?rest_route=%2Fwp%2Fv2%2Ftags&post=5012"}],"curies":[{"name":"wp","href":"https:\/\/api.w.org\/{rel}","templated":true}]}}