{"id":5016,"date":"2017-05-27T13:23:07","date_gmt":"2017-05-27T13:23:07","guid":{"rendered":"http:\/\/bibliotekamoscisko.pl\/?p=5016"},"modified":"2017-05-27T13:23:07","modified_gmt":"2017-05-27T13:23:07","slug":"noc-bibliotek-czytanie-porusza","status":"publish","type":"post","link":"https:\/\/bibliotekamoscisko.pl\/?p=5016","title":{"rendered":"Noc Bibliotek &#8211; Czytanie porusza!"},"content":{"rendered":"<h3>Ruszy\u0142y zapisy na Noc Bibliotek! Po raz kolejny zapraszamy dzieci w wieku 7 &#8211; 12 lat do udzia\u0142u we wsp\u00f3lnej zabawie. Mi\u0119dzy 19.00 a 22.00 czeka na Was sporo niespodzianek \ud83d\ude42<a href=\"http:\/\/bibliotekamoscisko.pl\/wp-content\/uploads\/2017\/05\/NB_LOGO_2017_z-data.jpg\"><img decoding=\"async\" class=\"aligncenter size-medium wp-image-5017\" src=\"http:\/\/bibliotekamoscisko.pl\/wp-content\/uploads\/2017\/05\/NB_LOGO_2017_z-data-300x136.jpg\" alt=\"NB_LOGO_2017_z data\" width=\"300\" height=\"136\" srcset=\"https:\/\/bibliotekamoscisko.pl\/wp-content\/uploads\/2017\/05\/NB_LOGO_2017_z-data-300x136.jpg 300w, https:\/\/bibliotekamoscisko.pl\/wp-content\/uploads\/2017\/05\/NB_LOGO_2017_z-data-2x1.jpg 2w, https:\/\/bibliotekamoscisko.pl\/wp-content\/uploads\/2017\/05\/NB_LOGO_2017_z-data.jpg 591w\" sizes=\"(max-width: 300px) 100vw, 300px\" \/><\/a><\/h3>\n<p><a href=\"http:\/\/bibliotekamoscisko.pl\/wp-content\/uploads\/2017\/05\/plakat-3.jpg\"><img fetchpriority=\"high\" decoding=\"async\" class=\"aligncenter size-full wp-image-5018\" src=\"http:\/\/bibliotekamoscisko.pl\/wp-content\/uploads\/2017\/05\/plakat-3.jpg\" alt=\"plakat\" width=\"488\" height=\"648\" srcset=\"https:\/\/bibliotekamoscisko.pl\/wp-content\/uploads\/2017\/05\/plakat-3.jpg 488w, https:\/\/bibliotekamoscisko.pl\/wp-content\/uploads\/2017\/05\/plakat-3-226x300.jpg 226w, https:\/\/bibliotekamoscisko.pl\/wp-content\/uploads\/2017\/05\/plakat-3-1x1.jpg 1w\" sizes=\"(max-width: 488px) 100vw, 488px\" \/><\/a><\/p>\n","protected":false},"excerpt":{"rendered":"<p>Ruszy\u0142y zapisy na Noc Bibliotek! Po raz kolejny zapraszamy dzieci w wieku 7 &#8211; 12 lat do udzia\u0142u we wsp\u00f3lnej zabawie. Mi\u0119dzy 19.00 a 22.00 czeka na Was sporo niespodzianek [&hellip;]<\/p>\n","protected":false},"author":1,"featured_media":0,"comment_status":"closed","ping_status":"open","sticky":false,"template":"","format":"standard","meta":{"ngg_post_thumbnail":0,"footnotes":""},"categories":[1],"tags":[],"class_list":["post-5016","post","type-post","status-publish","format-standard","hentry","category-uncategorized"],"_links":{"self":[{"href":"https:\/\/bibliotekamoscisko.pl\/index.php?rest_route=\/wp\/v2\/posts\/5016","targetHints":{"allow":["GET"]}}],"collection":[{"href":"https:\/\/bibliotekamoscisko.pl\/index.php?rest_route=\/wp\/v2\/posts"}],"about":[{"href":"https:\/\/bibliotekamoscisko.pl\/index.php?rest_route=\/wp\/v2\/types\/post"}],"author":[{"embeddable":true,"href":"https:\/\/bibliotekamoscisko.pl\/index.php?rest_route=\/wp\/v2\/users\/1"}],"replies":[{"embeddable":true,"href":"https:\/\/bibliotekamoscisko.pl\/index.php?rest_route=%2Fwp%2Fv2%2Fcomments&post=5016"}],"version-history":[{"count":1,"href":"https:\/\/bibliotekamoscisko.pl\/index.php?rest_route=\/wp\/v2\/posts\/5016\/revisions"}],"predecessor-version":[{"id":5019,"href":"https:\/\/bibliotekamoscisko.pl\/index.php?rest_route=\/wp\/v2\/posts\/5016\/revisions\/5019"}],"wp:attachment":[{"href":"https:\/\/bibliotekamoscisko.pl\/index.php?rest_route=%2Fwp%2Fv2%2Fmedia&parent=5016"}],"wp:term":[{"taxonomy":"category","embeddable":true,"href":"https:\/\/bibliotekamoscisko.pl\/index.php?rest_route=%2Fwp%2Fv2%2Fcategories&post=5016"},{"taxonomy":"post_tag","embeddable":true,"href":"https:\/\/bibliotekamoscisko.pl\/index.php?rest_route=%2Fwp%2Fv2%2Ftags&post=5016"}],"curies":[{"name":"wp","href":"https:\/\/api.w.org\/{rel}","templated":true}]}}