{"id":5105,"date":"2017-06-09T12:14:37","date_gmt":"2017-06-09T12:14:37","guid":{"rendered":"http:\/\/bibliotekamoscisko.pl\/?p=5105"},"modified":"2017-06-09T12:15:11","modified_gmt":"2017-06-09T12:15:11","slug":"z-ksiazka-na-walizkach-w-moscisku","status":"publish","type":"post","link":"https:\/\/bibliotekamoscisko.pl\/?p=5105","title":{"rendered":"Z ksi\u0105\u017ck\u0105 na walizkach w Mo\u015bcisku!"},"content":{"rendered":"<p style=\"text-align: center;\"><strong>B\u0142awatek Pogr\u0105\u017cony w \u017calu<\/strong><\/p>\n<h2 style=\"text-align: center;\">Spotkanie z <strong>Renat\u0105 Pi\u0105tkowsk\u0105<\/strong><\/h2>\n<h2 style=\"text-align: center;\">w ramach XIV Dolno\u015bl\u0105skich Spotka\u0144 Pisarzy z M\u0142odymi Czytelnikami \u201eZ ksi\u0105\u017ck\u0105 na walizkach\u201d<a href=\"http:\/\/bibliotekamoscisko.pl\/wp-content\/uploads\/2017\/06\/logowalizka.jpg\"><img decoding=\"async\" class=\"alignright size-thumbnail wp-image-5074\" src=\"http:\/\/bibliotekamoscisko.pl\/wp-content\/uploads\/2017\/06\/logowalizka-150x150.jpg\" alt=\"logowalizka\" width=\"150\" height=\"150\" srcset=\"https:\/\/bibliotekamoscisko.pl\/wp-content\/uploads\/2017\/06\/logowalizka-150x150.jpg 150w, https:\/\/bibliotekamoscisko.pl\/wp-content\/uploads\/2017\/06\/logowalizka-1x1.jpg 1w\" sizes=\"(max-width: 150px) 100vw, 150px\" \/><\/a><\/h2>\n<p style=\"text-align: right;\"><em>\u201eWe\u017amy nasze ksi\u0105\u017cki i pi\u00f3ra. To najpot\u0119\u017cniejsza bro\u0144. Jedno dziecko, jeden nauczyciel, jedna ksi\u0105\u017cka i jedno pi\u00f3ro mog\u0105 zmieni\u0107 \u015bwiat\u201d<\/em><\/p>\n<h5 style=\"text-align: right;\">Fragment przem\u00f3wienia Malali Yousafzai przed zgromadzeniem ONZ w 2013 roku<\/h5>\n<p>&nbsp;<\/p>\n<p style=\"text-align: justify;\">Czy prowadzenie bloga i podpisywanie go pseudonimem B\u0142awatek mo\u017ce by\u0107 niebezpieczne? Tak, je\u015bli kraj, w kt\u00f3rym \u017cyjemy jest miejscem, gdzie narodziny dziewczynki to pow\u00f3d do wstydu a umiej\u0119tno\u015b\u0107 czytania i pisania traktowana jest jako zb\u0119dny balast. Malala, czyli \u201epogr\u0105\u017cona w \u017calu\u201d postanowi\u0142a walczy\u0107 i zacz\u0119\u0142a opisywa\u0107 na swoim blogu \u017cycie w dolinie Swat pod rz\u0105dami talib\u00f3w. Nikt nie przypuszcza\u0142, \u017ce stanie si\u0119 celem ich ataku. Postrzelona w g\u0142ow\u0119 w szkolnym autobusie cudem unikn\u0119\u0142a \u015bmierci.<\/p>\n<p style=\"text-align: justify;\">9 czerwca w czytelni Biblioteki Publicznej Gminy Dzier\u017coni\u00f3w im. W\u0142adys\u0142awa Reymonta uczniowie z Zespo\u0142y Szkolno-Przedszkolnego w Mo\u015bcisku mogli niemal\u017ce dotkn\u0105\u0107 tej historii. <strong>Dzi\u0119ki Renacie Pi\u0105tkowskiej<\/strong> opowie\u015b\u0107 o Malali, pakista\u0144skiej dziewczynce, kt\u00f3ra odwa\u017cy\u0142a si\u0119 m\u00f3wi\u0107 g\u0142o\u015bno o swoich prawach i\u00a0 \u017c\u0105da\u0107 dost\u0119pu do nauki i wolno\u015bci, dotar\u0142a r\u00f3wnie\u017c do polskich czytelnik\u00f3w. Historia, jakby wyj\u0119ta z sensacyjnego filmu przyci\u0105gn\u0119\u0142a uwag\u0119 wszystkich uczestnik\u00f3w spotkania. Cisza i uwaga, z jak\u0105 wys\u0142uchali opowie\u015bci o ich r\u00f3wie\u015bniczce, kt\u00f3ra sta\u0142a si\u0119 symbolem odwagi i walki o prawa dzieci, \u015bwiadczy o wadze tematu. U\u015bwiadamia, \u017ce nasze losy wplecione w Histori\u0119, t\u0119 przez du\u017ce H, maj\u0105 swoja wag\u0119 i warto walczy\u0107 o \u015bwiat bez podzia\u0142\u00f3w.<\/p>\n<div id='gallery-1' class='gallery galleryid-5105 gallery-columns-3 gallery-size-thumbnail'><figure class='gallery-item'>\n\t\t\t<div class='gallery-icon landscape'>\n\t\t\t\t<a href='https:\/\/bibliotekamoscisko.pl\/?attachment_id=5107'><img decoding=\"async\" width=\"150\" height=\"150\" src=\"https:\/\/bibliotekamoscisko.pl\/wp-content\/uploads\/2017\/06\/DSC_0003-150x150.jpg\" class=\"attachment-thumbnail size-thumbnail\" alt=\"\" srcset=\"https:\/\/bibliotekamoscisko.pl\/wp-content\/uploads\/2017\/06\/DSC_0003-150x150.jpg 150w, https:\/\/bibliotekamoscisko.pl\/wp-content\/uploads\/2017\/06\/DSC_0003-1x1.jpg 1w\" sizes=\"(max-width: 150px) 100vw, 150px\" \/><\/a>\n\t\t\t<\/div><\/figure><figure class='gallery-item'>\n\t\t\t<div class='gallery-icon landscape'>\n\t\t\t\t<a href='https:\/\/bibliotekamoscisko.pl\/?attachment_id=5106'><img decoding=\"async\" width=\"150\" height=\"150\" src=\"https:\/\/bibliotekamoscisko.pl\/wp-content\/uploads\/2017\/06\/DSC_0001-150x150.jpg\" class=\"attachment-thumbnail size-thumbnail\" alt=\"\" srcset=\"https:\/\/bibliotekamoscisko.pl\/wp-content\/uploads\/2017\/06\/DSC_0001-150x150.jpg 150w, https:\/\/bibliotekamoscisko.pl\/wp-content\/uploads\/2017\/06\/DSC_0001-1x1.jpg 1w\" sizes=\"(max-width: 150px) 100vw, 150px\" \/><\/a>\n\t\t\t<\/div><\/figure><figure class='gallery-item'>\n\t\t\t<div class='gallery-icon landscape'>\n\t\t\t\t<a href='https:\/\/bibliotekamoscisko.pl\/?attachment_id=5110'><img loading=\"lazy\" decoding=\"async\" width=\"150\" height=\"150\" src=\"https:\/\/bibliotekamoscisko.pl\/wp-content\/uploads\/2017\/06\/DSC_0010-150x150.jpg\" class=\"attachment-thumbnail size-thumbnail\" alt=\"\" srcset=\"https:\/\/bibliotekamoscisko.pl\/wp-content\/uploads\/2017\/06\/DSC_0010-150x150.jpg 150w, https:\/\/bibliotekamoscisko.pl\/wp-content\/uploads\/2017\/06\/DSC_0010-1x1.jpg 1w\" sizes=\"(max-width: 150px) 100vw, 150px\" \/><\/a>\n\t\t\t<\/div><\/figure><figure class='gallery-item'>\n\t\t\t<div class='gallery-icon landscape'>\n\t\t\t\t<a href='https:\/\/bibliotekamoscisko.pl\/?attachment_id=5111'><img loading=\"lazy\" decoding=\"async\" width=\"150\" height=\"150\" src=\"https:\/\/bibliotekamoscisko.pl\/wp-content\/uploads\/2017\/06\/DSC_0015-150x150.jpg\" class=\"attachment-thumbnail size-thumbnail\" alt=\"\" srcset=\"https:\/\/bibliotekamoscisko.pl\/wp-content\/uploads\/2017\/06\/DSC_0015-150x150.jpg 150w, https:\/\/bibliotekamoscisko.pl\/wp-content\/uploads\/2017\/06\/DSC_0015-1x1.jpg 1w\" sizes=\"(max-width: 150px) 100vw, 150px\" \/><\/a>\n\t\t\t<\/div><\/figure><figure class='gallery-item'>\n\t\t\t<div class='gallery-icon landscape'>\n\t\t\t\t<a href='https:\/\/bibliotekamoscisko.pl\/?attachment_id=5112'><img loading=\"lazy\" decoding=\"async\" width=\"150\" height=\"150\" src=\"https:\/\/bibliotekamoscisko.pl\/wp-content\/uploads\/2017\/06\/DSC_0020-150x150.jpg\" class=\"attachment-thumbnail size-thumbnail\" alt=\"\" srcset=\"https:\/\/bibliotekamoscisko.pl\/wp-content\/uploads\/2017\/06\/DSC_0020-150x150.jpg 150w, https:\/\/bibliotekamoscisko.pl\/wp-content\/uploads\/2017\/06\/DSC_0020-1x1.jpg 1w\" sizes=\"(max-width: 150px) 100vw, 150px\" \/><\/a>\n\t\t\t<\/div><\/figure><figure class='gallery-item'>\n\t\t\t<div class='gallery-icon landscape'>\n\t\t\t\t<a href='https:\/\/bibliotekamoscisko.pl\/?attachment_id=5113'><img loading=\"lazy\" decoding=\"async\" width=\"150\" height=\"150\" src=\"https:\/\/bibliotekamoscisko.pl\/wp-content\/uploads\/2017\/06\/DSC_0022-150x150.jpg\" class=\"attachment-thumbnail size-thumbnail\" alt=\"\" srcset=\"https:\/\/bibliotekamoscisko.pl\/wp-content\/uploads\/2017\/06\/DSC_0022-150x150.jpg 150w, https:\/\/bibliotekamoscisko.pl\/wp-content\/uploads\/2017\/06\/DSC_0022-1x1.jpg 1w\" sizes=\"(max-width: 150px) 100vw, 150px\" \/><\/a>\n\t\t\t<\/div><\/figure><figure class='gallery-item'>\n\t\t\t<div class='gallery-icon landscape'>\n\t\t\t\t<a href='https:\/\/bibliotekamoscisko.pl\/?attachment_id=5114'><img loading=\"lazy\" decoding=\"async\" width=\"150\" height=\"150\" src=\"https:\/\/bibliotekamoscisko.pl\/wp-content\/uploads\/2017\/06\/DSC_0023-150x150.jpg\" class=\"attachment-thumbnail size-thumbnail\" alt=\"\" srcset=\"https:\/\/bibliotekamoscisko.pl\/wp-content\/uploads\/2017\/06\/DSC_0023-150x150.jpg 150w, https:\/\/bibliotekamoscisko.pl\/wp-content\/uploads\/2017\/06\/DSC_0023-1x1.jpg 1w\" sizes=\"(max-width: 150px) 100vw, 150px\" \/><\/a>\n\t\t\t<\/div><\/figure><figure class='gallery-item'>\n\t\t\t<div class='gallery-icon landscape'>\n\t\t\t\t<a href='https:\/\/bibliotekamoscisko.pl\/?attachment_id=5115'><img loading=\"lazy\" decoding=\"async\" width=\"150\" height=\"150\" src=\"https:\/\/bibliotekamoscisko.pl\/wp-content\/uploads\/2017\/06\/DSC_0028-150x150.jpg\" class=\"attachment-thumbnail size-thumbnail\" alt=\"\" srcset=\"https:\/\/bibliotekamoscisko.pl\/wp-content\/uploads\/2017\/06\/DSC_0028-150x150.jpg 150w, https:\/\/bibliotekamoscisko.pl\/wp-content\/uploads\/2017\/06\/DSC_0028-1x1.jpg 1w\" sizes=\"(max-width: 150px) 100vw, 150px\" \/><\/a>\n\t\t\t<\/div><\/figure><figure class='gallery-item'>\n\t\t\t<div class='gallery-icon landscape'>\n\t\t\t\t<a href='https:\/\/bibliotekamoscisko.pl\/?attachment_id=5116'><img loading=\"lazy\" decoding=\"async\" width=\"150\" height=\"150\" src=\"https:\/\/bibliotekamoscisko.pl\/wp-content\/uploads\/2017\/06\/DSC_0031-150x150.jpg\" class=\"attachment-thumbnail size-thumbnail\" alt=\"\" srcset=\"https:\/\/bibliotekamoscisko.pl\/wp-content\/uploads\/2017\/06\/DSC_0031-150x150.jpg 150w, https:\/\/bibliotekamoscisko.pl\/wp-content\/uploads\/2017\/06\/DSC_0031-1x1.jpg 1w\" sizes=\"(max-width: 150px) 100vw, 150px\" \/><\/a>\n\t\t\t<\/div><\/figure><figure class='gallery-item'>\n\t\t\t<div class='gallery-icon landscape'>\n\t\t\t\t<a href='https:\/\/bibliotekamoscisko.pl\/?attachment_id=5117'><img loading=\"lazy\" decoding=\"async\" width=\"150\" height=\"150\" src=\"https:\/\/bibliotekamoscisko.pl\/wp-content\/uploads\/2017\/06\/DSC_0034-150x150.jpg\" class=\"attachment-thumbnail size-thumbnail\" alt=\"\" srcset=\"https:\/\/bibliotekamoscisko.pl\/wp-content\/uploads\/2017\/06\/DSC_0034-150x150.jpg 150w, https:\/\/bibliotekamoscisko.pl\/wp-content\/uploads\/2017\/06\/DSC_0034-1x1.jpg 1w\" sizes=\"(max-width: 150px) 100vw, 150px\" \/><\/a>\n\t\t\t<\/div><\/figure><figure class='gallery-item'>\n\t\t\t<div class='gallery-icon landscape'>\n\t\t\t\t<a href='https:\/\/bibliotekamoscisko.pl\/?attachment_id=5118'><img loading=\"lazy\" decoding=\"async\" width=\"150\" height=\"150\" src=\"https:\/\/bibliotekamoscisko.pl\/wp-content\/uploads\/2017\/06\/DSC_0037-150x150.jpg\" class=\"attachment-thumbnail size-thumbnail\" alt=\"\" srcset=\"https:\/\/bibliotekamoscisko.pl\/wp-content\/uploads\/2017\/06\/DSC_0037-150x150.jpg 150w, https:\/\/bibliotekamoscisko.pl\/wp-content\/uploads\/2017\/06\/DSC_0037-1x1.jpg 1w\" sizes=\"(max-width: 150px) 100vw, 150px\" \/><\/a>\n\t\t\t<\/div><\/figure><figure class='gallery-item'>\n\t\t\t<div class='gallery-icon landscape'>\n\t\t\t\t<a href='https:\/\/bibliotekamoscisko.pl\/?attachment_id=5108'><img loading=\"lazy\" decoding=\"async\" width=\"150\" height=\"150\" src=\"https:\/\/bibliotekamoscisko.pl\/wp-content\/uploads\/2017\/06\/DSC_0005-150x150.jpg\" class=\"attachment-thumbnail size-thumbnail\" alt=\"\" srcset=\"https:\/\/bibliotekamoscisko.pl\/wp-content\/uploads\/2017\/06\/DSC_0005-150x150.jpg 150w, https:\/\/bibliotekamoscisko.pl\/wp-content\/uploads\/2017\/06\/DSC_0005-1x1.jpg 1w\" sizes=\"(max-width: 150px) 100vw, 150px\" \/><\/a>\n\t\t\t<\/div><\/figure><figure class='gallery-item'>\n\t\t\t<div class='gallery-icon landscape'>\n\t\t\t\t<a href='https:\/\/bibliotekamoscisko.pl\/?attachment_id=5109'><img loading=\"lazy\" decoding=\"async\" width=\"150\" height=\"150\" src=\"https:\/\/bibliotekamoscisko.pl\/wp-content\/uploads\/2017\/06\/DSC_0006-150x150.jpg\" class=\"attachment-thumbnail size-thumbnail\" alt=\"\" srcset=\"https:\/\/bibliotekamoscisko.pl\/wp-content\/uploads\/2017\/06\/DSC_0006-150x150.jpg 150w, https:\/\/bibliotekamoscisko.pl\/wp-content\/uploads\/2017\/06\/DSC_0006-1x1.jpg 1w\" sizes=\"(max-width: 150px) 100vw, 150px\" \/><\/a>\n\t\t\t<\/div><\/figure>\n\t\t<\/div>\n\n<p style=\"text-align: justify;\">Wizyta pisarki by\u0142a te\u017c wa\u017cnym momentem dla os\u00f3b, kt\u00f3re wzi\u0119\u0142y udzia\u0142 w konkursie plastyczno-literackim, zorganizowanym w ramach XIV Dolno\u015bl\u0105skich Spotka\u0144 Pisarzy z M\u0142odymi Czytelnikami \u201eZ ksi\u0105\u017cka na walizkach\u201d. Do fina\u0142u zakwalifikowano 2 z przedstawionych pisarce prac autorstwa Marty Wi\u015bniewskiej i Karola Wsz\u00f3\u0142. Gratulujemy!<\/p>\n<p style=\"text-align: justify;\">D.W.<\/p>\n<p style=\"text-align: justify;\"><a href=\"http:\/\/bibliotekamoscisko.pl\/wp-content\/uploads\/2017\/05\/plakat-walizki-XIV-dla-bibliotek.jpg\"><img loading=\"lazy\" decoding=\"async\" class=\"aligncenter wp-image-4967 size-medium\" src=\"http:\/\/bibliotekamoscisko.pl\/wp-content\/uploads\/2017\/05\/plakat-walizki-XIV-dla-bibliotek-210x300.jpg\" alt=\"plakat walizki XIV - dla bibliotek\" width=\"210\" height=\"300\" srcset=\"https:\/\/bibliotekamoscisko.pl\/wp-content\/uploads\/2017\/05\/plakat-walizki-XIV-dla-bibliotek-210x300.jpg 210w, https:\/\/bibliotekamoscisko.pl\/wp-content\/uploads\/2017\/05\/plakat-walizki-XIV-dla-bibliotek-768x1097.jpg 768w, https:\/\/bibliotekamoscisko.pl\/wp-content\/uploads\/2017\/05\/plakat-walizki-XIV-dla-bibliotek-717x1024.jpg 717w, https:\/\/bibliotekamoscisko.pl\/wp-content\/uploads\/2017\/05\/plakat-walizki-XIV-dla-bibliotek-1x1.jpg 1w\" sizes=\"(max-width: 210px) 100vw, 210px\" \/><\/a><\/p>\n<audio class=\"wp-audio-shortcode\" id=\"audio-5105-1\" preload=\"none\" style=\"width: 100%;\" controls=\"controls\"><source type=\"audio\/mpeg\" src=\"http:\/\/bibliotekamoscisko.pl\/wp-content\/uploads\/2017\/06\/KSIAZKI_CZYTAMY-2.mp3?_=1\" \/><a href=\"http:\/\/bibliotekamoscisko.pl\/wp-content\/uploads\/2017\/06\/KSIAZKI_CZYTAMY-2.mp3\">http:\/\/bibliotekamoscisko.pl\/wp-content\/uploads\/2017\/06\/KSIAZKI_CZYTAMY-2.mp3<\/a><\/audio>\n<p>(s\u0142owa: Wanda Chotomska, Jerzy Kumiega, Iwona Podlasi\u0144ska) w aran\u017cacji przygotowanej przez Miejsk\u0105 i Gminn\u0105 Bibliotek\u0119 Publiczn\u0105 w Wo\u0142owie, gospodarza i organizatora tegorocznego Wielkiego Fina\u0142u projektu &#8222;Z ksi\u0105\u017ck\u0105 na walizkach&#8221;.<\/p>\n<h5 style=\"text-align: justify;\">Renata Pi\u0105tkowska, autorka ponad 30 ksi\u0105\u017cek dla dzieci i m\u0142odzie\u017cy, uko\u0144czy\u0142a socjologi\u0119 na Uniwersytecie Jagiello\u0144skim. Jej ksi\u0105\u017cka\u00a0<em>Wieloryb<\/em>\u00a0otrzyma\u0142a Nagrod\u0119 Literack\u0105 im. Kornela Makuszy\u0144skiego<em>,\u00a0Na wszystko jest spos\u00f3b\u00a0<\/em>II nagrod\u0119 w konkursie im. Astrid Lindgren, a\u00a0<em>Wszystkie moje mamy<\/em>\u00a0 I nagrod\u0119 w konkursie Przecinek i Kropka.\u00a0 Trzy z jej ksi\u0105\u017cek zosta\u0142y wpisane na Z\u0142ot\u0105 List\u0119 Fundacji ABC XXI Ca\u0142a Polska Czyta Dzieciom. Za ca\u0142okszta\u0142t tw\u00f3rczo\u015bci pisarka otrzyma\u0142a Nagrod\u0119 im. Marii Weryho-Radziwi\u0142\u0142owicz.<\/h5>\n<p style=\"text-align: center;\"><strong>Projekt dofinansowano ze \u015brodk\u00f3w Ministra Kultury i Dziedzictwa Narodowego oraz Samorz\u0105d\u00f3w Wojew\u00f3dztwa Dolno\u015bl\u0105skiego, Gminy Wo\u0142\u00f3w i Powiatu Wo\u0142owskiego.<\/strong><\/p>\n<p>D.W.<\/p>\n<p>&nbsp;<\/p>\n<p>&nbsp;<\/p>\n","protected":false},"excerpt":{"rendered":"<p>B\u0142awatek Pogr\u0105\u017cony w \u017calu Spotkanie z Renat\u0105 Pi\u0105tkowsk\u0105 w ramach XIV Dolno\u015bl\u0105skich Spotka\u0144 Pisarzy z M\u0142odymi Czytelnikami \u201eZ ksi\u0105\u017ck\u0105 na walizkach\u201d \u201eWe\u017amy nasze ksi\u0105\u017cki i pi\u00f3ra. To najpot\u0119\u017cniejsza bro\u0144. Jedno [&hellip;]<\/p>\n","protected":false},"author":1,"featured_media":0,"comment_status":"closed","ping_status":"open","sticky":false,"template":"","format":"standard","meta":{"ngg_post_thumbnail":0,"footnotes":""},"categories":[1],"tags":[],"class_list":["post-5105","post","type-post","status-publish","format-standard","hentry","category-uncategorized"],"_links":{"self":[{"href":"https:\/\/bibliotekamoscisko.pl\/index.php?rest_route=\/wp\/v2\/posts\/5105","targetHints":{"allow":["GET"]}}],"collection":[{"href":"https:\/\/bibliotekamoscisko.pl\/index.php?rest_route=\/wp\/v2\/posts"}],"about":[{"href":"https:\/\/bibliotekamoscisko.pl\/index.php?rest_route=\/wp\/v2\/types\/post"}],"author":[{"embeddable":true,"href":"https:\/\/bibliotekamoscisko.pl\/index.php?rest_route=\/wp\/v2\/users\/1"}],"replies":[{"embeddable":true,"href":"https:\/\/bibliotekamoscisko.pl\/index.php?rest_route=%2Fwp%2Fv2%2Fcomments&post=5105"}],"version-history":[{"count":2,"href":"https:\/\/bibliotekamoscisko.pl\/index.php?rest_route=\/wp\/v2\/posts\/5105\/revisions"}],"predecessor-version":[{"id":5121,"href":"https:\/\/bibliotekamoscisko.pl\/index.php?rest_route=\/wp\/v2\/posts\/5105\/revisions\/5121"}],"wp:attachment":[{"href":"https:\/\/bibliotekamoscisko.pl\/index.php?rest_route=%2Fwp%2Fv2%2Fmedia&parent=5105"}],"wp:term":[{"taxonomy":"category","embeddable":true,"href":"https:\/\/bibliotekamoscisko.pl\/index.php?rest_route=%2Fwp%2Fv2%2Fcategories&post=5105"},{"taxonomy":"post_tag","embeddable":true,"href":"https:\/\/bibliotekamoscisko.pl\/index.php?rest_route=%2Fwp%2Fv2%2Ftags&post=5105"}],"curies":[{"name":"wp","href":"https:\/\/api.w.org\/{rel}","templated":true}]}}